{"id":31866,"date":"2025-10-26T20:52:11","date_gmt":"2025-10-26T20:52:11","guid":{"rendered":"https:\/\/www.europesays.com\/lv\/31866\/"},"modified":"2025-10-26T20:52:11","modified_gmt":"2025-10-26T20:52:11","slug":"metta-noliek-uz-lapstinam-audu-futbols-sportacentrs-com","status":"publish","type":"post","link":"https:\/\/www.europesays.com\/lv\/31866\/","title":{"rendered":"\u201eMetta\u201c noliek uz l\u0101psti\u0146\u0101m \u201eAudu\u201c \u2013 Futbols \u2013 Sportacentrs.com"},"content":{"rendered":"<p>    Video: \u201eMetta\u201c noliek uz l\u0101psti\u0146\u0101m \u201eAudu\u201c \u2013 Futbols \u2013 Sportacentrs.com<\/p>\n<p>\n            Layout: current: getContentLayout (Cid: Cache\\Templating\\LayoutCustomizations\\Esports\\CustomizationSource512 ), alternative: getContentLayout (Cid: Cache\\Templating\\LayoutCustomizations\\Esports\\CustomizationSource512), Fid:115, Did:0, useCase: 3\n<\/p>\n<p>                <a href=\"https:\/\/sportacentrs.com\/\" name=\"top\" class=\"m-2 d-inline-flex align-items-center\" rel=\"nofollow noopener\" target=\"_blank\"><br \/>\n                    <img decoding=\"async\" src=\"https:\/\/www.europesays.com\/lv\/wp-content\/uploads\/2025\/09\/sportacentrs_logo_84x45.png\" alt=\"sportacentrs.com\"\/><br \/>\n                <\/a><\/p>\n<p>\n                    Aktu\u0101li\n                <\/p>\n<p>\n                    Sporta veidi\n                <\/p>\n<p>\n                    Inform\u0101cija\n                <\/p>\n<p>\n                    Raid\u012bjumi\n                <\/p>\n<p>\n                    Da\u017e\u0101di\n                <\/p>\n<p>                                    <img decoding=\"async\" src=\"https:\/\/www.europesays.com\/lv\/wp-content\/uploads\/2025\/09\/large-avatar-ugis_rode.jpg\" class=\"figure-img img-fluid rounded\" alt=\"U\u0123is Rode\"\/><\/p>\n<p>\n                Uzvaru piecu v\u0101rtu sp\u0113l\u0113 ar p\u0113d\u0113jo uzbrukumu ma\u010d\u0101 izcin\u012bju\u0161i \u201eFK Metta\u201c futbolisti, kas sav\u0101 laukum\u0101 ar 3:2 p\u0101rsp\u0113ja \u201eFK Auda\u201c. \u0160\u012b uzvara m\u0101jiniekiem saglab\u0101 izredzes izk\u0101rp\u012bties no p\u0113d\u0113j\u0101s vietas Virsl\u012bg\u0101.\n            <\/p>\n<p>    <a href=\"https:\/\/www.facebook.com\/sharer.php?u=https%3A%2F%2Fsportacentrs.com%2Ffutbols%2Fvirsliga%2F26102025-metta_noliek_uz_lapstinam_audu\" data-share=\"1\" class=\"nav-item nav-link text-center share facebook\" rel=\"nofollow noopener\" target=\"_blank\"><\/a><br \/>\n    <a href=\"https:\/\/twitter.com\/share?url=https%3A%2F%2Fsportacentrs.com%2Ffutbols%2Fvirsliga%2F26102025-metta_noliek_uz_lapstinam_audu\" data-share=\"1\" class=\"nav-item nav-link text-center twitter\" target=\"_blank\" rel=\"nofollow noopener\"><\/a><br \/>\n    <a href=\"https:\/\/www.draugiem.lv\/say\/ext\/add.php?url=https%3A%2F%2Fsportacentrs.com%2Ffutbols%2Fvirsliga%2F26102025-metta_noliek_uz_lapstinam_audu&amp;title=Video%3A%20%E2%80%9EMetta%E2%80%9C%20noliek%20uz%20l%C4%81psti%C5%86%C4%81m%20%E2%80%9EAudu%E2%80%9C\" data-share=\"1\" class=\"nav-item nav-link text-center draugiem\" target=\"_blank\" rel=\"nofollow noopener\"><\/a><\/p>\n<p><img loading=\"lazy\" decoding=\"async\" src=\"https:\/\/www.europesays.com\/lv\/wp-content\/uploads\/2025\/10\/1761511931_508_seg\" width=\"1\" height=\"1\" alt=\"\"\/><\/p>\n<p><script async src=\"https:\/\/platform.twitter.com\/widgets.js\" charset=\"utf-8\"><\/script><\/p>\n","protected":false},"excerpt":{"rendered":"Video: \u201eMetta\u201c noliek uz l\u0101psti\u0146\u0101m \u201eAudu\u201c \u2013 Futbols \u2013 Sportacentrs.com Layout: current: getContentLayout (Cid: Cache\\Templating\\LayoutCustomizations\\Esports\\CustomizationSource512 ), alternative: getContentLayout&hellip;\n","protected":false},"author":2,"featured_media":31867,"comment_status":"","ping_status":"","sticky":false,"template":"","format":"standard","meta":{"footnotes":""},"categories":[17],"tags":[676,35,39,38,36,37,34,40,67],"class_list":{"0":"post-31866","1":"post","2":"type-post","3":"status-publish","4":"format-standard","5":"has-post-thumbnail","7":"category-sports","8":"tag-futbols","9":"tag-latvia","10":"tag-latvian","11":"tag-latviesu","12":"tag-latviesu-valoda","13":"tag-latviesuvaloda","14":"tag-latvija","15":"tag-lv","16":"tag-sports"},"share_on_mastodon":{"url":"https:\/\/pubeurope.com\/@lv\/115442453317517925","error":""},"_links":{"self":[{"href":"https:\/\/www.europesays.com\/lv\/wp-json\/wp\/v2\/posts\/31866","targetHints":{"allow":["GET"]}}],"collection":[{"href":"https:\/\/www.europesays.com\/lv\/wp-json\/wp\/v2\/posts"}],"about":[{"href":"https:\/\/www.europesays.com\/lv\/wp-json\/wp\/v2\/types\/post"}],"author":[{"embeddable":true,"href":"https:\/\/www.europesays.com\/lv\/wp-json\/wp\/v2\/users\/2"}],"replies":[{"embeddable":true,"href":"https:\/\/www.europesays.com\/lv\/wp-json\/wp\/v2\/comments?post=31866"}],"version-history":[{"count":0,"href":"https:\/\/www.europesays.com\/lv\/wp-json\/wp\/v2\/posts\/31866\/revisions"}],"wp:featuredmedia":[{"embeddable":true,"href":"https:\/\/www.europesays.com\/lv\/wp-json\/wp\/v2\/media\/31867"}],"wp:attachment":[{"href":"https:\/\/www.europesays.com\/lv\/wp-json\/wp\/v2\/media?parent=31866"}],"wp:term":[{"taxonomy":"category","embeddable":true,"href":"https:\/\/www.europesays.com\/lv\/wp-json\/wp\/v2\/categories?post=31866"},{"taxonomy":"post_tag","embeddable":true,"href":"https:\/\/www.europesays.com\/lv\/wp-json\/wp\/v2\/tags?post=31866"}],"curies":[{"name":"wp","href":"https:\/\/api.w.org\/{rel}","templated":true}]}}