{"id":31871,"date":"2025-10-26T20:57:07","date_gmt":"2025-10-26T20:57:07","guid":{"rendered":"https:\/\/www.europesays.com\/lv\/31871\/"},"modified":"2025-10-26T20:57:07","modified_gmt":"2025-10-26T20:57:07","slug":"andris-erglis-aicina-apstaties-un-novertet-mirkli-ar-jauno-dziesmu-solijums-lente-lv","status":"publish","type":"post","link":"https:\/\/www.europesays.com\/lv\/31871\/","title":{"rendered":"Andris \u0112rglis aicina apst\u0101ties un nov\u0113rt\u0113t mirkli ar jauno dziesmu \u00abSol\u012bjums\u00bb\u00a0\u2014\u00a0Lente.lv"},"content":{"rendered":"<p>Andra \u0112rg\u013ca jaun\u0101 dziesma \u00abSol\u012bjums\u00bb aicina apst\u0101ties un nov\u0113rt\u0113t mirkli<\/p>\n<p>M\u016bzi\u0137is Andris \u0112rglis turpina iepaz\u012bstin\u0101t klaus\u012bt\u0101jus ar sav\u0101m jaun\u0101kaj\u0101m muzik\u0101laj\u0101m iecer\u0113m, izlai\u017eot dziesmu \u00abSol\u012bjums\u00bb. \u0160is liriskais un dzi\u013ci personiskais ska\u0146darbs ir k\u0101 priek\u0161v\u0113stnesis vi\u0146a ruden\u012b gaid\u0101majam studijas albumam \u00abSt\u0101sts\u00bb, kas pl\u0101nots oktobra beig\u0101s. \u00abSol\u012bjums\u00bb kalpos ne tikai k\u0101 emocion\u0101ls ievads jaunajai dziesmu kr\u0101jumu, bet ar\u012b k\u0101 sirds silts priek\u0161v\u0113stnesis gaid\u0101majiem albuma prezent\u0101cijas koncertiem, radot pat\u012bkamu gaid\u012b\u0161anas saj\u016btu.<\/p>\n<p>Dziesmas b\u016bt\u012bba un v\u0113st\u012bjums<\/p>\n<p>\u00abSol\u012bjums\u00bb ir ietur\u0113ta liriskas popm\u016bzikas stil\u0101, un t\u0101s melodija ir k\u0101 aicin\u0101jums apst\u0101ties un patiesi nov\u0113rt\u0113t dz\u012bves mirk\u013ca noz\u012bm\u012bgumu nep\u0101rtrauktaj\u0101 laika pl\u016bdum\u0101. Dziesmas galvenais v\u0113st\u012bjums, kas \u012bpa\u0161i izce\u013cas piedzied\u0101jum\u0101, v\u0113sta: \u00abTev pieder tikai \u0161is br\u012bdis, pat nepaman\u012bsi k\u0101 main\u012bjies gads\u00bb. \u0160ie v\u0101rdi ir k\u0101 univers\u0101ls atg\u0101din\u0101jums ikvienam no mums \u2013 cilv\u0113kam steig\u0101 un ikdienas r\u016bp\u0113s bie\u017ei vien piemirst par saviem senajiem, b\u0113rn\u012bbas sol\u012bjumiem \u2013 dz\u012bvot patiesi, m\u012bl\u0113t un priec\u0101ties. Dziesmas ideja aizs\u0101k\u0101s no pa\u0161a Andra \u0112rg\u013ca rad\u012bt\u0101s melodijas, ko v\u0101rdisk\u0101 form\u0101 iet\u0113rpa talant\u012bgais m\u016bzi\u0137is un tekstu autors M\u0101rti\u0146\u0161 Kanters, radot tekstus, kas skar dv\u0113seli un liek aizdom\u0101ties par dz\u012bves v\u0113rt\u012bb\u0101m. Andris pats par dziesmas tap\u0161anu st\u0101sta: \u00abKad rad\u012bju melodiju \u0161ai dziesmai, man\u012b k\u0101du laiku jau dz\u012bvoja domas par dz\u012bvi, t\u0101s strauju rit\u0113jumu &#8211; dz\u012bve ir glu\u017ei k\u0101 strauts, kur\u0161 nekad nebeidzas un ir kust\u012bb\u0101.\u00bb Vi\u0146\u0161 piebilst, ka M\u0101rti\u0146\u0161 \u00abmelodiju iet\u0113rpa v\u0101rdos, kas uzrun\u0101 \u013coti personiski.\u00bb \u0160is ska\u0146darbs ir k\u0101 muzik\u0101ls gl\u0101sts un aicin\u0101jums ikvienam apst\u0101ties, atskat\u012bties un nov\u0113rt\u0113t mirkli, jo tie\u0161i no \u0161iem mirk\u013ciem veidojas visa m\u016bsu dz\u012bve. T\u0101 ir k\u0101 muzik\u0101ls atskats uz b\u0113rn\u012bbas sap\u0146iem un pieaugu\u0161\u0101 cilv\u0113ka atzi\u0146u, ka dz\u012bves steig\u0101 un skr\u0113jien\u0101 galvenais ir un paliek m\u012blest\u012bba.<\/p>\n<p>Muzik\u0101lais noform\u0113jums un rado\u0161\u0101 komanda<\/p>\n<p>Muzik\u0101li dziesma ir izpild\u012bta liriskas popdziesmas stilistik\u0101, radot p\u0101rdom\u0101m iedvesmojo\u0161u noska\u0146u. \u0160o atmosf\u0113ru studij\u0101 pal\u012bdz\u0113jis rad\u012bt producents J\u0101nis \u010cubars, bet dziesmas miks\u0113\u0161anu un master\u0113\u0161anu veidojis J\u0101nis Kalve. \u00abSol\u012bjums\u00bb organiski papildin\u0101s Andra klaus\u012bt\u0101ju atska\u0146o\u0161anas sarakstus, \u012bpa\u0161i tiem, kuriem pat\u012bk aizdom\u0101ties par savu dz\u012bves g\u0101jumu. Jaunais albums \u00abSt\u0101sts\u00bb gaid\u0101ms oktobra beig\u0101s un sol\u0101s b\u016bt emocion\u0101ls un dzi\u013c\u0161 ce\u013cojums klaus\u012bt\u0101ja dv\u0113sel\u0113, kur\u0101 labi paz\u012bstamas melodijas m\u012bsies ar pavisam jauniem ska\u0146darbiem.<\/p>\n<blockquote>\n<p>\u00abKad rad\u012bju melodiju \u0161ai dziesmai, man\u012b k\u0101du laiku jau dz\u012bvoja domas par dz\u012bvi, t\u0101s strauju rit\u0113jumu &#8211; dz\u012bve ir glu\u017ei k\u0101 strauts, kur\u0161 nekad nebeidzas un ir kust\u012bb\u0101.\u00bb<\/p>\n<p>Andris \u0112rglis<\/p><\/blockquote>\n","protected":false},"excerpt":{"rendered":"Andra \u0112rg\u013ca jaun\u0101 dziesma \u00abSol\u012bjums\u00bb aicina apst\u0101ties un nov\u0113rt\u0113t mirkli M\u016bzi\u0137is Andris \u0112rglis turpina iepaz\u012bstin\u0101t klaus\u012bt\u0101jus ar sav\u0101m&hellip;\n","protected":false},"author":2,"featured_media":31872,"comment_status":"","ping_status":"","sticky":false,"template":"","format":"standard","meta":{"footnotes":""},"categories":[19],"tags":[1013,89,90,2043,35,39,38,194,36,37,34,40,2041,2042],"class_list":{"0":"post-31871","1":"post","2":"type-post","3":"status-publish","4":"format-standard","5":"has-post-thumbnail","7":"category-izklaide","8":"tag-andris-erglis","9":"tag-entertainment","10":"tag-izklaide","11":"tag-jauna-dziesma","12":"tag-latvia","13":"tag-latvian","14":"tag-latviesu","15":"tag-latviesu-muzika","16":"tag-latviesu-valoda","17":"tag-latviesuvaloda","18":"tag-latvija","19":"tag-lv","20":"tag-solijums","21":"tag-stasts"},"share_on_mastodon":{"url":"https:\/\/pubeurope.com\/@lv\/115442472958638922","error":""},"_links":{"self":[{"href":"https:\/\/www.europesays.com\/lv\/wp-json\/wp\/v2\/posts\/31871","targetHints":{"allow":["GET"]}}],"collection":[{"href":"https:\/\/www.europesays.com\/lv\/wp-json\/wp\/v2\/posts"}],"about":[{"href":"https:\/\/www.europesays.com\/lv\/wp-json\/wp\/v2\/types\/post"}],"author":[{"embeddable":true,"href":"https:\/\/www.europesays.com\/lv\/wp-json\/wp\/v2\/users\/2"}],"replies":[{"embeddable":true,"href":"https:\/\/www.europesays.com\/lv\/wp-json\/wp\/v2\/comments?post=31871"}],"version-history":[{"count":0,"href":"https:\/\/www.europesays.com\/lv\/wp-json\/wp\/v2\/posts\/31871\/revisions"}],"wp:featuredmedia":[{"embeddable":true,"href":"https:\/\/www.europesays.com\/lv\/wp-json\/wp\/v2\/media\/31872"}],"wp:attachment":[{"href":"https:\/\/www.europesays.com\/lv\/wp-json\/wp\/v2\/media?parent=31871"}],"wp:term":[{"taxonomy":"category","embeddable":true,"href":"https:\/\/www.europesays.com\/lv\/wp-json\/wp\/v2\/categories?post=31871"},{"taxonomy":"post_tag","embeddable":true,"href":"https:\/\/www.europesays.com\/lv\/wp-json\/wp\/v2\/tags?post=31871"}],"curies":[{"name":"wp","href":"https:\/\/api.w.org\/{rel}","templated":true}]}}