{"id":31875,"date":"2025-10-26T20:59:12","date_gmt":"2025-10-26T20:59:12","guid":{"rendered":"https:\/\/www.europesays.com\/lv\/31875\/"},"modified":"2025-10-26T20:59:12","modified_gmt":"2025-10-26T20:59:12","slug":"mi-vilnis-izraisa-zalo-drudzi-musu-regiona-atjaunigas-energetikas-projekti-atkal-piesaista-arvalstu-investorus-dienas-bizness","status":"publish","type":"post","link":"https:\/\/www.europesays.com\/lv\/31875\/","title":{"rendered":"MI vilnis izraisa za\u013co drudzi \u2013 m\u016bsu re\u0123iona atjaun\u012bg\u0101s ener\u0123\u0113tikas projekti atkal piesaista \u0101rvalstu investorus :: Dienas Bizness"},"content":{"rendered":"<p class=\"text-font font-size--text-xlarge margin-3--bottom font-weight--bold padding-1--top\">\u0160\u0101 gada otraj\u0101 pus\u0113 Baltijas valstu un Polijas atjaun\u012bg\u0101s ener\u0123\u0113tikas tirg\u016b redzama nep\u0101rprotama atdz\u012bvo\u0161an\u0101s, saka ieguld\u012bjumu sabiedr\u012bbas \u201cAtsinaujinan\u010dios energetikos investicijos\u201d (AEI), kas pa\u0161laik pied\u0101v\u0101 oblig\u0101cijas ar 8,5 % ienes\u012bgumu gad\u0101, p\u0101rvald\u012bt\u0101js Mants Auru\u0161kevi\u010ds (Mantas Auru\u0161kevi\u010dius). P\u0113c da\u017eiem klus\u0101kiem gadiem re\u0123ion\u0101 atgrie\u017eas \u0101rvalstu investori, mekl\u0113jot gan jau str\u0101d\u0101jo\u0161us, gan izstr\u0101des stadij\u0101 eso\u0161us za\u013c\u0101s ener\u0123\u0113tikas projektus.<\/p>\n<p class=\"text-font font-size--text-xlarge margin-3--bottom\">P\u0113c eksperta teikt\u0101, \u0161o atg\u016b\u0161anos nosaka Baltijas t\u012bklu sinhroniz\u0101cija ar kontinent\u0101lo Eiropu, balans\u0113\u0161anas tirgus stabiliz\u0113\u0161an\u0101s, k\u0101 ar\u012b iev\u0113rojamais piepras\u012bjuma pieaugumu p\u0113c za\u013c\u0101s ener\u0123ijas m\u0101ksl\u012bg\u0101 intelekta un datu centru att\u012bst\u012bbas d\u0113\u013c glob\u0101l\u0101 m\u0113rog\u0101.<\/p>\n<p class=\"text-font font-size--text-xlarge margin-3--bottom\">\u201c2024. gada beig\u0101s veiksm\u012bgi p\u0101rdev\u0101m savu pirmo saules parku portfeli Polij\u0101 \u2013 65,5 MW jaudas projektu ieg\u0101d\u0101j\u0101s Lielbrit\u0101nijas kapit\u0101la tirgus dal\u012bbnieks. Vair\u0101ki starptautiskie ieguld\u012bt\u0101ji ir izr\u0101d\u012bju\u0161i interesi ieg\u0101d\u0101ties visu m\u016bsu portfeli Polij\u0101, Lietuv\u0101 un Latvij\u0101, jo \u0161o re\u0123ionu vi\u0146i uzl\u016bko k\u0101 papla\u0161in\u0101\u0161an\u0101s potenci\u0101lu.<\/p>\n<p class=\"text-font font-size--text-xlarge margin-3--bottom\">Cen\u0161amies savus att\u012bst\u0101mos projektus p\u0101rdot par visliel\u0101ko cenu, t\u0101p\u0113c v\u0113rt\u0113sim, kur\u0161 p\u0101rdo\u0161anas veids ir visefekt\u012bv\u0101kais \u2013 p\u0101rdot visu portfeli kop\u0101 vai pa da\u013c\u0101m. Tom\u0113r ieguld\u012bt\u0101ju izr\u0101d\u012bt\u0101 interese ir nep\u0101rprotams sign\u0101ls, ka m\u016bsu re\u0123ions atkal k\u013c\u016bst pievilc\u012bgs,\u201d saka AEI p\u0101rvad\u012bt\u0101js Mants Auru\u0161kevi\u010ds.<\/p>\n<p class=\"text-font font-size--text-xlarge margin-3--bottom\">Interes\u0113 projekti da\u017e\u0101d\u0101s att\u012bst\u012bbas stadij\u0101s<\/p>\n<p class=\"text-font font-size--text-xlarge margin-3--bottom\">\u201cLords LB Asset Management\u201d p\u0101rvald\u012bt\u0101 AEI piecu gadu laik\u0101 ir izveidojusi vienu no liel\u0101kaj\u0101m atjaun\u012bg\u0101s ener\u0123\u0113tikas platform\u0101m re\u0123ion\u0101. Pa\u0161laik Lietuv\u0101 str\u0101d\u0101jo\u0161ie v\u0113ja parki un saules parki Polij\u0101 veido 280 MW, bet l\u012bdz gada beig\u0101m, kad tiks pabeigti atliku\u0161ie Polijas projekti, portfelis palielin\u0101sies v\u0113l par 69 MW. Pa\u0161laik str\u0101d\u0101jo\u0161ie parki gada laik\u0101 \u0123ener\u0113 vair\u0101k nek\u0101 7,5 milj. eiro EBITDA.<\/p>\n<p class=\"text-font font-size--text-xlarge margin-3--bottom\">\u201cB\u016bv\u0113jam 200 MW jaunu jaudu: 88 MW saules parkus Polij\u0101, kas s\u0101ks darboties \u0161\u0101 gada beig\u0101s un 2026. gada pavasar\u012b, k\u0101 ar\u012b 112 MW v\u0113ja parku Latvij\u0101,\u201d st\u0101sta AEI p\u0101rvad\u012bt\u0101js.<\/p>\n<p class=\"text-font font-size--text-xlarge margin-3--bottom\">Ieguld\u012bjumu sabiedr\u012bbas termi\u0146a beigas ir 2028. gada febru\u0101ris, un t\u0101 ir uzs\u0101kusi p\u0101rdo\u0161anas p\u0113d\u0113jo posmu, kad p\u0101rvald\u0101majiem projektiem tiek mekl\u0113ti pirc\u0113ji.<\/p>\n<p class=\"text-font font-size--text-xlarge margin-3--bottom\">Kop\u0113jais AEI ieguld\u012bjumu portfelis sasniedz 1,8 GW, t\u0101 v\u0113rt\u012bba ir 165,1 milj. eiro. Saska\u0146\u0101 ar ieguld\u012bjumu strat\u0113\u0123iju ne visi portfe\u013ca projekti tiks att\u012bst\u012bti l\u012bdz ekspluat\u0101cijai, da\u013cu no tiem pl\u0101nots p\u0101rdot p\u0113c b\u016bvat\u013caujas sa\u0146em\u0161anas vai agr\u012bn\u0101 b\u016bvniec\u012bbas posm\u0101.<\/p>\n<p class=\"text-font font-size--text-xlarge margin-3--bottom\">Svar\u012bg\u0101kie fakti (att\u0113l\u0101):<\/p>\n<p><a href=\"https:\/\/www.europesays.com\/lv\/wp-content\/uploads\/2025\/10\/20251026-2243-lv-orionpr.png\" target=\"_blank\"><img decoding=\"async\" class=\"margin-3--right\" src=\"https:\/\/www.europesays.com\/lv\/wp-content\/uploads\/2025\/10\/20251026-2243-lv-orionpr.png\" style=\"max-width: 45%; max-height: 50%; float: left\"\/><\/a><\/p>\n<p class=\"text-font font-size--text-xlarge margin-3--bottom\">Sabiedr\u012bbas, kas Baltijas valst\u012bs priv\u0101tajiem un instit\u016bciju ieguld\u012bt\u0101jiem pied\u0101v\u0101 13 m\u0113ne\u0161u oblig\u0101cijas ar fiks\u0113tu 8,5 % atdevi, strukt\u016bra balst\u0101s sabalans\u0113ta kapit\u0101la model\u012b \u2013 vair\u0101k nek\u0101 pusi kapit\u0101la strukt\u016bras ieguld\u012bjumu sabiedr\u012bbas l\u012bmen\u012b veido pa\u0161u kapit\u0101ls, p\u0101r\u0113j\u0101 da\u013ca \u2013 oblig\u0101ciju forma.<\/p>\n<p class=\"text-font font-size--text-xlarge margin-3--bottom\">\u201cP\u0101rdo\u0161anas ie\u0146\u0113mumi vispirms tiks izmantoti oblig\u0101ciju dz\u0113\u0161anai, visu savu portfeli cen\u0161amies realiz\u0113t l\u012bdz 2027. gada beig\u0101m. Piecu gadu laik\u0101 ir izdevies sabalans\u0113t tehnolo\u0123isko, \u0123eogr\u0101fisko un att\u012bst\u012bbas k\u0101rtu diversifik\u0101ciju, kas \u013cauj mums elast\u012bgi rea\u0123\u0113t uz tirgus apst\u0101k\u013ciem un maksim\u0101li izmantot interesi par m\u016bsu re\u0123ionu,\u201d apgalvo M. Auru\u0161kevi\u010ds.<\/p>\n<p class=\"text-font font-size--text-xlarge margin-3--bottom\">Oblig\u0101ciju emisijas prezent\u0101cija ieguld\u012bt\u0101jiem:<\/p>\n<p class=\"text-font font-size--text-xlarge margin-3--bottom\">Minim\u0101l\u0101 ieguld\u012bjuma summa \u2013 1000 eiro.<\/p>\n<p class=\"text-font font-size--text-xlarge margin-3--bottom\">Izplat\u012b\u0161anu organiz\u0113 ieguld\u012bjumu uz\u0146\u0113mums \u201cOrion Securities\u201d.<\/p>\n<p class=\"text-font font-size--text-xlarge margin-3--bottom\">Ieguld\u012bt\u0101jus piesaista stabilit\u0101te un piepras\u012bjums<\/p>\n<p class=\"text-font font-size--text-xlarge margin-3--bottom\">P\u0113c eksperta teikt\u0101, \u0101rvalstu ieguld\u012bt\u0101ju interese p\u0113c pietic\u012bg\u0101ka perioda, ko da\u013c\u0113ji noteica \u0123eopolitisk\u0101 situ\u0101cija, p\u0113d\u0113j\u0101 pusgad\u0101 m\u016bsu re\u0123ion\u0101 atgriezusies da\u017e\u0101du iemeslu kopuma d\u0113\u013c. Ener\u0123ijas pat\u0113ri\u0146a b\u016btiskas izmai\u0146as pasaul\u0113 ir sakritu\u0161as ar m\u016bsu re\u0123iona infrastrukt\u016bras uzticam\u012bbas pieaugumu.<\/p>\n<p class=\"text-font font-size--text-xlarge margin-3--bottom\">\u0160\u0101 gada s\u0101kum\u0101 Baltijas valstis piln\u012bgi sinhroniz\u0113ja savas elektroener\u0123ijas sist\u0113mas ar kontinent\u0101lo Eiropu. P\u0113c eksperta dom\u0101m \u0161is solis samazin\u0101ja atkar\u012bbu no \u0101r\u0113jiem ener\u0123ijas avotiem un b\u016btiski stiprin\u0101ja re\u0123iona ener\u0123\u0113tisko dro\u0161\u012bbu. Taj\u0101 pa\u0161\u0101 laik\u0101 vienotais Baltijas balans\u0113\u0161anas jaudas tirgus uz\u0146em apgriezienus, un viet\u0113jie operatori ir piesl\u0113gu\u0161ies Eiropas balans\u0113\u0161anas platform\u0101m.<\/p>\n<p class=\"text-font font-size--text-xlarge margin-3--bottom\">\u201cTas viss noz\u012bm\u0113, ka tirgus dal\u012bbnieki jau var prognoz\u0113t balans\u0113\u0161anas izmaksas, efekt\u012bv\u0101k p\u0101rvald\u012bt riskus un pl\u0101not ilgtermi\u0146a atdevi. \u0160odien mums ir skaidri defin\u0113ts tirgus, kur\u0101 atjaun\u012bg\u0101s ener\u0123\u0113tikas projekti k\u013c\u016bst par arvien dro\u0161\u0101ku ieguld\u012bjumu,\u201d apgalvo M. Auru\u0161kevi\u010ds.<\/p>\n<p class=\"text-font font-size--text-xlarge margin-3--bottom\">M\u0101ksl\u012bg\u0101 intelekta revol\u016bcija k\u013c\u016bst par v\u0113l svar\u012bg\u0101ku tirgus katalizatoru, kas b\u016btiski maina ener\u0123ijas pat\u0113ri\u0146u, saka AEI p\u0101rvad\u012bt\u0101js.<\/p>\n<p class=\"text-font font-size--text-xlarge margin-3--bottom\">\u201cDatu centru bums, kas \u0161obr\u012bd visizteikt\u0101k v\u0113rojams ASV un Skandin\u0101vij\u0101, jau ir j\u016btams ar\u012b Centr\u0101leirop\u0101 un Austrumeirop\u0101, \u012bpa\u0161i Polij\u0101. \u0160eit datu centru apkalpo\u0161anai ener\u0123ijas s\u0101k pietr\u016bkt t\u012bklu jaudu d\u0113\u013c.<\/p>\n<p class=\"text-font font-size--text-xlarge margin-3--bottom\">Pieaugo\u0161ais piepras\u012bjums p\u0113c elektroener\u0123ijas ir viens no iemesliem, k\u0101p\u0113c re\u0123ion\u0101 ir atgriezies starptautiskais kapit\u0101ls. Pieaugo\u0161\u0101 interese ne tikai par stabili str\u0101d\u0101jo\u0161iem v\u0113ja un saules parkiem, bet ar\u012b par projektiem agr\u012bn\u0101 stadij\u0101 liecina, ka tirg\u016b ir izveidojies uztic\u012bbas pamats,\u201d apgalvo M. Auru\u0161kevi\u010ds.<\/p>\n<p class=\"text-font font-size--text-xlarge margin-3--bottom\">Baltijas valstis un Polija \u0161odien \u2013 nobriedis tirgus, kas investoriem ir saprotams un p\u0101rredzams. Pieaugo\u0161ais piepras\u012bjums p\u0113c elektroener\u0123ijas, skaidra regul\u0113jo\u0161\u0101 vide un lieli infrastrukt\u016bras projekti rada apst\u0101k\u013cus gan ilgtermi\u0146a ieguld\u012bjumiem, gan veiksm\u012bgai projektu \u012bsteno\u0161anai.<\/p>\n<p class=\"text-font font-size--text-xlarge margin-3--bottom\">Vair\u0101k par emisiju: <a href=\"https:\/\/www.orion.lt\/aei-obligacijos\/\" title=\"\" target=\"_blank\" rel=\"nofollow noopener\">https:\/\/www.orion.lt\/aei-obligacijos\/<\/a><\/p>\n<p><a href=\"https:\/\/www.europesays.com\/lv\/wp-content\/uploads\/2025\/10\/523741__68fe879ea9ba8.jpg\" target=\"_blank\" onclick=\"ga(&#039;send&#039;,&#039;event&#039;,&#039;image-fullscreen&#039;,&#039;523741&#039;);\"><img decoding=\"async\" class=\"lazy image-contain modernize-objectfit\" src=\"https:\/\/www.europesays.com\/lv\/wp-content\/uploads\/2025\/10\/523741__68fe879ea9ba8.jpg\" style=\"font-family: 'object-fit: contain;'; object-fit: contain\"\/><\/a><\/p>\n<p>#1\/2<\/p>\n<p>Ieguld\u012bjumu sabiedr\u012bbas \u201cAtsinaujinan\u010dios energetikos investicijos\u201d p\u0101rvald\u012bt\u0101js Mants Auru\u0161kevi\u010ds (Mantas Auru\u0161kevi\u010dius)<\/p>\n<p><a href=\"https:\/\/www.europesays.com\/lv\/wp-content\/uploads\/2025\/10\/523741__68fe8760dd145.jpg\" target=\"_blank\" onclick=\"ga(&#039;send&#039;,&#039;event&#039;,&#039;image-fullscreen&#039;,&#039;523741&#039;);\"><img decoding=\"async\" class=\"lazy image-contain modernize-objectfit\" src=\"https:\/\/www.europesays.com\/lv\/wp-content\/uploads\/2025\/10\/523741__68fe8760dd145.jpg\" style=\"font-family: 'object-fit: contain;'; object-fit: contain\"\/><\/a><\/p>\n<p>Skat\u012bties p\u0101r\u0113jos att\u0113lus<\/p>\n","protected":false},"excerpt":{"rendered":"\u0160\u0101 gada otraj\u0101 pus\u0113 Baltijas valstu un Polijas atjaun\u012bg\u0101s ener\u0123\u0113tikas tirg\u016b redzama nep\u0101rprotama atdz\u012bvo\u0161an\u0101s, saka ieguld\u012bjumu sabiedr\u012bbas \u201cAtsinaujinan\u010dios&hellip;\n","protected":false},"author":2,"featured_media":31876,"comment_status":"","ping_status":"","sticky":false,"template":"","format":"standard","meta":{"footnotes":""},"categories":[16],"tags":[869,77,870,76,867,35,39,38,36,37,34,871,868,40,21],"class_list":{"0":"post-31875","1":"post","2":"type-post","3":"status-publish","4":"format-standard","5":"has-post-thumbnail","7":"category-bizness","8":"tag-biznesa-zinas","9":"tag-bizness","10":"tag-bizness-latvija","11":"tag-business","12":"tag-dienas-zinas","13":"tag-latvia","14":"tag-latvian","15":"tag-latviesu","16":"tag-latviesu-valoda","17":"tag-latviesuvaloda","18":"tag-latvija","19":"tag-latvijas-biznesa-zinas","20":"tag-latvijas-zinas","21":"tag-lv","22":"tag-zinas"},"share_on_mastodon":{"url":"https:\/\/pubeurope.com\/@lv\/115442480975661438","error":""},"_links":{"self":[{"href":"https:\/\/www.europesays.com\/lv\/wp-json\/wp\/v2\/posts\/31875","targetHints":{"allow":["GET"]}}],"collection":[{"href":"https:\/\/www.europesays.com\/lv\/wp-json\/wp\/v2\/posts"}],"about":[{"href":"https:\/\/www.europesays.com\/lv\/wp-json\/wp\/v2\/types\/post"}],"author":[{"embeddable":true,"href":"https:\/\/www.europesays.com\/lv\/wp-json\/wp\/v2\/users\/2"}],"replies":[{"embeddable":true,"href":"https:\/\/www.europesays.com\/lv\/wp-json\/wp\/v2\/comments?post=31875"}],"version-history":[{"count":0,"href":"https:\/\/www.europesays.com\/lv\/wp-json\/wp\/v2\/posts\/31875\/revisions"}],"wp:featuredmedia":[{"embeddable":true,"href":"https:\/\/www.europesays.com\/lv\/wp-json\/wp\/v2\/media\/31876"}],"wp:attachment":[{"href":"https:\/\/www.europesays.com\/lv\/wp-json\/wp\/v2\/media?parent=31875"}],"wp:term":[{"taxonomy":"category","embeddable":true,"href":"https:\/\/www.europesays.com\/lv\/wp-json\/wp\/v2\/categories?post=31875"},{"taxonomy":"post_tag","embeddable":true,"href":"https:\/\/www.europesays.com\/lv\/wp-json\/wp\/v2\/tags?post=31875"}],"curies":[{"name":"wp","href":"https:\/\/api.w.org\/{rel}","templated":true}]}}