{"id":31883,"date":"2025-10-26T21:06:14","date_gmt":"2025-10-26T21:06:14","guid":{"rendered":"https:\/\/www.europesays.com\/lv\/31883\/"},"modified":"2025-10-26T21:06:14","modified_gmt":"2025-10-26T21:06:14","slug":"tikai-mirklis-lai-glabtos-lixiang-aizdegas-brauciena-laika-liesmas-strauji-izplatas-video","status":"publish","type":"post","link":"https:\/\/www.europesays.com\/lv\/31883\/","title":{"rendered":"Tikai mirklis, lai gl\u0101btos &#8211; LiXiang aizdegas brauciena laik\u0101, liesmas strauji izplat\u0101s (+ VIDEO)"},"content":{"rendered":"<p>\u0160anhaj\u0101, brauciena laik\u0101 aizdegas jaun\u0101kais LiXiang elektroauto, un jau p\u0113c da\u017e\u0101m sekund\u0113m to piln\u012bb\u0101 p\u0101r\u0146em trakojo\u0161as liesmas.<\/p>\n<p>Notiku\u0161ais rais\u012bjis pla\u0161u rezonansi soci\u0101lajos t\u012bklos un atkal aktualiz\u0113jis jaut\u0101jumu par elektroautomobi\u013cu dro\u0161\u012bbu.\u00a0<\/p>\n<p>Pagaid\u0101m ugunsgr\u0113ka c\u0113lonis nav ofici\u0101li apstiprin\u0101ts, ta\u010du viena no galvenaj\u0101m teorij\u0101m ir, ka aizdeg\u0161anos izrais\u012bjis defekts jaunaj\u0101 CATL Qilin akumulator\u0101, ar kuru apr\u012bkoti jaun\u0101kie LiXiang mode\u013ci. \u0160is akumulators ir paz\u012bstams ar savu \u012bpa\u0161i \u0101tro uzl\u0101des sp\u0113ju un augstu ener\u0123ijas bl\u012bvumu \u2014 tie\u0161i t\u0101s \u012bpa\u0161\u012bbas, kas tiek uzskat\u012btas par noz\u012bm\u012bg\u0101kajiem sasniegumiem elektroauto tehnolo\u0123ij\u0101s.<\/p>\n<p>Par laimi, auto pasa\u017eieri pasp\u0113ja izgl\u0101bties, jo durvis ugunsgr\u0113ka br\u012bd\u012b nepalika noblo\u0137\u0113tas, k\u0101 tas reiz\u0113m notiek l\u012bdz\u012bgos incidentos. Cilv\u0113ki pasp\u0113ja pamest transportl\u012bdzekli, pirms liesmas piln\u012bb\u0101 p\u0101r\u0146\u0113ma automa\u0161\u012bnu.<\/p>\n<p>Stingri aizliegts iAuto.lv public\u0113tos materi\u0101lus izmantot, kop\u0113t vai reproduc\u0113t citos interneta port\u0101los, masu inform\u0101cijas l\u012bdzek\u013cos vai k\u0101 cit\u0101di r\u012bkoties ar iAuto.lv public\u0113tajiem materi\u0101liem bez rakstiskas EON SIA at\u013caujas sa\u0146em\u0161anas.<\/p>\n","protected":false},"excerpt":{"rendered":"\u0160anhaj\u0101, brauciena laik\u0101 aizdegas jaun\u0101kais LiXiang elektroauto, un jau p\u0113c da\u017e\u0101m sekund\u0113m to piln\u012bb\u0101 p\u0101r\u0146em trakojo\u0161as liesmas. Notiku\u0161ais&hellip;\n","protected":false},"author":2,"featured_media":31884,"comment_status":"","ping_status":"","sticky":false,"template":"","format":"standard","meta":{"footnotes":""},"categories":[14],"tags":[23,57,28,29,32,33,22,9576,30,31,35,39,38,36,37,34,9577,40,20,26,27,9575,24,25,54,55,56,21,58],"class_list":{"0":"post-31883","1":"post","2":"type-post","3":"status-publish","4":"format-standard","5":"has-post-thumbnail","7":"category-zinas-no-arvalstim","8":"tag-aktualitates","9":"tag-arvalstim","10":"tag-breaking-news","11":"tag-breakingnews","12":"tag-featured-news","13":"tag-featurednews","14":"tag-headlines","15":"tag-lai-glabtos-lixiang-aizdegas-brauciena-laika","16":"tag-latest-news","17":"tag-latestnews","18":"tag-latvia","19":"tag-latvian","20":"tag-latviesu","21":"tag-latviesu-valoda","22":"tag-latviesuvaloda","23":"tag-latvija","24":"tag-liesmas-strauji-izplatas-video","25":"tag-lv","26":"tag-news","27":"tag-popularakas-zinas","28":"tag-popularakaszinas","29":"tag-tikai-mirklis","30":"tag-top-stories","31":"tag-topstories","32":"tag-world","33":"tag-world-news","34":"tag-worldnews","35":"tag-zinas","36":"tag-zinas-no-arvalstim"},"share_on_mastodon":{"url":"","error":"Validation failed: Text character limit of 500 exceeded"},"_links":{"self":[{"href":"https:\/\/www.europesays.com\/lv\/wp-json\/wp\/v2\/posts\/31883","targetHints":{"allow":["GET"]}}],"collection":[{"href":"https:\/\/www.europesays.com\/lv\/wp-json\/wp\/v2\/posts"}],"about":[{"href":"https:\/\/www.europesays.com\/lv\/wp-json\/wp\/v2\/types\/post"}],"author":[{"embeddable":true,"href":"https:\/\/www.europesays.com\/lv\/wp-json\/wp\/v2\/users\/2"}],"replies":[{"embeddable":true,"href":"https:\/\/www.europesays.com\/lv\/wp-json\/wp\/v2\/comments?post=31883"}],"version-history":[{"count":0,"href":"https:\/\/www.europesays.com\/lv\/wp-json\/wp\/v2\/posts\/31883\/revisions"}],"wp:featuredmedia":[{"embeddable":true,"href":"https:\/\/www.europesays.com\/lv\/wp-json\/wp\/v2\/media\/31884"}],"wp:attachment":[{"href":"https:\/\/www.europesays.com\/lv\/wp-json\/wp\/v2\/media?parent=31883"}],"wp:term":[{"taxonomy":"category","embeddable":true,"href":"https:\/\/www.europesays.com\/lv\/wp-json\/wp\/v2\/categories?post=31883"},{"taxonomy":"post_tag","embeddable":true,"href":"https:\/\/www.europesays.com\/lv\/wp-json\/wp\/v2\/tags?post=31883"}],"curies":[{"name":"wp","href":"https:\/\/api.w.org\/{rel}","templated":true}]}}