{"id":31889,"date":"2025-10-26T21:12:19","date_gmt":"2025-10-26T21:12:19","guid":{"rendered":"https:\/\/www.europesays.com\/lv\/31889\/"},"modified":"2025-10-26T21:12:19","modified_gmt":"2025-10-26T21:12:19","slug":"ukraina-strauji-aug-elektroautomobilu-skaits","status":"publish","type":"post","link":"https:\/\/www.europesays.com\/lv\/31889\/","title":{"rendered":"Ukrain\u0101 strauji aug elektroautomobi\u013cu skaits"},"content":{"rendered":"<p>Kara plos\u012btaj\u0101 valst\u012b ieved gan jaunus, gan lietotus elektroautomobi\u013cus, turkl\u0101t lielu popularit\u0101ti ieguvis Volkswagen ID. Unyx, modelis, kas Eiropas tirgum nemaz nav paredz\u0113ts.<\/p>\n<p>Par to raksta izdevums Electrive.net, kas atsaucas uz Ukrainas Automobi\u013cu asoci\u0101cijas UkrAutoprom un tirgus izp\u0113tes ekspertu datiem, atz\u012bm\u0113jot, ka ieg\u016bt ticamu inform\u0101ciju par Ukrainas tirgu ir \u201cmazliet sare\u017e\u0123\u012bti\u201d.<\/p>\n<p>Saska\u0146\u0101 ar UkrAutoprom datiem, 2025. gada septembr\u012b valst\u012b tika p\u0101rdotas aptuveni 6800 jaunas automa\u0161\u012bnas ar visiem piedzi\u0146as veidiem, kas ir par 20 procentiem vair\u0101k nek\u0101 pirms gada. No t\u0101m 2261 transportl\u012bdzeklis bija piln\u012bb\u0101 elektrisks jeb aptuveni tre\u0161da\u013ca no kop\u0113j\u0101 skaita. Interesanti, ka tas ir iev\u0113rojami augst\u0101ks procentu\u0101lais r\u0101d\u012bt\u0101js nek\u0101 V\u0101cij\u0101, kur elektroautomobi\u013ciu tirgus da\u013ca septembr\u012b bija 19,3 procenti.<\/p>\n<p>Saska\u0146\u0101 ar Ukrainas Automobi\u013cu tirgus izp\u0113tes instit\u016bta anal\u012bti\u0137u datiem, jauni elektroautomobi\u013ci veido tikai nelielu da\u013cu no elektriskajiem transportl\u012bdzek\u013ciem, kas pirmo reizi re\u0123istr\u0113ti Ukrain\u0101. Liel\u0101ko da\u013cu \u0161\u012b segmenta automa\u0161\u012bnu ir elektroautomobi\u013ci ar nobraukumu, vairums no kuriem atvesti no \u0136\u012bnas. Pieejami tikai aptuveni dati, tom\u0113r Automobi\u013cu tirgus izp\u0113tes instit\u016bts zi\u0146o par 6473 \u0161\u0101diem automobi\u013ciem, kas septembr\u012b re\u0123istr\u0113ti Ukrain\u0101.<\/p>\n<p>Tirgus anal\u012bti\u0137i zi\u0146o par nedaudz maz\u0101ku jaunu elektroautomobi\u013cu re\u0123istr\u0101ciju skaitu nek\u0101 UkrAutoprom, proti, 2088 vien\u012bb\u0101m, un par 3552 lietotiem elektroautomobi\u013ciem, kas main\u012bju\u0161i \u012bpa\u0161niekus Ukrainas ietvaros. T\u0101d\u0113j\u0101di Automobi\u013cu tirgus izp\u0113tes instit\u016bts septembr\u012b zi\u0146o par kopum\u0101 12\u00a0113 elektroautomobi\u013cu pirkumiem, summ\u0113jot jaunas automa\u0161\u012bnas, import\u0113tas lietotas automa\u0161\u012bnas un viet\u0113j\u0101s lietotas automa\u0161\u012bnas.<\/p>\n<p>T\u0101 ir mazliet pretrun\u012bga inform\u0101cija, tom\u0113r galvenais ir noprotams \u2013 ar\u012b Ukrain\u0101 elektroautomobi\u013cu tirgus uz\u0146em apgriezienus.<\/p>\n<p>Electrive rakst\u0101 atz\u012bm\u0113ts, ka visvair\u0101k (989 vien\u012bbas) ukrai\u0146i pirku\u0161i \u0136\u012bnas BYD produkciju, kas ra\u017eo gan automa\u0161\u012bnas ar iek\u0161dedzes dzin\u0113jiem, gan hibr\u012bdus un piln\u012bb\u0101 elektriskus transportl\u012bdzek\u013cus, savuk\u0101rt v\u0113rt\u0113jot atsevi\u0161\u0137i mode\u013cus, liel\u0101ko popularit\u0101ti izpeln\u012bjies elektriskais Volkswagen ID. UNYX (432 re\u0123istr\u0101cijas), modelis, kas izstr\u0101d\u0101ts speci\u0101li \u0136\u012bnas tirgum. Tas tiek ra\u017eots \u0136\u012bnas r\u016bpn\u012bc\u0101 Anhui un uz Ukrainu, visticam\u0101k, nog\u0101d\u0101ts pateicoties pel\u0113kajam importam, kas ir visai izplat\u012bta par\u0101d\u012bba valst\u012b.<\/p>\n<p>\t\t\t\t\t <a href=\"https:\/\/www.europesays.com\/lv\/wp-content\/uploads\/2025\/10\/51473_187c5ed70c8.jpg\"><img decoding=\"async\" src=\"https:\/\/www.europesays.com\/lv\/wp-content\/uploads\/2025\/10\/51473_187c5ed70c8.jpg\" alt=\"\"\/><\/a><\/p>\n<p>Foto: Volkswagen<\/p>\n<p>Stingri aizliegts iAuto.lv public\u0113tos materi\u0101lus izmantot, kop\u0113t vai reproduc\u0113t citos interneta port\u0101los, masu inform\u0101cijas l\u012bdzek\u013cos vai k\u0101 cit\u0101di r\u012bkoties ar iAuto.lv public\u0113tajiem materi\u0101liem bez rakstiskas EON SIA at\u013caujas sa\u0146em\u0161anas.<\/p>\n","protected":false},"excerpt":{"rendered":"Kara plos\u012btaj\u0101 valst\u012b ieved gan jaunus, gan lietotus elektroautomobi\u013cus, turkl\u0101t lielu popularit\u0101ti ieguvis Volkswagen ID. Unyx, modelis, kas&hellip;\n","protected":false},"author":2,"featured_media":31890,"comment_status":"","ping_status":"","sticky":false,"template":"","format":"standard","meta":{"footnotes":""},"categories":[14],"tags":[23,57,28,29,32,33,22,30,31,35,39,38,36,37,34,40,20,26,27,24,25,9578,54,55,56,21,58],"class_list":{"0":"post-31889","1":"post","2":"type-post","3":"status-publish","4":"format-standard","5":"has-post-thumbnail","7":"category-zinas-no-arvalstim","8":"tag-aktualitates","9":"tag-arvalstim","10":"tag-breaking-news","11":"tag-breakingnews","12":"tag-featured-news","13":"tag-featurednews","14":"tag-headlines","15":"tag-latest-news","16":"tag-latestnews","17":"tag-latvia","18":"tag-latvian","19":"tag-latviesu","20":"tag-latviesu-valoda","21":"tag-latviesuvaloda","22":"tag-latvija","23":"tag-lv","24":"tag-news","25":"tag-popularakas-zinas","26":"tag-popularakaszinas","27":"tag-top-stories","28":"tag-topstories","29":"tag-ukraina-strauji-aug-lektroautomobilu-skaits","30":"tag-world","31":"tag-world-news","32":"tag-worldnews","33":"tag-zinas","34":"tag-zinas-no-arvalstim"},"share_on_mastodon":{"url":"https:\/\/pubeurope.com\/@lv\/115442531957402749","error":""},"_links":{"self":[{"href":"https:\/\/www.europesays.com\/lv\/wp-json\/wp\/v2\/posts\/31889","targetHints":{"allow":["GET"]}}],"collection":[{"href":"https:\/\/www.europesays.com\/lv\/wp-json\/wp\/v2\/posts"}],"about":[{"href":"https:\/\/www.europesays.com\/lv\/wp-json\/wp\/v2\/types\/post"}],"author":[{"embeddable":true,"href":"https:\/\/www.europesays.com\/lv\/wp-json\/wp\/v2\/users\/2"}],"replies":[{"embeddable":true,"href":"https:\/\/www.europesays.com\/lv\/wp-json\/wp\/v2\/comments?post=31889"}],"version-history":[{"count":0,"href":"https:\/\/www.europesays.com\/lv\/wp-json\/wp\/v2\/posts\/31889\/revisions"}],"wp:featuredmedia":[{"embeddable":true,"href":"https:\/\/www.europesays.com\/lv\/wp-json\/wp\/v2\/media\/31890"}],"wp:attachment":[{"href":"https:\/\/www.europesays.com\/lv\/wp-json\/wp\/v2\/media?parent=31889"}],"wp:term":[{"taxonomy":"category","embeddable":true,"href":"https:\/\/www.europesays.com\/lv\/wp-json\/wp\/v2\/categories?post=31889"},{"taxonomy":"post_tag","embeddable":true,"href":"https:\/\/www.europesays.com\/lv\/wp-json\/wp\/v2\/tags?post=31889"}],"curies":[{"name":"wp","href":"https:\/\/api.w.org\/{rel}","templated":true}]}}