{"id":31895,"date":"2025-10-26T21:18:16","date_gmt":"2025-10-26T21:18:16","guid":{"rendered":"https:\/\/www.europesays.com\/lv\/31895\/"},"modified":"2025-10-26T21:18:16","modified_gmt":"2025-10-26T21:18:16","slug":"romas-panteona-nokritis-un-gajis-boja-japanu-turists","status":"publish","type":"post","link":"https:\/\/www.europesays.com\/lv\/31895\/","title":{"rendered":"Romas Panteon\u0101 nokritis un g\u0101jis boj\u0101 jap\u0101\u0146u t\u016brists"},"content":{"rendered":"<p><a href=\"https:\/\/www.apollo.lv\/term\/570995\/negadijums\" class=\"topicLink\" target=\"_blank\" rel=\"nofollow noopener\">Negad\u012bjums<\/a> notika ap plkst. 21.50, kad v\u012brietis nokrita no septi\u0146u metru augsta sienas parapeta, kas atrodas Via della Palombella iel\u0101.<\/p>\n<p>Neskatoties uz \u0101tro \u0101rk\u0101rtas dienestu iejauk\u0161anos, tostarp medi\u0137u, viet\u0113j\u0101s policijas darbinieku un ugunsdz\u0113s\u0113ju iera\u0161anos, neko nevar\u0113ja dar\u012bt, lai gl\u0101btu t\u016brista dz\u012bv\u012bbu.<\/p>\n<p>Ugunsdz\u0113s\u0113jiem n\u0101c\u0101s uzlauzt \u0101r\u0113jos v\u0101rtus, lai nok\u013c\u016btu l\u012bdz kritiena vietai.<\/p>\n<p>Izmekl\u0113t\u0101ji pie\u013cauj, ka v\u012brietis, iesp\u0113jams, bija p\u0101r\u0101k t\u0101lu p\u0101rliecies p\u0101ri parapetam. Iesp\u0113jams, vi\u0146\u0161 m\u0113\u0123in\u0101jis uz\u0146emt fotogr\u0101fiju, zaud\u0113jis l\u012bdzsvaru un kritis.<\/p>\n<p>V\u012brietis bija devies atva\u013cin\u0101jum\u0101 kop\u0101 ar savu meitu, kura, saska\u0146\u0101 ar viet\u0113jo presi, policijai st\u0101st\u012bja, ka t\u0113vs nokritis p\u0113c tam, kad vi\u0146u piemekl\u0113ja p\u0113k\u0161\u0146s v\u0101jums.<\/p>\n<p>\u0160is ir jau otrais \u0161\u0101da veida negad\u012bjums Rom\u0101 \u0161ogad. Mart\u0101 k\u0101da sieviete g\u0101jusi boj\u0101, nokr\u012btot no augstas sienas Sp\u0101\u0146u k\u0101p\u0146u s\u0101nos.<\/p>\n","protected":false},"excerpt":{"rendered":"Negad\u012bjums notika ap plkst. 21.50, kad v\u012brietis nokrita no septi\u0146u metru augsta sienas parapeta, kas atrodas Via della&hellip;\n","protected":false},"author":2,"featured_media":31896,"comment_status":"","ping_status":"","sticky":false,"template":"","format":"standard","meta":{"footnotes":""},"categories":[14],"tags":[23,57,63,28,29,32,33,22,30,31,35,39,38,36,37,34,40,6234,20,26,27,24,25,54,55,56,21,58],"class_list":{"0":"post-31895","1":"post","2":"type-post","3":"status-publish","4":"format-standard","5":"has-post-thumbnail","7":"category-zinas-no-arvalstim","8":"tag-aktualitates","9":"tag-arvalstim","10":"tag-arvalstis","11":"tag-breaking-news","12":"tag-breakingnews","13":"tag-featured-news","14":"tag-featurednews","15":"tag-headlines","16":"tag-latest-news","17":"tag-latestnews","18":"tag-latvia","19":"tag-latvian","20":"tag-latviesu","21":"tag-latviesu-valoda","22":"tag-latviesuvaloda","23":"tag-latvija","24":"tag-lv","25":"tag-negadijums","26":"tag-news","27":"tag-popularakas-zinas","28":"tag-popularakaszinas","29":"tag-top-stories","30":"tag-topstories","31":"tag-world","32":"tag-world-news","33":"tag-worldnews","34":"tag-zinas","35":"tag-zinas-no-arvalstim"},"share_on_mastodon":{"url":"https:\/\/pubeurope.com\/@lv\/115442555494870974","error":""},"_links":{"self":[{"href":"https:\/\/www.europesays.com\/lv\/wp-json\/wp\/v2\/posts\/31895","targetHints":{"allow":["GET"]}}],"collection":[{"href":"https:\/\/www.europesays.com\/lv\/wp-json\/wp\/v2\/posts"}],"about":[{"href":"https:\/\/www.europesays.com\/lv\/wp-json\/wp\/v2\/types\/post"}],"author":[{"embeddable":true,"href":"https:\/\/www.europesays.com\/lv\/wp-json\/wp\/v2\/users\/2"}],"replies":[{"embeddable":true,"href":"https:\/\/www.europesays.com\/lv\/wp-json\/wp\/v2\/comments?post=31895"}],"version-history":[{"count":0,"href":"https:\/\/www.europesays.com\/lv\/wp-json\/wp\/v2\/posts\/31895\/revisions"}],"wp:featuredmedia":[{"embeddable":true,"href":"https:\/\/www.europesays.com\/lv\/wp-json\/wp\/v2\/media\/31896"}],"wp:attachment":[{"href":"https:\/\/www.europesays.com\/lv\/wp-json\/wp\/v2\/media?parent=31895"}],"wp:term":[{"taxonomy":"category","embeddable":true,"href":"https:\/\/www.europesays.com\/lv\/wp-json\/wp\/v2\/categories?post=31895"},{"taxonomy":"post_tag","embeddable":true,"href":"https:\/\/www.europesays.com\/lv\/wp-json\/wp\/v2\/tags?post=31895"}],"curies":[{"name":"wp","href":"https:\/\/api.w.org\/{rel}","templated":true}]}}