{"id":31903,"date":"2025-10-26T21:39:07","date_gmt":"2025-10-26T21:39:07","guid":{"rendered":"https:\/\/www.europesays.com\/lv\/31903\/"},"modified":"2025-10-26T21:39:07","modified_gmt":"2025-10-26T21:39:07","slug":"koris-kamer-ceturto-reizi-triumfe-eiropas-grand-prix","status":"publish","type":"post","link":"https:\/\/www.europesays.com\/lv\/31903\/","title":{"rendered":"Koris \u201cKam\u0113r\u2026\u201d ceturto reizi triumf\u0113 Eiropas \u201cGrand Prix\u201d"},"content":{"rendered":"<p>Fin\u0101l\u0101 kam\u0113rie\u0161i sacent\u0101s ar izcilo Latvijas kori \u201cS\u014dla\u201d, vienu Indon\u0113zijas un diviem Filip\u012bnu koriem. \u201cKam\u0113r\u2026\u201d izpild\u012bja \u0100dolfa Skultes un Ziedo\u0146a Purva po\u0113mu \u201cJ\u016brai\u201d, Henrija P\u0113rsela un Svena D\u0101vida Sandstr\u0113ma \u201cHear my prayer, O Lord\u201d (Uzklausi manu l\u016bg\u0161anu, ak, Kungs), Ri\u010darda D\u0113ringa \u201cFactum est silentium\u201d (Iest\u0101j\u0101s klusums) no Atkl\u0101smes gr\u0101matas, \u0112rika E\u0161envalda \u201cA Drop in the Ocean\u201d (Piliens oke\u0101n\u0101) ar M\u0101tes Ter\u0113zes v\u0101rdiem un Tadejas Vulcas \u201cSine Sole Nihil Sum\u201d (Bez saules es esmu nekas).<\/p>\n<p>Visas ned\u0113\u013cas garum\u0101 \u201cKam\u0113r\u2026\u201d uzst\u0101j\u0101s ar koncertiem Basku zem\u0113 un citos Sp\u0101nijas re\u0123ionos \u2014 Beasain\u0101, Astiljero, Saragos\u0101 un Pamplon\u0101.<\/p>\n<p>Kora Eiropas Grand Prix fin\u0101la turneju atbalst\u012bja R\u012bgas valstspils\u0113tas pa\u0161vald\u012bbas Izgl\u012bt\u012bbas, kult\u016bras un sporta departaments un kult\u016bras iest\u0101\u017eu apvien\u012bbas Koncertorganiz\u0101cija \u201cAve Sol\u201d, k\u0101 ar\u012b fonds \u201cTAVS ATBALSTS\u201d, Biznesa vad\u012bbas koled\u017ea uz zv\u0113rin\u0101ts advok\u0101ts Sandis B\u0113rtaitis.<\/p>\n<p class=\"tv3-fw-500\">Zi\u0146o par k\u013c\u016bdu rakst\u0101<\/p>\n<p class=\"d-md-block d-none\">Iez\u012bm\u0113 k\u013c\u016bdaino tekstu un spied Ctrl+Enter.<\/p>\n<p class=\"d-md-none d-block\">Iez\u012bm\u0113 k\u013c\u016bdaino tekstu un zi\u0146o par to!<\/p>\n","protected":false},"excerpt":{"rendered":"Fin\u0101l\u0101 kam\u0113rie\u0161i sacent\u0101s ar izcilo Latvijas kori \u201cS\u014dla\u201d, vienu Indon\u0113zijas un diviem Filip\u012bnu koriem. \u201cKam\u0113r\u2026\u201d izpild\u012bja \u0100dolfa Skultes&hellip;\n","protected":false},"author":2,"featured_media":31904,"comment_status":"","ping_status":"","sticky":false,"template":"","format":"standard","meta":{"footnotes":""},"categories":[19],"tags":[89,90,9567,35,39,38,36,37,34,40],"class_list":{"0":"post-31903","1":"post","2":"type-post","3":"status-publish","4":"format-standard","5":"has-post-thumbnail","7":"category-izklaide","8":"tag-entertainment","9":"tag-izklaide","10":"tag-koris-kamer","11":"tag-latvia","12":"tag-latvian","13":"tag-latviesu","14":"tag-latviesu-valoda","15":"tag-latviesuvaloda","16":"tag-latvija","17":"tag-lv"},"share_on_mastodon":{"url":"https:\/\/pubeurope.com\/@lv\/115442638157918393","error":""},"_links":{"self":[{"href":"https:\/\/www.europesays.com\/lv\/wp-json\/wp\/v2\/posts\/31903","targetHints":{"allow":["GET"]}}],"collection":[{"href":"https:\/\/www.europesays.com\/lv\/wp-json\/wp\/v2\/posts"}],"about":[{"href":"https:\/\/www.europesays.com\/lv\/wp-json\/wp\/v2\/types\/post"}],"author":[{"embeddable":true,"href":"https:\/\/www.europesays.com\/lv\/wp-json\/wp\/v2\/users\/2"}],"replies":[{"embeddable":true,"href":"https:\/\/www.europesays.com\/lv\/wp-json\/wp\/v2\/comments?post=31903"}],"version-history":[{"count":0,"href":"https:\/\/www.europesays.com\/lv\/wp-json\/wp\/v2\/posts\/31903\/revisions"}],"wp:featuredmedia":[{"embeddable":true,"href":"https:\/\/www.europesays.com\/lv\/wp-json\/wp\/v2\/media\/31904"}],"wp:attachment":[{"href":"https:\/\/www.europesays.com\/lv\/wp-json\/wp\/v2\/media?parent=31903"}],"wp:term":[{"taxonomy":"category","embeddable":true,"href":"https:\/\/www.europesays.com\/lv\/wp-json\/wp\/v2\/categories?post=31903"},{"taxonomy":"post_tag","embeddable":true,"href":"https:\/\/www.europesays.com\/lv\/wp-json\/wp\/v2\/tags?post=31903"}],"curies":[{"name":"wp","href":"https:\/\/api.w.org\/{rel}","templated":true}]}}