{"id":31907,"date":"2025-10-26T21:46:08","date_gmt":"2025-10-26T21:46:08","guid":{"rendered":"https:\/\/www.europesays.com\/lv\/31907\/"},"modified":"2025-10-26T21:46:08","modified_gmt":"2025-10-26T21:46:08","slug":"apl-holanda-superserija-partruka-un-man-city-sausa-zaudeja-aston-villa","status":"publish","type":"post","link":"https:\/\/www.europesays.com\/lv\/31907\/","title":{"rendered":"APL. Holanda superserija p\u0101rtr\u016bka \u2014 un \u00abMan City\u00bb \u00absaus\u0101\u00bb zaud\u0113ja \u00abAston Villa\u00bb"},"content":{"rendered":"<p>&#8220;Aston Villa&#8221; sav\u0101 laukum\u0101 uzvar\u0113ja &#8220;Manchester City&#8221; Anglijas \u010dempion\u0101ta 9. k\u0101rtas sp\u0113l\u0113 \u2014 1:0.<\/p>\n<p>Vien\u012bgo v\u0101rtu guvumu 19. min\u016bt\u0113 iesita aizsargs Mettijs Ke\u0161s. 90. min\u016bt\u0113 viesu uzbruc\u0113ja \u0112rlina Holanda v\u0101rti tika atcelti p\u0113c VAR p\u0101rbaudes (offside).<\/p>\n<p>Holandam p\u0101rtr\u016bka rezultat\u012bv\u0101 s\u0113rija: pirms sp\u0113les pret &#8220;Aston Villa&#8221; vi\u0146\u0161 bija guvis v\u0101rtus 12 sp\u0113l\u0113s p\u0113c k\u0101rtas, ieskaitot sp\u0113les izlas\u0113.<\/p>\n<p>&#8220;Aston Villa&#8221; pak\u0101p\u0101s uz sept\u012bto vietu tabul\u0101 ar 15 punktiem. &#8220;Manchester City&#8221; ir ceturtaj\u0101 viet\u0101 ar 16 punktiem. Vad\u012bb\u0101 ir &#8220;Arsenal&#8221; (22 punkti).<\/p>\n","protected":false},"excerpt":{"rendered":"&#8220;Aston Villa&#8221; sav\u0101 laukum\u0101 uzvar\u0113ja &#8220;Manchester City&#8221; Anglijas \u010dempion\u0101ta 9. k\u0101rtas sp\u0113l\u0113 \u2014 1:0. Vien\u012bgo v\u0101rtu guvumu 19.&hellip;\n","protected":false},"author":2,"featured_media":31908,"comment_status":"","ping_status":"","sticky":false,"template":"","format":"standard","meta":{"footnotes":""},"categories":[17],"tags":[35,39,38,36,37,34,40,67],"class_list":{"0":"post-31907","1":"post","2":"type-post","3":"status-publish","4":"format-standard","5":"has-post-thumbnail","7":"category-sports","8":"tag-latvia","9":"tag-latvian","10":"tag-latviesu","11":"tag-latviesu-valoda","12":"tag-latviesuvaloda","13":"tag-latvija","14":"tag-lv","15":"tag-sports"},"share_on_mastodon":{"url":"https:\/\/pubeurope.com\/@lv\/115442665603358364","error":""},"_links":{"self":[{"href":"https:\/\/www.europesays.com\/lv\/wp-json\/wp\/v2\/posts\/31907","targetHints":{"allow":["GET"]}}],"collection":[{"href":"https:\/\/www.europesays.com\/lv\/wp-json\/wp\/v2\/posts"}],"about":[{"href":"https:\/\/www.europesays.com\/lv\/wp-json\/wp\/v2\/types\/post"}],"author":[{"embeddable":true,"href":"https:\/\/www.europesays.com\/lv\/wp-json\/wp\/v2\/users\/2"}],"replies":[{"embeddable":true,"href":"https:\/\/www.europesays.com\/lv\/wp-json\/wp\/v2\/comments?post=31907"}],"version-history":[{"count":0,"href":"https:\/\/www.europesays.com\/lv\/wp-json\/wp\/v2\/posts\/31907\/revisions"}],"wp:featuredmedia":[{"embeddable":true,"href":"https:\/\/www.europesays.com\/lv\/wp-json\/wp\/v2\/media\/31908"}],"wp:attachment":[{"href":"https:\/\/www.europesays.com\/lv\/wp-json\/wp\/v2\/media?parent=31907"}],"wp:term":[{"taxonomy":"category","embeddable":true,"href":"https:\/\/www.europesays.com\/lv\/wp-json\/wp\/v2\/categories?post=31907"},{"taxonomy":"post_tag","embeddable":true,"href":"https:\/\/www.europesays.com\/lv\/wp-json\/wp\/v2\/tags?post=31907"}],"curies":[{"name":"wp","href":"https:\/\/api.w.org\/{rel}","templated":true}]}}