{"id":31909,"date":"2025-10-26T21:50:08","date_gmt":"2025-10-26T21:50:08","guid":{"rendered":"https:\/\/www.europesays.com\/lv\/31909\/"},"modified":"2025-10-26T21:50:08","modified_gmt":"2025-10-26T21:50:08","slug":"vilnas-lidosta-ceturto-reizi-sonedel-traucejumi-kontrabandas-balonu-del-raksts","status":"publish","type":"post","link":"https:\/\/www.europesays.com\/lv\/31909\/","title":{"rendered":"Vi\u013c\u0146as lidost\u0101 ceturto reizi \u0161oned\u0113\u013c trauc\u0113jumi kontrabandas balonu d\u0113\u013c \/ Raksts"},"content":{"rendered":"<p>\n                        \u0160odien, 23:26                    <\/p>\n<p>\n                            Autori:<br \/>\n                            Laura Za\u0137e (LR1 \u017eurn\u0101liste)                        <\/p>\n<p>Lietuvas galvaspils\u0113tas Vi\u013c\u0146as lidosta dro\u0161\u012bbas apsv\u0113rumu d\u0113\u013c aptur\u0113jusi darb\u012bbu \u2013 t\u0101 nolemts, jo lidostas virzien\u0101 atkal lidoju\u0161i meteorolo\u0123iskie baloni. \u0160\u012b ir jau tre\u0161\u0101\u00a0reize p\u0113c k\u0101rtas, bet ceturt\u0101 \u2013 \u0161\u012bs ned\u0113\u013cas laik\u0101,\u00a0kad gaisa satiksme Vi\u013c\u0146as lidostas apk\u0101rtn\u0113 ir trauc\u0113ta.<\/p>\n<p>Da\u013ca avioreisu p\u0101rvirz\u012bti uz Kau\u0146u un R\u012bgu.<\/p>\n<p>Kop\u0161 Lietuva sl\u0113dza da\u017eus robe\u017ekontroles punktus ar Baltkrieviju un pastiprin\u0101ja robe\u017eas dro\u0161\u012bbu, meteorolo\u0123iskie baloni ir k\u013cuvu\u0161i par vienu no bie\u017e\u0101kaj\u0101m cigare\u0161u kontrabandas metod\u0113m.<\/p>\n<p>                    Valodas k\u013c\u016bda rakst\u0101?<\/p>\n<p class=\"d-none d-md-block\">Iez\u012bm\u0113jiet tekstu un spiediet Ctrl+Enter, lai nos\u016bt\u012btu labojamo teksta fragmentu redaktoram! Par faktu k\u013c\u016bd\u0101m l\u016bdzam zi\u0146ot e-past\u0101 <a href=\"https:\/\/www.lsm.lv\/cdn-cgi\/l\/email-protection\" class=\"__cf_email__\" data-cfemail=\"f0829594919b93999a91b09c839dde9c86\" rel=\"nofollow noopener\" target=\"_blank\">[email\u00a0protected]<\/a>.<\/p>\n<p class=\"d-md-none\">Iez\u012bm\u0113jiet tekstu un spiediet uz Zi\u0146ot par k\u013c\u016bdu pogas, lai nos\u016bt\u012btu labojamo teksta fragmentu redaktoram!<\/p>\n<p>\n                    Zi\u0146ot par k\u013c\u016bdu\n                <\/p>\n","protected":false},"excerpt":{"rendered":"\u0160odien, 23:26 Autori: Laura Za\u0137e (LR1 \u017eurn\u0101liste) Lietuvas galvaspils\u0113tas Vi\u013c\u0146as lidosta dro\u0161\u012bbas apsv\u0113rumu d\u0113\u013c aptur\u0113jusi darb\u012bbu \u2013 t\u0101&hellip;\n","protected":false},"author":2,"featured_media":31910,"comment_status":"","ping_status":"","sticky":false,"template":"","format":"standard","meta":{"footnotes":""},"categories":[5],"tags":[23,28,29,32,33,22,30,31,35,39,38,36,37,34,40,20,26,27,24,25,21],"class_list":{"0":"post-31909","1":"post","2":"type-post","3":"status-publish","4":"format-standard","5":"has-post-thumbnail","7":"category-aktualitates","8":"tag-aktualitates","9":"tag-breaking-news","10":"tag-breakingnews","11":"tag-featured-news","12":"tag-featurednews","13":"tag-headlines","14":"tag-latest-news","15":"tag-latestnews","16":"tag-latvia","17":"tag-latvian","18":"tag-latviesu","19":"tag-latviesu-valoda","20":"tag-latviesuvaloda","21":"tag-latvija","22":"tag-lv","23":"tag-news","24":"tag-popularakas-zinas","25":"tag-popularakaszinas","26":"tag-top-stories","27":"tag-topstories","28":"tag-zinas"},"share_on_mastodon":{"url":"https:\/\/pubeurope.com\/@lv\/115442681334717882","error":""},"_links":{"self":[{"href":"https:\/\/www.europesays.com\/lv\/wp-json\/wp\/v2\/posts\/31909","targetHints":{"allow":["GET"]}}],"collection":[{"href":"https:\/\/www.europesays.com\/lv\/wp-json\/wp\/v2\/posts"}],"about":[{"href":"https:\/\/www.europesays.com\/lv\/wp-json\/wp\/v2\/types\/post"}],"author":[{"embeddable":true,"href":"https:\/\/www.europesays.com\/lv\/wp-json\/wp\/v2\/users\/2"}],"replies":[{"embeddable":true,"href":"https:\/\/www.europesays.com\/lv\/wp-json\/wp\/v2\/comments?post=31909"}],"version-history":[{"count":0,"href":"https:\/\/www.europesays.com\/lv\/wp-json\/wp\/v2\/posts\/31909\/revisions"}],"wp:featuredmedia":[{"embeddable":true,"href":"https:\/\/www.europesays.com\/lv\/wp-json\/wp\/v2\/media\/31910"}],"wp:attachment":[{"href":"https:\/\/www.europesays.com\/lv\/wp-json\/wp\/v2\/media?parent=31909"}],"wp:term":[{"taxonomy":"category","embeddable":true,"href":"https:\/\/www.europesays.com\/lv\/wp-json\/wp\/v2\/categories?post=31909"},{"taxonomy":"post_tag","embeddable":true,"href":"https:\/\/www.europesays.com\/lv\/wp-json\/wp\/v2\/tags?post=31909"}],"curies":[{"name":"wp","href":"https:\/\/api.w.org\/{rel}","templated":true}]}}