{"id":31911,"date":"2025-10-26T21:52:17","date_gmt":"2025-10-26T21:52:17","guid":{"rendered":"https:\/\/www.europesays.com\/lv\/31911\/"},"modified":"2025-10-26T21:52:17","modified_gmt":"2025-10-26T21:52:17","slug":"vardlijs-11-raunda-parsteidzosi-sakauj-parkeru-un-klust-par-wbo-pagaidu-cempionu","status":"publish","type":"post","link":"https:\/\/www.europesays.com\/lv\/31911\/","title":{"rendered":"Vardlijs 11. raund\u0101 p\u0101rsteidzo\u0161i sakauj P\u0101rkeru un k\u013c\u016bst par WBO pagaidu \u010dempionu"},"content":{"rendered":"<p>Jau no pirm\u0101 raunda P\u0101rkers ies\u0101ka p\u0101rliecino\u0161i un ar kreiso d\u017eebu satricin\u0101ja Vordliju, ta\u010du brits \u0101tri atguv\u0101s un p\u0101r\u0146\u0113ma iniciat\u012bvu otraj\u0101 raund\u0101. L\u012bdz c\u012b\u0146as vidum abi bokseri c\u012bn\u012bj\u0101s l\u012bdzv\u0113rt\u012bgi, tom\u0113r dev\u012btaj\u0101 raund\u0101 iniciat\u012bvu p\u0101r\u0146\u0113ma P\u0101rkers.<\/p>\n<p>Desmitaj\u0101 raund\u0101 P\u0101rkers uzbruka ar jaunu sparu, ta\u010du Vordlijs ar prec\u012bzu labo tr\u0101p\u012bjumu un sp\u0113c\u012bgu sitienu s\u0113riju iedzina vi\u0146u st\u016br\u012b \u2013 P\u0101rkeru pagl\u0101ba tikai raunda beigas.<\/p>\n<p>11. raund\u0101, sajutis pretinieka v\u0101jumu, Vordlijs turpin\u0101ja ofens\u012bvu ar sp\u0113c\u012bgu sitienu s\u0113riju un neatk\u0101p\u0101s, l\u012bdz tiesnesis aptur\u0113ja c\u012b\u0146u \u2013 tehniskais nokauts un iespaid\u012bga Vordlija uzvara.<\/p>\n<p>P\u0113c uzvaras Vordlijs izaicin\u0101ja Oleksandru Usiku, bet vi\u0146a promouters Frenks Vorens pazi\u0146oja, ka n\u0101kam\u0101 c\u012b\u0146a b\u016bs par vis\u0101m \u010detr\u0101m \u010dempiona jost\u0101m smagaj\u0101 svar\u0101.<\/p>\n<blockquote class=\"twitter-tweet\" data-width=\"550\" data-dnt=\"true\">\n<p lang=\"en\" dir=\"ltr\">Fabio Wardley CALLS OUT Oleksandr Usyk! \ud83d\udde3<\/p>\n<p>He is now the WBO mandatory challenger to the Undisputed Heavyweight Champion \ud83d\udc51<a href=\"https:\/\/twitter.com\/hashtag\/ParkerWardley?src=hash&amp;ref_src=twsrc%5Etfw\" rel=\"nofollow noopener\" target=\"_blank\">#ParkerWardley<\/a> <a href=\"https:\/\/t.co\/mAxK8OjF0Q\" rel=\"nofollow\">pic.twitter.com\/mAxK8OjF0Q<\/a><\/p>\n<p>\u2014 DAZN Boxing (@DAZNBoxing) <a href=\"https:\/\/twitter.com\/DAZNBoxing\/status\/1982223440917520572?ref_src=twsrc%5Etfw\" rel=\"nofollow noopener\" target=\"_blank\">October 25, 2025<\/a><\/p>\n<\/blockquote>\n<p class=\"ad-desc ad-desc-main\">Saturs turpin\u0101s p\u0113c rekl\u0101mas<\/p>\n<p class=\"ad-desc ad-desc-sec\">Rekl\u0101ma<\/p>\n<p>Teor\u0113tiski Vordlijs k\u0101 WBO pagaidu \u010dempions var c\u012bn\u012bties Usiku, tom\u0113r, cik noprotams, Oleksandrs tuv\u0101kaj\u0101 laik\u0101 pl\u0101no aizvad\u012bt v\u0113l vienu superc\u012b\u0146u \u2013 iesp\u0113jams, trilo\u0123ijas kauju ar Taisonu Fj\u016briju.<\/p>\n<p class=\"tv3-fw-500\">Zi\u0146o par k\u013c\u016bdu rakst\u0101<\/p>\n<p class=\"d-md-block d-none\">Iez\u012bm\u0113 k\u013c\u016bdaino tekstu un spied Ctrl+Enter.<\/p>\n<p class=\"d-md-none d-block\">Iez\u012bm\u0113 k\u013c\u016bdaino tekstu un zi\u0146o par to!<\/p>\n<p>                <script async src=\"https:\/\/platform.twitter.com\/widgets.js\" charset=\"utf-8\"><\/script><\/p>\n","protected":false},"excerpt":{"rendered":"Jau no pirm\u0101 raunda P\u0101rkers ies\u0101ka p\u0101rliecino\u0161i un ar kreiso d\u017eebu satricin\u0101ja Vordliju, ta\u010du brits \u0101tri atguv\u0101s un&hellip;\n","protected":false},"author":2,"featured_media":31912,"comment_status":"","ping_status":"","sticky":false,"template":"","format":"standard","meta":{"footnotes":""},"categories":[17],"tags":[9584,35,39,38,36,37,34,40,67],"class_list":{"0":"post-31911","1":"post","2":"type-post","3":"status-publish","4":"format-standard","5":"has-post-thumbnail","7":"category-sports","8":"tag-bokserisdzozefs-parkerswbo","9":"tag-latvia","10":"tag-latvian","11":"tag-latviesu","12":"tag-latviesu-valoda","13":"tag-latviesuvaloda","14":"tag-latvija","15":"tag-lv","16":"tag-sports"},"share_on_mastodon":{"url":"https:\/\/pubeurope.com\/@lv\/115442689215491126","error":""},"_links":{"self":[{"href":"https:\/\/www.europesays.com\/lv\/wp-json\/wp\/v2\/posts\/31911","targetHints":{"allow":["GET"]}}],"collection":[{"href":"https:\/\/www.europesays.com\/lv\/wp-json\/wp\/v2\/posts"}],"about":[{"href":"https:\/\/www.europesays.com\/lv\/wp-json\/wp\/v2\/types\/post"}],"author":[{"embeddable":true,"href":"https:\/\/www.europesays.com\/lv\/wp-json\/wp\/v2\/users\/2"}],"replies":[{"embeddable":true,"href":"https:\/\/www.europesays.com\/lv\/wp-json\/wp\/v2\/comments?post=31911"}],"version-history":[{"count":0,"href":"https:\/\/www.europesays.com\/lv\/wp-json\/wp\/v2\/posts\/31911\/revisions"}],"wp:featuredmedia":[{"embeddable":true,"href":"https:\/\/www.europesays.com\/lv\/wp-json\/wp\/v2\/media\/31912"}],"wp:attachment":[{"href":"https:\/\/www.europesays.com\/lv\/wp-json\/wp\/v2\/media?parent=31911"}],"wp:term":[{"taxonomy":"category","embeddable":true,"href":"https:\/\/www.europesays.com\/lv\/wp-json\/wp\/v2\/categories?post=31911"},{"taxonomy":"post_tag","embeddable":true,"href":"https:\/\/www.europesays.com\/lv\/wp-json\/wp\/v2\/tags?post=31911"}],"curies":[{"name":"wp","href":"https:\/\/api.w.org\/{rel}","templated":true}]}}