{"id":31917,"date":"2025-10-26T22:14:12","date_gmt":"2025-10-26T22:14:12","guid":{"rendered":"https:\/\/www.europesays.com\/lv\/31917\/"},"modified":"2025-10-26T22:14:12","modified_gmt":"2025-10-26T22:14:12","slug":"cik-sievietem-jamirst-lai-mes-stambulas-konvenciju-saktu-uztvert-nopietni","status":"publish","type":"post","link":"https:\/\/www.europesays.com\/lv\/31917\/","title":{"rendered":"Cik sieviet\u0113m j\u0101mirst, lai m\u0113s Stambulas konvenciju s\u0101ktu uztvert nopietni?"},"content":{"rendered":"<p>Tikm\u0113r Latvijas starptautiskie partneri asi rea\u0123\u0113ju\u0161i uz iesp\u0113jamo konvencijas denons\u0113\u0161anu. Saeimas vad\u012bba un komisijas p\u0101rst\u0101vji sa\u0146\u0113mu\u0161i vair\u0101ku \u0101rvalstu v\u0113stnieku v\u0113stules ar aicin\u0101jumu saglab\u0101t dal\u012bbu konvencij\u0101. \u0160\u0101da koordin\u0113ta diplom\u0101tiska r\u012bc\u012bba ir nebijis gad\u012bjums Latvijas politik\u0101, kas apliecina sabiedroto nopietno satraukumu.\u00a0<\/p>\n<p>Stambulas konvencija stiprina Eiropas v\u0113rt\u012bbu un cilv\u0113kties\u012bbu aizsardz\u012bbu, pasarg\u0101jot sabiedr\u012bbu no vardarb\u012bbas un diskrimin\u0101cijas. Paradoks\u0101li, bet tie\u0161i t\u0101s saglab\u0101\u0161ana, nevis noraid\u012b\u0161ana, noz\u012bm\u0113 nacion\u0101lo un demokr\u0101tisko v\u0113rt\u012bbu aizst\u0101v\u0113\u0161anu \u2014 to, uz k\u0101 balst\u0101s m\u016bsdienu Eiropa.\u00a0<\/p>\n<p>Politi\u0137u uzdevums ir ieklaus\u012bties sabiedr\u012bb\u0101\u00a0<\/p>\n<p>Sabiedr\u012bba savu poz\u012bciju ir skaidri paudusi, protest\u0113jot pret ieceri izst\u0101ties no Stambulas konvencijas, bet platform\u0101 ManaBalss.lv uz oktobra beig\u0101m sav\u0101kti vair\u0101k nek\u0101 12 500 paraksti par dal\u012bbas turpin\u0101\u0161anu. Ar\u012b sabiedrisk\u0101s domas aptauja apliecina, ka vair\u0101kums iedz\u012bvot\u0101ju neatbalsta izst\u0101\u0161anos \u2014 49 % respondentu iebilst pret \u0161o ideju, 31 % to atbalsta, bet 20 % nav konkr\u0113ta viedok\u013ca**.\u00a0<\/p>\n<p>Konvencijas atcel\u0161anas iniciat\u012bva diem\u017e\u0113l neatspogu\u013co sabiedr\u012bbas vair\u0101kuma nost\u0101ju. L\u0113mums virz\u012bt \u0161o jaut\u0101jumu izskat\u012b\u0161anai dr\u012bz\u0101k izskat\u0101s p\u0113c politiskas taktikas, nevis r\u016bp\u0113m par sabiedr\u012bbas interes\u0113m. \u0160aj\u0101s sp\u0113l\u0113s liel\u0101kie zaud\u0113t\u0101ji ir sievietes un \u0123imenes, kas ik dienu saskaras ar vardarb\u012bbas risku.\u00a0<\/p>\n<p>J\u0101atz\u012bst, ka konvencijas liktenis k\u013cuvis par lakmusa testu Latvijas politiskajam kursam \u2014 vai palikt Eiropas v\u0113rt\u012bbu telp\u0101 vai spert soli atpaka\u013c. 22. oktobr\u012b Saeimas \u0100rlietu komisija konceptu\u0101li atbalst\u012bja ieceri par izst\u0101\u0161anos, virzot jaut\u0101jumu uz Saeimas s\u0113di. Tiek gaid\u012bts ar\u012b Ven\u0113cijas komisijas atzinums, kas v\u0113rt\u0113s denons\u0113\u0161anas juridisk\u0101s un reput\u0101cijas sekas \u2014 t\u0101s atbilst\u012bbu demokr\u0101tijas un tiesiskuma principiem, nacion\u0101l\u0101 regul\u0113juma sp\u0113ju nodro\u0161in\u0101t l\u012bdzv\u0113rt\u012bgu aizsardz\u012bbu.\u00a0<\/p>\n<p>P\u0113c konvenciju denons\u0113\u0161anas, Latvija izol\u0113sies no Eiropas cilv\u0113kties\u012bbu sist\u0113mas, zaud\u0113s iesp\u0113ju ietekm\u0113t starptautiskos procesus un graus savu uzticam\u012bbu k\u0101 ANO Dro\u0161\u012bbas padomes dal\u012bbvalsts. \u0160\u0101ds solis noz\u012bm\u0113tu ar\u012b v\u0101jin\u0101tu aizsardz\u012bbu vardarb\u012bbas upuriem \u2014 bez starptautiskas uzraudz\u012bbas meh\u0101nismi k\u013c\u016btu form\u0101li, bet atbalsts fragment\u0101rs un atkar\u012bgs no politisk\u0101s konjunkt\u016bras.\u00a0<\/p>\n<p>Tom\u0113r visvair\u0101k izst\u0101\u0161an\u0101s signaliz\u0113tu sieviet\u0113m un \u0123imen\u0113m, ka valst\u012b tr\u016bkst politisk\u0101s gribas un mor\u0101l\u0101s atbild\u012bbas, lai nodro\u0161in\u0101tu re\u0101lu aizsardz\u012bbu un atbalstu tiem, kas visvair\u0101k cie\u0161 no vardarb\u012bbas. Aizspriedumaini uzskati \u201csit, t\u0101tad m\u012bl\u201d nedr\u012bkst k\u013c\u016bt par Latvijas politikas n\u0101kotni. Stambulas konvencija ir par cilv\u0113kties\u012bb\u0101m, nevis ideolo\u0123iju. Un tie\u0161i t\u0101p\u0113c tai j\u0101paliek \u0101rpus politisk\u0101m manipul\u0101cij\u0101m un priek\u0161v\u0113l\u0113\u0161anu retorikas.\u00a0<\/p>\n<p class=\"paragraph-muted\">*. Eiropas Padome. (2011). Konvencija par vardarb\u012bbas pret sieviet\u0113m un vardarb\u012bbas \u0123imen\u0113 nov\u0113r\u0161anu un apkaro\u0161anu (Stambulas konvencija). Izg\u016bts no : <a href=\"https:\/\/www.coe.int\/en\/web\/istanbul-convention\/text-of-the-convention?utm_source=chatgpt.com\" rel=\"nofollow noopener\" target=\"_blank\">https:\/\/www.coe.int\/en\/web\/istanbul-convention\/text-of-the-convention<\/a>\u00a0<\/p>\n<p class=\"paragraph-muted\">**. Berg Research. (2025). Sabiedrisk\u0101s domas p\u0113t\u012bjums par izst\u0101\u0161anos no Stambulas konvencijas. Izg\u016bts no <a href=\"https:\/\/www.tvnet.lv\/8346825\/aptauja-sabiedribas-vairakums-neatbalsta-izstasanos-no-stambulas-konvencijas\" rel=\"nofollow noopener\" target=\"_blank\">https:\/\/www.tvnet.lv\/8346825\/aptauja-sabiedribas-vairakums-neatbalsta-izstasanos-no-stambulas-konvencijas<\/a><\/p>\n<p class=\"paragraph-muted\">Izv\u0113lies savu soct\u012bklu platformu, lai sekotu LASI.LV: <a href=\"https:\/\/www.facebook.com\/portals.lasi.lv\" target=\"_blank\" rel=\"noopener noreferrer nofollow\">Facebook<\/a>, <a href=\"https:\/\/twitter.com\/lasilvportals\" target=\"_blank\" rel=\"noopener noreferrer nofollow\">X<\/a>, <a href=\"https:\/\/bsky.app\/profile\/lasilv.bsky.social\" target=\"_blank\" rel=\"noopener noreferrer nofollow\">Bluesky<\/a>, <a href=\"https:\/\/www.draugiem.lv\/lasilv\/?pg=4\" target=\"_blank\" rel=\"noopener noreferrer nofollow\">Draugiem<\/a> vai ar\u012b <a href=\"https:\/\/www.instagram.com\/lasilv_zinas\/\" target=\"_blank\" rel=\"noopener noreferrer nofollow\">Instagram<\/a>. Pievienojies m\u016bsu las\u012bt\u0101ju pulkam, lai sa\u0146emtu \u012bpa\u0161i tev atlas\u012btu noder\u012bgu, praktisku un aktu\u0101lu saturu.\u00a0<\/p>\n<p><a href=\"https:\/\/lasi.lv\/abonesana\" rel=\"nofollow noopener\" target=\"_blank\">Abon\u0113<\/a>\u00a0LASI.LV gadam\u00a0vai k\u0101du no\u00a0&#8220;Latvijas Mediju&#8221; periodiskajiem izdevumiem 2026. gadam, un laim\u0113 1500 eiro vai Philips kafijas autom\u0101tu. Loterijas at\u013caujas nr. 8744.<\/p>\n<p><img decoding=\"async\" src=\"https:\/\/www.europesays.com\/lv\/wp-content\/uploads\/2025\/10\/1760568371_496_2025100311425268df8c8c1572e.jpg\" alt=\"\" loading=\"lazy\"\/><\/p>\n<p style=\"margin-left:auto;\">Pieraksties LASI.LV redaktora v\u0113stkopai <a href=\"https:\/\/lasi.lv\/vestkopa\/lasi-lv-galvena-redaktora-vestkopa\" rel=\"nofollow noopener\" target=\"_blank\">\u0161eit<\/a>.<\/p>\n<p>Pieraksties v\u0113stkopai un divas reizes ned\u0113\u013c\u0101 sa\u0146em padzi\u013cin\u0101tu LASI.LV galven\u0101 redaktora aktu\u0101lo zi\u0146u, kompetentu viedok\u013cu un interesant\u0101ko interviju apkopojumu.<\/p>\n<p>Ko tu sa\u0146emsi:<\/p>\n<ul>\n<li>Daudzveid\u012bgus koment\u0101rus un kompetentus Latvijas Mediju \u017eurn\u0101listu un autoru viedok\u013cus par aktu\u0101lo<\/li>\n<li>Ekspertu koment\u0101rus par da\u017e\u0101diem praktiskiem, noder\u012bgiem tematiem<\/li>\n<li>Aizraujo\u0161us materi\u0101lus par v\u0113sturi, psiholo\u0123iju, kult\u016bru<\/li>\n<li>Gata \u0160\u013c\u016bkas karikat\u016bru<\/li>\n<li>Tav\u0101 e-pasta kast\u012bt\u0113 katru ceturtdienu<\/li>\n<\/ul>\n<p style=\"margin-left:auto;\">\u00a0<\/p>\n<p><script async src=\"https:\/\/platform.twitter.com\/widgets.js\" charset=\"utf-8\"><\/script><script async src=\"\/\/www.instagram.com\/embed.js\"><\/script><\/p>\n","protected":false},"excerpt":{"rendered":"Tikm\u0113r Latvijas starptautiskie partneri asi rea\u0123\u0113ju\u0161i uz iesp\u0113jamo konvencijas denons\u0113\u0161anu. Saeimas vad\u012bba un komisijas p\u0101rst\u0101vji sa\u0146\u0113mu\u0161i vair\u0101ku \u0101rvalstu&hellip;\n","protected":false},"author":2,"featured_media":31918,"comment_status":"","ping_status":"","sticky":false,"template":"","format":"standard","meta":{"footnotes":""},"categories":[5],"tags":[23,28,29,32,33,22,30,31,35,39,38,36,37,34,40,20,26,27,24,25,21],"class_list":{"0":"post-31917","1":"post","2":"type-post","3":"status-publish","4":"format-standard","5":"has-post-thumbnail","7":"category-aktualitates","8":"tag-aktualitates","9":"tag-breaking-news","10":"tag-breakingnews","11":"tag-featured-news","12":"tag-featurednews","13":"tag-headlines","14":"tag-latest-news","15":"tag-latestnews","16":"tag-latvia","17":"tag-latvian","18":"tag-latviesu","19":"tag-latviesu-valoda","20":"tag-latviesuvaloda","21":"tag-latvija","22":"tag-lv","23":"tag-news","24":"tag-popularakas-zinas","25":"tag-popularakaszinas","26":"tag-top-stories","27":"tag-topstories","28":"tag-zinas"},"share_on_mastodon":{"url":"https:\/\/pubeurope.com\/@lv\/115442775947524253","error":""},"_links":{"self":[{"href":"https:\/\/www.europesays.com\/lv\/wp-json\/wp\/v2\/posts\/31917","targetHints":{"allow":["GET"]}}],"collection":[{"href":"https:\/\/www.europesays.com\/lv\/wp-json\/wp\/v2\/posts"}],"about":[{"href":"https:\/\/www.europesays.com\/lv\/wp-json\/wp\/v2\/types\/post"}],"author":[{"embeddable":true,"href":"https:\/\/www.europesays.com\/lv\/wp-json\/wp\/v2\/users\/2"}],"replies":[{"embeddable":true,"href":"https:\/\/www.europesays.com\/lv\/wp-json\/wp\/v2\/comments?post=31917"}],"version-history":[{"count":0,"href":"https:\/\/www.europesays.com\/lv\/wp-json\/wp\/v2\/posts\/31917\/revisions"}],"wp:featuredmedia":[{"embeddable":true,"href":"https:\/\/www.europesays.com\/lv\/wp-json\/wp\/v2\/media\/31918"}],"wp:attachment":[{"href":"https:\/\/www.europesays.com\/lv\/wp-json\/wp\/v2\/media?parent=31917"}],"wp:term":[{"taxonomy":"category","embeddable":true,"href":"https:\/\/www.europesays.com\/lv\/wp-json\/wp\/v2\/categories?post=31917"},{"taxonomy":"post_tag","embeddable":true,"href":"https:\/\/www.europesays.com\/lv\/wp-json\/wp\/v2\/tags?post=31917"}],"curies":[{"name":"wp","href":"https:\/\/api.w.org\/{rel}","templated":true}]}}