{"id":31929,"date":"2025-10-26T22:26:12","date_gmt":"2025-10-26T22:26:12","guid":{"rendered":"https:\/\/www.europesays.com\/lv\/31929\/"},"modified":"2025-10-26T22:26:12","modified_gmt":"2025-10-26T22:26:12","slug":"vilnas-lidosta-slegta-meteozonzu-del-reisu-kavesanas-iespejama","status":"publish","type":"post","link":"https:\/\/www.europesays.com\/lv\/31929\/","title":{"rendered":"Vi\u013c\u0146as lidosta sl\u0113gta meteozon\u017eu d\u0113\u013c \u2013 reisu kav\u0113\u0161an\u0101s iesp\u0113jama"},"content":{"rendered":"<p class=\"descr\">Vi\u013c\u0146as lidosta sestdienas vakar\u0101 uz laiku tika sl\u0113gta dro\u0161\u012bbas apsv\u0113rumu d\u0113\u013c, jo lidostas virzien\u0101 lidoja meteorolo\u0123iskie baloni, ko ierasti izmanto kontrabandisti no Baltkrievijas.<\/p>\n<p>K\u0101 liecina Vi\u013c\u0146as lidostas soci\u0101lajos t\u012bklos public\u0113t\u0101 inform\u0101cija, iesp\u0113jamu <a href=\"https:\/\/nra.lv\/birka\/meteozondes\/\" rel=\"nofollow noopener\" target=\"_blank\">meteozon\u017eu<\/a> rad\u012bto risku d\u0113\u013c Vi\u013c\u0146as lidosta tika sl\u0113gta plkst. 21.35. Lidostas darb\u012bba atjaunota plkst. 3.30.<\/p>\n<blockquote><p>Vi\u013c\u0146as lidostas br\u012bdina, ka ar\u012b sv\u0113tdien iesp\u0113jama reisu kav\u0113\u0161an\u0101s, jo lidostas sl\u0113g\u0161anas d\u0113\u013c ir bijusi trauc\u0113ta apkalpes un lidma\u0161\u012bnu kust\u012bba.<\/p><\/blockquote>\n<p>T\u0101 bija tre\u0161\u0101 nakts p\u0113c k\u0101rtas, kad meteorolo\u0123isko balonu d\u0113\u013c sl\u0113gta Vi\u013c\u0146as lidosta. Nakt\u012b uz sestdienu satiksme \u012bslaic\u012bgi tika aptur\u0113ta ar\u012b Kau\u0146as lidost\u0101.<\/p>\n<p>Pirms tam iepriek\u0161\u0113jo reizi <a href=\"https:\/\/nra.lv\/birka\/kontrabanda\/\" rel=\"nofollow noopener\" target=\"_blank\">kontrabandas<\/a> baloni Vi\u013c\u0146as lidostas darb\u012bbu ietekm\u0113ja oktobra s\u0101kum\u0101, kad Lietuvas gaisa telpu \u0161\u0137\u0113rsoja vair\u0101k nek\u0101 20 meteorolo\u0123iskie baloni.<\/p>\n<p>P\u0113c tam, kad Lietuva sl\u0113dza da\u017eus robe\u017ekontroles punktus ar <a href=\"https:\/\/nra.lv\/birka\/baltkrievija\/\" rel=\"nofollow noopener\" target=\"_blank\">Baltkrieviju<\/a>, uzb\u016bv\u0113ja fizisku no\u017eogojumu gar robe\u017eu un pastiprin\u0101ja robe\u017eas dro\u0161\u012bbu, meteorolo\u0123iskie baloni ir k\u013cuvu\u0161i par vienu no visizplat\u012bt\u0101kaj\u0101m tabakas izstr\u0101d\u0101jumu kontrabandas metod\u0113m.<\/p>\n","protected":false},"excerpt":{"rendered":"Vi\u013c\u0146as lidosta sestdienas vakar\u0101 uz laiku tika sl\u0113gta dro\u0161\u012bbas apsv\u0113rumu d\u0113\u013c, jo lidostas virzien\u0101 lidoja meteorolo\u0123iskie baloni, ko&hellip;\n","protected":false},"author":2,"featured_media":30321,"comment_status":"","ping_status":"","sticky":false,"template":"","format":"standard","meta":{"footnotes":""},"categories":[5],"tags":[23,28,29,32,33,22,30,31,35,39,38,36,37,34,40,20,26,27,24,25,21],"class_list":{"0":"post-31929","1":"post","2":"type-post","3":"status-publish","4":"format-standard","5":"has-post-thumbnail","7":"category-aktualitates","8":"tag-aktualitates","9":"tag-breaking-news","10":"tag-breakingnews","11":"tag-featured-news","12":"tag-featurednews","13":"tag-headlines","14":"tag-latest-news","15":"tag-latestnews","16":"tag-latvia","17":"tag-latvian","18":"tag-latviesu","19":"tag-latviesu-valoda","20":"tag-latviesuvaloda","21":"tag-latvija","22":"tag-lv","23":"tag-news","24":"tag-popularakas-zinas","25":"tag-popularakaszinas","26":"tag-top-stories","27":"tag-topstories","28":"tag-zinas"},"share_on_mastodon":{"url":"https:\/\/pubeurope.com\/@lv\/115442822972644297","error":""},"_links":{"self":[{"href":"https:\/\/www.europesays.com\/lv\/wp-json\/wp\/v2\/posts\/31929","targetHints":{"allow":["GET"]}}],"collection":[{"href":"https:\/\/www.europesays.com\/lv\/wp-json\/wp\/v2\/posts"}],"about":[{"href":"https:\/\/www.europesays.com\/lv\/wp-json\/wp\/v2\/types\/post"}],"author":[{"embeddable":true,"href":"https:\/\/www.europesays.com\/lv\/wp-json\/wp\/v2\/users\/2"}],"replies":[{"embeddable":true,"href":"https:\/\/www.europesays.com\/lv\/wp-json\/wp\/v2\/comments?post=31929"}],"version-history":[{"count":0,"href":"https:\/\/www.europesays.com\/lv\/wp-json\/wp\/v2\/posts\/31929\/revisions"}],"wp:featuredmedia":[{"embeddable":true,"href":"https:\/\/www.europesays.com\/lv\/wp-json\/wp\/v2\/media\/30321"}],"wp:attachment":[{"href":"https:\/\/www.europesays.com\/lv\/wp-json\/wp\/v2\/media?parent=31929"}],"wp:term":[{"taxonomy":"category","embeddable":true,"href":"https:\/\/www.europesays.com\/lv\/wp-json\/wp\/v2\/categories?post=31929"},{"taxonomy":"post_tag","embeddable":true,"href":"https:\/\/www.europesays.com\/lv\/wp-json\/wp\/v2\/tags?post=31929"}],"curies":[{"name":"wp","href":"https:\/\/api.w.org\/{rel}","templated":true}]}}