{"id":31930,"date":"2025-10-26T22:27:13","date_gmt":"2025-10-26T22:27:13","guid":{"rendered":"https:\/\/www.europesays.com\/lv\/31930\/"},"modified":"2025-10-26T22:27:13","modified_gmt":"2025-10-26T22:27:13","slug":"dzesika-simpsone-lateksa-drosmiga-atgriesanas-45-gadu-vecuma","status":"publish","type":"post","link":"https:\/\/www.europesays.com\/lv\/31930\/","title":{"rendered":"D\u017eesika Simpsone lateks\u0101 \u2013 drosm\u012bga atgrie\u0161an\u0101s 45 gadu vecum\u0101"},"content":{"rendered":"<p>Uz sarkan\u0101 pakl\u0101ja Simpsone izv\u0113l\u0113j\u0101s melnu, piegu\u013co\u0161u lateksa kleitu no z\u012bmola Vex Clothing \u2014 ar dzi\u013cu V-izgriezumu un augstu \u0161\u0137\u0113lumu, kas uzsv\u0113ra vi\u0146as lielisko formu un sievi\u0161\u0137\u012bbu.<\/p>\n<p>Simpsone p\u0113c pirmizr\u0101des atzina: \u201c45 gados es j\u016btos k\u0101 no jauna piedzimusi.\u201d Un tie\u0161i \u0161\u012b fr\u0101ze k\u013cuva par vi\u0146as vakara manifestu \u2013 ne tikai par skaistumu, bet ar\u012b par sievietes br\u012bv\u012bbu justies pa\u0161ai sav\u0101 \u0101d\u0101.<\/p>\n<p>Modes eksperti jau steidz koment\u0113t, ka latekss atkal atgrie\u017eas \u2013 ne k\u0101 provok\u0101cija, bet k\u0101 p\u0101rliec\u012bbas audums.<\/p>\n<p><img decoding=\"async\" class=\"figure__image\" onclick=\"triggerEvent('articleImageClick', { id: 17216048, focus: 'single-image', focusIndex: '17216048' })\" onkeydown=\"if (event.key === 'Enter') {&#10;        triggerEvent('articleImageClick', { id: 17216048, focus: 'single-image', focusIndex: '17216048' })&#10;        }\" role=\"button\" tabindex=\"0\" data-focus-from=\"single-image\" data-focus-index=\"17216048\" src=\"https:\/\/www.europesays.com\/lv\/wp-content\/uploads\/2025\/10\/17216048t1h7975.jpg\" onload=\"this.parentElement.classList.remove('figure__image-loading')\" alt=\"\"\/> Foto: AP\/Scanpix<img decoding=\"async\" class=\"figure__image\" onclick=\"triggerEvent('articleImageClick', { id: 17216044, focus: 'single-image', focusIndex: '17216044' })\" onkeydown=\"if (event.key === 'Enter') {&#10;        triggerEvent('articleImageClick', { id: 17216044, focus: 'single-image', focusIndex: '17216044' })&#10;        }\" role=\"button\" tabindex=\"0\" data-focus-from=\"single-image\" data-focus-index=\"17216044\" src=\"https:\/\/www.europesays.com\/lv\/wp-content\/uploads\/2025\/10\/17216044t1hf854.jpg\" onload=\"this.parentElement.classList.remove('figure__image-loading')\" alt=\"\"\/> Foto: AFP\/SCANPIX<img decoding=\"async\" class=\"figure__image\" onclick=\"triggerEvent('articleImageClick', { id: 17216045, focus: 'single-image', focusIndex: '17216045' })\" onkeydown=\"if (event.key === 'Enter') {&#10;        triggerEvent('articleImageClick', { id: 17216045, focus: 'single-image', focusIndex: '17216045' })&#10;        }\" role=\"button\" tabindex=\"0\" data-focus-from=\"single-image\" data-focus-index=\"17216045\" src=\"https:\/\/www.europesays.com\/lv\/wp-content\/uploads\/2025\/10\/17216045t1hf41b.jpg\" onload=\"this.parentElement.classList.remove('figure__image-loading')\" alt=\"\"\/> Foto: AFP\/SCANPIX<img decoding=\"async\" class=\"figure__image\" onclick=\"triggerEvent('articleImageClick', { id: 17216042, focus: 'single-image', focusIndex: '17216042' })\" onkeydown=\"if (event.key === 'Enter') {&#10;        triggerEvent('articleImageClick', { id: 17216042, focus: 'single-image', focusIndex: '17216042' })&#10;        }\" role=\"button\" tabindex=\"0\" data-focus-from=\"single-image\" data-focus-index=\"17216042\" src=\"https:\/\/www.europesays.com\/lv\/wp-content\/uploads\/2025\/10\/17216042t1h8e6d.jpg\" onload=\"this.parentElement.classList.remove('figure__image-loading')\" alt=\"\"\/> Foto: AFP\/SCANPIX<img decoding=\"async\" class=\"figure__image\" onclick=\"triggerEvent('articleImageClick', { id: 17216041, focus: 'single-image', focusIndex: '17216041' })\" onkeydown=\"if (event.key === 'Enter') {&#10;        triggerEvent('articleImageClick', { id: 17216041, focus: 'single-image', focusIndex: '17216041' })&#10;        }\" role=\"button\" tabindex=\"0\" data-focus-from=\"single-image\" data-focus-index=\"17216041\" src=\"https:\/\/www.europesays.com\/lv\/wp-content\/uploads\/2025\/10\/17216041t1h0511.jpg\" onload=\"this.parentElement.classList.remove('figure__image-loading')\" alt=\"\"\/> Foto: AFP\/SCANPIX<\/p>\n","protected":false},"excerpt":{"rendered":"Uz sarkan\u0101 pakl\u0101ja Simpsone izv\u0113l\u0113j\u0101s melnu, piegu\u013co\u0161u lateksa kleitu no z\u012bmola Vex Clothing \u2014 ar dzi\u013cu V-izgriezumu un&hellip;\n","protected":false},"author":2,"featured_media":31931,"comment_status":"","ping_status":"","sticky":false,"template":"","format":"standard","meta":{"footnotes":""},"categories":[19],"tags":[9587,9586,89,90,35,39,38,36,37,34,40,175],"class_list":{"0":"post-31930","1":"post","2":"type-post","3":"status-publish","4":"format-standard","5":"has-post-thumbnail","7":"category-izklaide","8":"tag-dienas-kleita","9":"tag-dzesika-simpsone","10":"tag-entertainment","11":"tag-izklaide","12":"tag-latvia","13":"tag-latvian","14":"tag-latviesu","15":"tag-latviesu-valoda","16":"tag-latviesuvaloda","17":"tag-latvija","18":"tag-lv","19":"tag-mode"},"share_on_mastodon":{"url":"https:\/\/pubeurope.com\/@lv\/115442826816339891","error":""},"_links":{"self":[{"href":"https:\/\/www.europesays.com\/lv\/wp-json\/wp\/v2\/posts\/31930","targetHints":{"allow":["GET"]}}],"collection":[{"href":"https:\/\/www.europesays.com\/lv\/wp-json\/wp\/v2\/posts"}],"about":[{"href":"https:\/\/www.europesays.com\/lv\/wp-json\/wp\/v2\/types\/post"}],"author":[{"embeddable":true,"href":"https:\/\/www.europesays.com\/lv\/wp-json\/wp\/v2\/users\/2"}],"replies":[{"embeddable":true,"href":"https:\/\/www.europesays.com\/lv\/wp-json\/wp\/v2\/comments?post=31930"}],"version-history":[{"count":0,"href":"https:\/\/www.europesays.com\/lv\/wp-json\/wp\/v2\/posts\/31930\/revisions"}],"wp:featuredmedia":[{"embeddable":true,"href":"https:\/\/www.europesays.com\/lv\/wp-json\/wp\/v2\/media\/31931"}],"wp:attachment":[{"href":"https:\/\/www.europesays.com\/lv\/wp-json\/wp\/v2\/media?parent=31930"}],"wp:term":[{"taxonomy":"category","embeddable":true,"href":"https:\/\/www.europesays.com\/lv\/wp-json\/wp\/v2\/categories?post=31930"},{"taxonomy":"post_tag","embeddable":true,"href":"https:\/\/www.europesays.com\/lv\/wp-json\/wp\/v2\/tags?post=31930"}],"curies":[{"name":"wp","href":"https:\/\/api.w.org\/{rel}","templated":true}]}}