{"id":31937,"date":"2025-10-26T22:57:07","date_gmt":"2025-10-26T22:57:07","guid":{"rendered":"https:\/\/www.europesays.com\/lv\/31937\/"},"modified":"2025-10-26T22:57:07","modified_gmt":"2025-10-26T22:57:07","slug":"alvja-hermana-izrade-par-dzives-briniskajiem-un-skumjajiem-celiem-lente-lv","status":"publish","type":"post","link":"https:\/\/www.europesays.com\/lv\/31937\/","title":{"rendered":"Alvja Herma\u0146a izr\u0101de par dz\u012bves br\u012bni\u0161\u0137ajiem un skumjajiem ce\u013ciem\u00a0\u2014\u00a0Lente.lv"},"content":{"rendered":"<p>Par br\u012bni\u0161\u0137o un skumjo dz\u012bves ce\u013cojumu uz skatuves<\/p>\n<p>Alvja Herma\u0146a jaun\u0101kais iestud\u0113jums Jaunaj\u0101 R\u012bgas te\u0101tr\u012b, izr\u0101de &#8220;Kritiens aug\u0161up&#8221;, aicina skat\u012bt\u0101jus uz dzi\u013cu un emocion\u0101lu ce\u013cojumu, kas savijas no dz\u012bves br\u012bni\u0161\u0137\u012bgajiem mirk\u013ciem un neizb\u0113gamaj\u0101m skumj\u0101m.<\/p>\n<p>Ce\u013c\u0161 pie mammas \u2013 gan tie\u0161\u0101, gan p\u0101rnest\u0101 noz\u012bm\u0113<\/p>\n<p>Izr\u0101de tapusi p\u0113c v\u0101cu m\u016bsdienu te\u0101tra aktiera un arvien atz\u012bt\u0101ka rakstnieka Joahima Meierhofa jaun\u0101k\u0101 rom\u0101na &#8220;Var jau krist ar\u012b aug\u0161up&#8221; mot\u012bviem. K\u0101 pats re\u017eisors Alvis Hermanis atz\u012bst, Meierhofa liter\u0101rie darbi p\u0101rsteidz ar gudriem un sirsn\u012bgiem dz\u012bves nov\u0113rojumiem, kas sp\u0113j par\u0101d\u012bt pasauli no negaid\u012bta skatupunkta. Rom\u0101na pamat\u0101 ir autora ce\u013cojums pie savas m\u0101tes, kas risin\u0101s gan fizisk\u0101, gan metaforisk\u0101 noz\u012bm\u0113. \u0160is ce\u013c\u0161 k\u013c\u016bst par metaforu cilv\u0113ka dz\u012bves ce\u013cojumam \u2013 ar t\u0101 augst\u0101kajiem punktiem un dzi\u013c\u0101kaj\u0101m kr\u012bz\u0113m.<\/p>\n<p>Aktiera profesijas spogu\u013catt\u0113ls: spo\u017eums un \u0113nas<\/p>\n<p>Otrs noz\u012bm\u012bgais temats, kas caurvij gan Meierhofa rom\u0101nu, gan Herma\u0146a iestud\u0113jumu, ir aktiera profesijas neredzam\u0101, bie\u017ei vien nepaman\u012bt\u0101 puse. T\u0101 tiek atkl\u0101ta gan t\u0101s tra\u0123iskaj\u0101, gan komiskaj\u0101 aspekt\u0101. Izr\u0101de neatkl\u0101j tikai skatuves spo\u017eumu un aplausus, bet ar\u012b aizkulises, kur\u0101s sl\u0113pjas smags darbs, dzi\u013cas emocijas un varb\u016bt pat vientul\u012bba. T\u0101 ir skatuves m\u0101kslas spogulis, kas atspogu\u013co gan rad\u012b\u0161anas prieku, gan rad\u012b\u0161anas s\u0101pes, \u013caujot iel\u016bkoties taj\u0101 dzi\u013cum\u0101, kas sl\u0113pjas aiz katra veiksm\u012bga priek\u0161nesuma.<\/p>\n<p>P\u0101rsteigums m\u016bsdienu m\u0101ksl\u0101<\/p>\n<p>Alvis Hermanis, kur\u0161 pats ir ilggad\u0113js Jaun\u0101 R\u012bgas te\u0101tra m\u0101kslinieciskais vad\u012bt\u0101js un nov\u0113rt\u0113ts re\u017eisors gan Latvij\u0101, gan starptautiski, uzsver, ka m\u016bsdienu m\u0101ksl\u0101 ir gr\u016bti piedz\u012bvot \u012bstu p\u0101rsteigumu. Tom\u0113r, vi\u0146apr\u0101t, Joahimam Meierhofam tas ir izdevies. Gan vi\u0146a liter\u0101rie darbi, gan izr\u0101de &#8220;Kritiens aug\u0161up&#8221; sp\u0113j skat\u012bt\u0101ju aizraut, likt aizdom\u0101ties un pied\u0101v\u0101t jaunu perspekt\u012bvu uz mums pa\u0161iem un pasauli apk\u0101rt.<\/p>\n<p>Iestud\u0113juma komanda un pirmizr\u0101de<\/p>\n<p>Izr\u0101d\u0113 &#8220;Kritiens aug\u0161up&#8221; piedal\u0101s spo\u017es aktieru ansamblis: Gundars \u0100boli\u0146\u0161, Vilis Daudzi\u0146\u0161, Kaspars Znoti\u0146\u0161, Andris Kei\u0161s, J\u0101nis Skutelis, Ritvars Logins, Gerds Lapo\u0161ka un Krist\u012bne Kr\u016bze. Izr\u0101de pirmoreiz tika par\u0101d\u012bta skat\u012bt\u0101jiem 2025. gada 24. oktobr\u012b Jaun\u0101 R\u012bgas te\u0101tra Lielaj\u0101 z\u0101l\u0113. Izr\u0101des ilgums ir iespaid\u012bgas \u010detras stundas un tr\u012bsdesmit piecas min\u016btes, sadal\u012bts tr\u012bs c\u0113lienos. Bi\u013cetes uz oktobra un novembra izr\u0101d\u0113m jau ir izp\u0101rdotas, apliecinot iestud\u0113juma lielo popularit\u0101ti. Bi\u013cetes uz decembra izr\u0101d\u0113m k\u013cuva pieejamas no 9. oktobra.<\/p>\n<p>Dz\u012bves ce\u013ca div\u0113j\u0101d\u012bba<\/p>\n<p>&#8220;Kritiens aug\u0161up&#8221; ir ne tikai metaforiska nor\u0101de uz sp\u0113ju piecelties p\u0113c kritiena, bet ar\u012b dzi\u013c\u0161 atskats uz dz\u012bves neparedzam\u012bbu un t\u0101s nep\u0101rtraukto mijiedarb\u012bbu ar pretstatiem. T\u0101 ir atg\u0101din\u0101jums, ka pat visdzi\u013c\u0101kaj\u0101 kr\u012bz\u0113 var rasties jaunas iesp\u0113jas un ka dz\u012bves skaistums bie\u017ei vien sl\u0113pjas tie\u0161i \u0161aj\u0101 neparedzamo notikumu virkn\u0113, kur\u0101 savijas prieks un skumjas, cer\u012bba un vil\u0161an\u0101s. Tas ir st\u0101sts par cilv\u0113ka sp\u0113ju atrast ce\u013cu uz aug\u0161u, pat tad, kad \u0161\u0137iet, ka viss ir zaud\u0113ts.<\/p>\n","protected":false},"excerpt":{"rendered":"Par br\u012bni\u0161\u0137o un skumjo dz\u012bves ce\u013cojumu uz skatuves Alvja Herma\u0146a jaun\u0101kais iestud\u0113jums Jaunaj\u0101 R\u012bgas te\u0101tr\u012b, izr\u0101de &#8220;Kritiens aug\u0161up&#8221;,&hellip;\n","protected":false},"author":2,"featured_media":31938,"comment_status":"","ping_status":"","sticky":false,"template":"","format":"standard","meta":{"footnotes":""},"categories":[19],"tags":[6081,5992,89,90,5272,5994,5993,35,39,38,36,37,34,40],"class_list":{"0":"post-31937","1":"post","2":"type-post","3":"status-publish","4":"format-standard","5":"has-post-thumbnail","7":"category-izklaide","8":"tag-aktiera-profesija","9":"tag-alvis-hermanis","10":"tag-entertainment","11":"tag-izklaide","12":"tag-jaunais-rigas-teatris","13":"tag-joahims-meierhofs","14":"tag-kritiens-augsup","15":"tag-latvia","16":"tag-latvian","17":"tag-latviesu","18":"tag-latviesu-valoda","19":"tag-latviesuvaloda","20":"tag-latvija","21":"tag-lv"},"share_on_mastodon":{"url":"https:\/\/pubeurope.com\/@lv\/115442944760146390","error":""},"_links":{"self":[{"href":"https:\/\/www.europesays.com\/lv\/wp-json\/wp\/v2\/posts\/31937","targetHints":{"allow":["GET"]}}],"collection":[{"href":"https:\/\/www.europesays.com\/lv\/wp-json\/wp\/v2\/posts"}],"about":[{"href":"https:\/\/www.europesays.com\/lv\/wp-json\/wp\/v2\/types\/post"}],"author":[{"embeddable":true,"href":"https:\/\/www.europesays.com\/lv\/wp-json\/wp\/v2\/users\/2"}],"replies":[{"embeddable":true,"href":"https:\/\/www.europesays.com\/lv\/wp-json\/wp\/v2\/comments?post=31937"}],"version-history":[{"count":0,"href":"https:\/\/www.europesays.com\/lv\/wp-json\/wp\/v2\/posts\/31937\/revisions"}],"wp:featuredmedia":[{"embeddable":true,"href":"https:\/\/www.europesays.com\/lv\/wp-json\/wp\/v2\/media\/31938"}],"wp:attachment":[{"href":"https:\/\/www.europesays.com\/lv\/wp-json\/wp\/v2\/media?parent=31937"}],"wp:term":[{"taxonomy":"category","embeddable":true,"href":"https:\/\/www.europesays.com\/lv\/wp-json\/wp\/v2\/categories?post=31937"},{"taxonomy":"post_tag","embeddable":true,"href":"https:\/\/www.europesays.com\/lv\/wp-json\/wp\/v2\/tags?post=31937"}],"curies":[{"name":"wp","href":"https:\/\/api.w.org\/{rel}","templated":true}]}}