{"id":31947,"date":"2025-10-26T23:51:07","date_gmt":"2025-10-26T23:51:07","guid":{"rendered":"https:\/\/www.europesays.com\/lv\/31947\/"},"modified":"2025-10-26T23:51:07","modified_gmt":"2025-10-26T23:51:07","slug":"eimijas-vainhausas-muzikas-atcere-un-talantu-godinasana-notiks-k-k-fon-stricka-villa-lente-lv","status":"publish","type":"post","link":"https:\/\/www.europesays.com\/lv\/31947\/","title":{"rendered":"Eimijas Vainhausas m\u016bzikas atcere un talantu godin\u0101\u0161ana notiks K. K. fon Stricka vill\u0101\u00a0\u2014\u00a0Lente.lv"},"content":{"rendered":"<p>Le\u0123end\u0101r\u0101s Eimijas Vainhausas m\u016bzikas atcerei K. K. fon Stricka vill\u0101<\/p>\n<p>R\u012bgas v\u0113sturiskaj\u0101 K. K. fon Stricka vill\u0101 25. oktobr\u012b plkst. 20:00 notiks unik\u0101ls koncerts &#8220;A Tribute to Amy Winehouse&#8221;, kas velt\u012bts vienas no 21. gadsimta spo\u017e\u0101kaj\u0101m m\u016bzikas zvaigzn\u0113m \u2013 Eimijai Vainhausai.<\/p>\n<p>Ieskats Eimijas Vainhausas m\u016bzikas pasaul\u0113<\/p>\n<p>\u0160is muzik\u0101lais ce\u013cojums pied\u0101v\u0101s klaus\u012bt\u0101jiem atdz\u012bvin\u0101t le\u0123end\u0101r\u0101s Eimijas Vainhausas dai\u013cradi, izpildot t\u0101dus vi\u0146as neatk\u0101rtojamos hitus k\u0101 &#8220;Back to Black&#8221;, &#8220;Rehab&#8221;, &#8220;Valerie&#8221;, &#8220;Love Is a Losing Game&#8221; un &#8220;You Know I\u2019m No Good&#8221;. Tie\u0161i \u0161\u012bs dziesmas, ar savu neaizmirstamo dv\u0113seliskumu un j\u0113gpilnajiem tekstiem, izce\u013c Vainhausas unik\u0101lo muzik\u0101lo rokrakstu un vi\u0146as dzi\u013co iespaidu uz m\u016bsdienu m\u016bziku. Vi\u0146as sp\u0113ja apvienot soula, d\u017eeza un popm\u016bzikas elementus rad\u012bja stilu, kas bija gan pa\u0161pietiekams, gan nep\u0101rprotami atpaz\u012bstams. Albums &#8220;Back to Black&#8221; k\u013cuva par glob\u0101lu fenomenu, atnesot m\u0101ksliniecei piecas Grammy balvas un nostiprinot vi\u0146as vietu m\u016bzikas v\u0113stures zelta fond\u0101.<\/p>\n<p>Atz\u012btie talanti uz skatuves<\/p>\n<p>Koncert\u0101 par spo\u017eu Eimijas Vainhausas dziesmu interpret\u0101ciju par\u016bp\u0113sies talant\u012bg\u0101 vok\u0101liste un pas\u0101kuma idejas autore Marija Valmiera. Vi\u0146as balss tembrs bie\u017ei tiek sal\u012bdzin\u0101ts ar pa\u0161as Eimijas neatk\u0101rtojamo skan\u0113jumu, \u013caujot klaus\u012bt\u0101jiem izbaud\u012bt autentisku un emocion\u0101li pies\u0101tin\u0101tu sniegumu. Marijai pievienosies pieredz\u0113jis m\u016bzi\u0137u ansamblis, kur\u0101 iek\u013cauti tausti\u0146instrument\u0101lists Toms Mik\u0101ls, bundzinieks Art\u016brs Strautmanis, bas\u0123it\u0101rists Toms Valmiers, \u0123it\u0101rists J\u0101nis Kalni\u0146\u0161, p\u016bt\u0113ju trio \u2013 Reinis Puri\u0146\u0161, Kristaps Lubovs un Toms Rudzinskis, k\u0101 ar\u012b bekvok\u0101listes Monta Kurme un M\u0101ra Vidi\u0146a. \u0160is m\u016bzi\u0137u kopums ir r\u016bp\u012bgi atlas\u012bts, lai rad\u012btu dzi\u013ci iespaid\u012bgu un ener\u0123\u0113tiski piepild\u012btu muzik\u0101lo pieredzi, kas godin\u0101tu Eimijas talantu.<\/p>\n<p>K. K. fon Stricka villa \u2013 neaizmirstama gaisotne<\/p>\n<p>K. K. fon Stricka villa, kas atrodas R\u012bg\u0101, Aristida Bri\u0101na iel\u0101 9, ir slavena ar savu v\u0113sturisko \u0161armu un unik\u0101lo atmosf\u0113ru, padarot to par ide\u0101lu norises vietu \u0161\u0101dam muzik\u0101lam pas\u0101kumam. Vair\u0101k nek\u0101 tikai pas\u0101kumu norises vieta, villa ar savu d\u0101rzu un v\u0113sturisko interjeru pied\u0101v\u0101 \u012bpa\u0161u gaisotni, kas \u013cauj apmekl\u0113t\u0101jiem piln\u012bb\u0101 iegremd\u0113ties m\u016bzik\u0101 un atcer\u0113ties Eimijas Vainhausas spilgto mantojumu. Villas d\u0101rzs ir k\u013cuvis par iecien\u012btu vietu vasaras koncertsezonai, pulc\u0113jot gan paz\u012bstamus, gan jaunus m\u0101ksliniekus, apliecinot t\u0101s dz\u012bvo un main\u012bgo dabu.<\/p>\n<p>M\u016bzikas ikonai velt\u012bt\u0101 piemi\u0146a<\/p>\n<p>Eimija Vainhausa, viena no 21. gadsimta spilgt\u0101kaj\u0101m popkult\u016bras ikon\u0101m, ar savu unik\u0101lo vok\u0101lo stilu un atkl\u0101tajiem dziesmu tekstiem iekarojusi miljoniem cilv\u0113ku sirdis vis\u0101 pasaul\u0113. Vi\u0146as m\u016bzika sp\u0113j aizkustin\u0101t un vienlaikus likt dejot, atspogu\u013cojot dz\u012bves sare\u017e\u0123\u012bt\u012bbu un skaistumu. \u0160is koncerts K. K. fon Stricka vill\u0101 ir ne tikai muzik\u0101ls notikums, bet ar\u012b piemi\u0146as br\u012bdis, kas \u013cauj godin\u0101t un atcer\u0113ties talant\u012bgo dzied\u0101t\u0101ju, kuras balss un dziesmas joproj\u0101m iedvesmo un uzrun\u0101 klaus\u012bt\u0101jus. Koncerta apmekl\u0113jums sniegs iesp\u0113ju izbaud\u012bt Eimijas Vainhausas m\u016bzikas univers\u0101lo sp\u0113ku, kas sp\u0113j vienot paaudzes un kult\u016bras.<\/p>\n","protected":false},"excerpt":{"rendered":"Le\u0123end\u0101r\u0101s Eimijas Vainhausas m\u016bzikas atcerei K. K. fon Stricka vill\u0101 R\u012bgas v\u0113sturiskaj\u0101 K. K. fon Stricka vill\u0101 25.&hellip;\n","protected":false},"author":2,"featured_media":31948,"comment_status":"","ping_status":"","sticky":false,"template":"","format":"standard","meta":{"footnotes":""},"categories":[19],"tags":[9592,89,90,9594,656,35,39,38,36,37,34,9595,40,9593],"class_list":{"0":"post-31947","1":"post","2":"type-post","3":"status-publish","4":"format-standard","5":"has-post-thumbnail","7":"category-izklaide","8":"tag-eimija-vainhausa","9":"tag-entertainment","10":"tag-izklaide","11":"tag-k-k-fon-stricka-villa","12":"tag-koncerts-riga","13":"tag-latvia","14":"tag-latvian","15":"tag-latviesu","16":"tag-latviesu-valoda","17":"tag-latviesuvaloda","18":"tag-latvija","19":"tag-legendaras-dziesmas","20":"tag-lv","21":"tag-tribute-to-amy-winehouse"},"share_on_mastodon":{"url":"https:\/\/pubeurope.com\/@lv\/115443157310677419","error":""},"_links":{"self":[{"href":"https:\/\/www.europesays.com\/lv\/wp-json\/wp\/v2\/posts\/31947","targetHints":{"allow":["GET"]}}],"collection":[{"href":"https:\/\/www.europesays.com\/lv\/wp-json\/wp\/v2\/posts"}],"about":[{"href":"https:\/\/www.europesays.com\/lv\/wp-json\/wp\/v2\/types\/post"}],"author":[{"embeddable":true,"href":"https:\/\/www.europesays.com\/lv\/wp-json\/wp\/v2\/users\/2"}],"replies":[{"embeddable":true,"href":"https:\/\/www.europesays.com\/lv\/wp-json\/wp\/v2\/comments?post=31947"}],"version-history":[{"count":0,"href":"https:\/\/www.europesays.com\/lv\/wp-json\/wp\/v2\/posts\/31947\/revisions"}],"wp:featuredmedia":[{"embeddable":true,"href":"https:\/\/www.europesays.com\/lv\/wp-json\/wp\/v2\/media\/31948"}],"wp:attachment":[{"href":"https:\/\/www.europesays.com\/lv\/wp-json\/wp\/v2\/media?parent=31947"}],"wp:term":[{"taxonomy":"category","embeddable":true,"href":"https:\/\/www.europesays.com\/lv\/wp-json\/wp\/v2\/categories?post=31947"},{"taxonomy":"post_tag","embeddable":true,"href":"https:\/\/www.europesays.com\/lv\/wp-json\/wp\/v2\/tags?post=31947"}],"curies":[{"name":"wp","href":"https:\/\/api.w.org\/{rel}","templated":true}]}}