{"id":31949,"date":"2025-10-26T23:52:13","date_gmt":"2025-10-26T23:52:13","guid":{"rendered":"https:\/\/www.europesays.com\/lv\/31949\/"},"modified":"2025-10-26T23:52:13","modified_gmt":"2025-10-26T23:52:13","slug":"latvijas-florbola-savieniba-lv-2025-2026-jaunumi-zu14-grupas-mily-latvijas-kausu-izcina-masters-ulbroka","status":"publish","type":"post","link":"https:\/\/www.europesays.com\/lv\/31949\/","title":{"rendered":"Latvijas Florbola savien\u012bba \u00bb LV \u00bb 2025\/2026 \u00bb Jaunumi \u00bb ZU14 grupas &#8220;Mily&#8221; Latvijas kausu izc\u012bna &#8220;Masters Ulbroka&#8221;"},"content":{"rendered":"<p>ZU14 grupas &#8220;Mily&#8221; Latvijas kausu izc\u012bna &#8220;Masters Ulbroka&#8221;<\/p>\n<p><\/p>\n<p>\t\t\t\t\t<img decoding=\"async\" src=\"https:\/\/www.europesays.com\/lv\/wp-content\/uploads\/2025\/10\/zu14_kauss_ulbroka_2025.jpg\" class=\"news-title-image\" width=\"292.5\" alt=\"zu14_kauss_ulbroka_2025.jpg\" title=\"ZU14 grupas &quot;Mily&quot; Latvijas kausu izc\u012bna &quot;Masters Ulbroka&quot;\" \/><\/p>\n<p style=\"text-align: justify;\">\u0160odien Ulbrokas sporta kompleks\u0101 notika &#8220;Mily&#8221; Latvijas kausa izc\u012b\u0146a jaunie\u0161iem vecuma grup\u0101 ZU14. Kausu izc\u012bn\u012bja m\u0101jiniece &#8220;Masters Ulbroka&#8221;, kas fin\u0101l\u0101 ar <a href=\"https:\/\/www.floorball.lv\/lv\/2025\/latvijas-kauss\/zu14-lk\/proto\/53331-mas-coy\" target=\"_self\" rel=\"nofollow noopener\">3:1<\/a> pieveica In\u010dukalna &#8220;Coyote&#8221; kluba jaunie\u0161us. C\u012b\u0146\u0101 par tre\u0161o vietu Liep\u0101jas &#8220;FK Kur\u0161i&#8221; tikai p\u0113csp\u0113les metienos tika gal\u0101 ar &#8220;Talsu NSS\/Krauzers&#8221; (<a href=\"https:\/\/www.floorball.lv\/lv\/2025\/latvijas-kauss\/zu14-lk\/proto\/53330-kur-tal\" target=\"_self\" rel=\"nofollow noopener\">4:3 PS<\/a>).<\/p>\n<p style=\"text-align: justify;\">\u00a0<\/p>\n<p style=\"text-align: justify;\"><a href=\"https:\/\/mily.lv\/\" target=\"_blank\" rel=\"nofollow noopener\">Mily.lv<\/a> \u2013 \u0101tri un \u0113rti piesaki b\u0113rnu sporta nodarb\u012bb\u0101m vai pulci\u0146am!<\/p>\n<p style=\"text-align: justify;\">\u00a0<\/p>\n<p style=\"text-align: justify;\">Foto: M\u0101ris Greid\u0101ns<\/p>\n<p>\u00a0<\/p>\n<p><\/p>\n","protected":false},"excerpt":{"rendered":"ZU14 grupas &#8220;Mily&#8221; Latvijas kausu izc\u012bna &#8220;Masters Ulbroka&#8221; \u0160odien Ulbrokas sporta kompleks\u0101 notika &#8220;Mily&#8221; Latvijas kausa izc\u012b\u0146a jaunie\u0161iem&hellip;\n","protected":false},"author":2,"featured_media":31950,"comment_status":"","ping_status":"","sticky":false,"template":"","format":"standard","meta":{"footnotes":""},"categories":[17],"tags":[405,35,39,38,36,37,34,40,8686,67],"class_list":{"0":"post-31949","1":"post","2":"type-post","3":"status-publish","4":"format-standard","5":"has-post-thumbnail","7":"category-sports","8":"tag-405","9":"tag-latvia","10":"tag-latvian","11":"tag-latviesu","12":"tag-latviesu-valoda","13":"tag-latviesuvaloda","14":"tag-latvija","15":"tag-lv","16":"tag-sporta","17":"tag-sports"},"share_on_mastodon":{"url":"https:\/\/pubeurope.com\/@lv\/115443161094258935","error":""},"_links":{"self":[{"href":"https:\/\/www.europesays.com\/lv\/wp-json\/wp\/v2\/posts\/31949","targetHints":{"allow":["GET"]}}],"collection":[{"href":"https:\/\/www.europesays.com\/lv\/wp-json\/wp\/v2\/posts"}],"about":[{"href":"https:\/\/www.europesays.com\/lv\/wp-json\/wp\/v2\/types\/post"}],"author":[{"embeddable":true,"href":"https:\/\/www.europesays.com\/lv\/wp-json\/wp\/v2\/users\/2"}],"replies":[{"embeddable":true,"href":"https:\/\/www.europesays.com\/lv\/wp-json\/wp\/v2\/comments?post=31949"}],"version-history":[{"count":0,"href":"https:\/\/www.europesays.com\/lv\/wp-json\/wp\/v2\/posts\/31949\/revisions"}],"wp:featuredmedia":[{"embeddable":true,"href":"https:\/\/www.europesays.com\/lv\/wp-json\/wp\/v2\/media\/31950"}],"wp:attachment":[{"href":"https:\/\/www.europesays.com\/lv\/wp-json\/wp\/v2\/media?parent=31949"}],"wp:term":[{"taxonomy":"category","embeddable":true,"href":"https:\/\/www.europesays.com\/lv\/wp-json\/wp\/v2\/categories?post=31949"},{"taxonomy":"post_tag","embeddable":true,"href":"https:\/\/www.europesays.com\/lv\/wp-json\/wp\/v2\/tags?post=31949"}],"curies":[{"name":"wp","href":"https:\/\/api.w.org\/{rel}","templated":true}]}}