{"id":31954,"date":"2025-10-27T00:41:09","date_gmt":"2025-10-27T00:41:09","guid":{"rendered":"https:\/\/www.europesays.com\/lv\/31954\/"},"modified":"2025-10-27T00:41:09","modified_gmt":"2025-10-27T00:41:09","slug":"martins-gauss-no-airbaltic-vadis-bahreinas-gulf-air-lente-lv","status":"publish","type":"post","link":"https:\/\/www.europesays.com\/lv\/31954\/","title":{"rendered":"Martins Gauss no &#8220;airBaltic&#8221; vad\u012bs Bahreinas &#8220;Gulf Air&#8221;\u00a0\u2014\u00a0Lente.lv"},"content":{"rendered":"<p>Jauns s\u0101kums Bahreinas debes\u012bs: Martins Gauss iecelts &#8220;Gulf Air&#8221; izpilddirektora amat\u0101<\/p>\n<p>Biju\u0161ais Latvijas nacion\u0101l\u0101s aviokomp\u0101nijas &#8220;airBaltic&#8221; izpilddirektors Martins Gauss turpina savu karjeru avi\u0101cijas nozar\u0113, ie\u0146emot jaunu un noz\u012bm\u012bgu amatu Bahreinas nacion\u0101laj\u0101 aviokomp\u0101nij\u0101 &#8220;Gulf Air&#8221;. S\u0101kot ar 2025. gada 4. novembri, Gauss uz\u0146emsies izpilddirektora pien\u0101kumus, vadot vienu no re\u0123iona sen\u0101kaj\u0101m lidsabiedr\u012bb\u0101m ar vair\u0101k nek\u0101 75 gadu v\u0113sturi..<\/p>\n<p>\u0160is solis iez\u012bm\u0113 jaunu noda\u013cu gan Gausam, gan &#8220;Gulf Air&#8221;. Vi\u0146\u0161 paudis lepnumu un pateic\u012bbu par iesp\u0113ju vad\u012bt aviokomp\u0101niju ar bag\u0101tu mantojumu, solot kop\u0101 ar komandu un partneriem stiprin\u0101t t\u0101s poz\u012bcijas un veidot sp\u0113c\u012bgu n\u0101kotni.. Gauss pl\u0101no ieviest savu unik\u0101lo vad\u012bbas stilu, iedvesmojot darbiniekus, klientus un partnerus kop\u012bgiem pan\u0101kumiem.<\/p>\n<p>No &#8220;airBaltic&#8221; uz &#8220;Gulf Air&#8221;: karjeras l\u012bklo\u010di<\/p>\n<p>Martins Gauss vad\u012bja &#8220;airBaltic&#8221; no 2011. gada 1. novembra, un vi\u0146a vad\u012bbas laik\u0101 lidsabiedr\u012bba piedz\u012bvoja iev\u0113rojamu izaugsmi un restrukturiz\u0101ciju, k\u013c\u016bstot par vienu no strauj\u0101k augo\u0161aj\u0101m aviokomp\u0101nij\u0101m Eirop\u0101.. Vi\u0146a vad\u012bb\u0101 &#8220;airBaltic&#8221; sasniedza rekordaugstus ie\u0146\u0113mumus un pasa\u017eieru skaitus, lai gan 2024. gad\u0101 tika piedz\u012bvoti ar\u012b zaud\u0113jumi, galvenok\u0101rt \u0101r\u0113jo faktoru d\u0113\u013c, piem\u0113ram, dzin\u0113ju apkopes probl\u0113mu un val\u016btu sv\u0101rst\u012bbu rezult\u0101t\u0101.. Pirms pievieno\u0161an\u0101s &#8220;Gulf Air&#8221;, Gauss atst\u0101ja &#8220;airBaltic&#8221; vad\u012bt\u0101ja amatu 2025. gada 7. apr\u012bl\u012b p\u0113c padomes l\u0113muma, kas tika skaidrots ar uz\u0146\u0113muma finan\u0161u r\u0101d\u012bt\u0101jiem..<\/p>\n<p>Pirms darba Latvijas aviokomp\u0101nij\u0101, Gauss ie\u0146\u0113mis vado\u0161us amatus cit\u0101s lidsabiedr\u012bb\u0101s, tostarp &#8220;Deutsche BA&#8221; un &#8220;Cirrus Airlines&#8221;, k\u0101 ar\u012b ir kvalific\u0113ts pilots..<\/p>\n<p>&#8220;Gulf Air&#8221; v\u0113sture un n\u0101kotnes v\u012bzija<\/p>\n<p>Dibin\u0101ta 1950. gad\u0101, &#8220;Gulf Air&#8221; ir Bahreinas nacion\u0101l\u0101 aviokomp\u0101nija, kas lepojas ar vair\u0101k nek\u0101 septi\u0146u gadu desmitu ilgu v\u0113sturi.. T\u0101 veic regul\u0101rus lidojumus uz vair\u0101k nek\u0101 50 galam\u0113r\u0137iem 30 valst\u012bs \u0100frik\u0101, \u0100zij\u0101 un Eirop\u0101, un t\u0101s flot\u0113 ietilpst vair\u0101k nek\u0101 40 lidma\u0161\u012bnas, galvenok\u0101rt Airbus A320, A321 un Boeing 787 s\u0113rijas lidapar\u0101ti..<\/p>\n<p>&#8220;Gulf Air&#8221; v\u0113sturiski ir bijusi noz\u012bm\u012bga loma Tuvo Austrumu avi\u0101cij\u0101, esot viena no pirmaj\u0101m re\u0123ion\u0101.. Neskatoties uz konkurentu, piem\u0113ram, &#8220;Emirates&#8221; un &#8220;Qatar Airways&#8221;, liel\u0101ko floti un pla\u0161\u0101ko mar\u0161rutu t\u012bklu, &#8220;Gulf Air&#8221; turpina att\u012bst\u012bties, nesen atjaunojot lidojumus uz \u0145ujorku (JFK) p\u0113c 28 gadu p\u0101rtraukuma, izmantojot Boeing 787-9 Dreamliner lidapar\u0101tus..<\/p>\n<p>Martins Gaussa iecel\u0161ana amata apliecina &#8220;Gulf Air&#8221; ap\u0146em\u0161anos stiprin\u0101t savu konkur\u0113tsp\u0113ju, moderniz\u0113t floti un papla\u0161in\u0101t glob\u0101lo t\u012bklu, padarot to par sp\u0113c\u012bgu sp\u0113l\u0113t\u0101ju re\u0123ion\u0101laj\u0101 un starptautiskaj\u0101 avi\u0101cijas tirg\u016b.<\/p>\n","protected":false},"excerpt":{"rendered":"Jauns s\u0101kums Bahreinas debes\u012bs: Martins Gauss iecelts &#8220;Gulf Air&#8221; izpilddirektora amat\u0101 Biju\u0161ais Latvijas nacion\u0101l\u0101s aviokomp\u0101nijas &#8220;airBaltic&#8221; izpilddirektors Martins&hellip;\n","protected":false},"author":2,"featured_media":31955,"comment_status":"","ping_status":"","sticky":false,"template":"","format":"standard","meta":{"footnotes":""},"categories":[16],"tags":[3307,5290,77,76,5289,9496,35,39,38,36,37,34,40,5288],"class_list":{"0":"post-31954","1":"post","2":"type-post","3":"status-publish","4":"format-standard","5":"has-post-thumbnail","7":"category-bizness","8":"tag-airbaltic","9":"tag-aviokompanija","10":"tag-bizness","11":"tag-business","12":"tag-gulf-air","13":"tag-izpilddirektors","14":"tag-latvia","15":"tag-latvian","16":"tag-latviesu","17":"tag-latviesu-valoda","18":"tag-latviesuvaloda","19":"tag-latvija","20":"tag-lv","21":"tag-martins-gauss"},"share_on_mastodon":{"url":"https:\/\/pubeurope.com\/@lv\/115443353777228311","error":""},"_links":{"self":[{"href":"https:\/\/www.europesays.com\/lv\/wp-json\/wp\/v2\/posts\/31954","targetHints":{"allow":["GET"]}}],"collection":[{"href":"https:\/\/www.europesays.com\/lv\/wp-json\/wp\/v2\/posts"}],"about":[{"href":"https:\/\/www.europesays.com\/lv\/wp-json\/wp\/v2\/types\/post"}],"author":[{"embeddable":true,"href":"https:\/\/www.europesays.com\/lv\/wp-json\/wp\/v2\/users\/2"}],"replies":[{"embeddable":true,"href":"https:\/\/www.europesays.com\/lv\/wp-json\/wp\/v2\/comments?post=31954"}],"version-history":[{"count":0,"href":"https:\/\/www.europesays.com\/lv\/wp-json\/wp\/v2\/posts\/31954\/revisions"}],"wp:featuredmedia":[{"embeddable":true,"href":"https:\/\/www.europesays.com\/lv\/wp-json\/wp\/v2\/media\/31955"}],"wp:attachment":[{"href":"https:\/\/www.europesays.com\/lv\/wp-json\/wp\/v2\/media?parent=31954"}],"wp:term":[{"taxonomy":"category","embeddable":true,"href":"https:\/\/www.europesays.com\/lv\/wp-json\/wp\/v2\/categories?post=31954"},{"taxonomy":"post_tag","embeddable":true,"href":"https:\/\/www.europesays.com\/lv\/wp-json\/wp\/v2\/tags?post=31954"}],"curies":[{"name":"wp","href":"https:\/\/api.w.org\/{rel}","templated":true}]}}