{"id":31956,"date":"2025-10-27T00:54:07","date_gmt":"2025-10-27T00:54:07","guid":{"rendered":"https:\/\/www.europesays.com\/lv\/31956\/"},"modified":"2025-10-27T00:54:07","modified_gmt":"2025-10-27T00:54:07","slug":"krievijas-triecienos-ukraina-boja-sesi-cilveki-zelenskis-aicina-pastiprinat-palidzibu-lente-lv","status":"publish","type":"post","link":"https:\/\/www.europesays.com\/lv\/31956\/","title":{"rendered":"Krievijas triecienos Ukrain\u0101 boj\u0101 se\u0161i cilv\u0113ki, Zelenskis aicina pastiprin\u0101t pal\u012bdz\u012bbu\u00a0\u2014\u00a0Lente.lv"},"content":{"rendered":"<p>Krievijas uzbrukumi Ukrainai: upuru skaits pieaug<\/p>\n<p>Dramatiskas zi\u0146as n\u0101k no Ukrainas, kur Krievijas armijas \u012bstenotie uzbrukumi aizvad\u012btaj\u0101 nakt\u012b ir laup\u012bju\u0161i dz\u012bv\u012bbu vismaz se\u0161iem civiliedz\u012bvot\u0101jiem. \u0160o posto\u0161o notikumu apstiprin\u0101jis Ukrainas prezidents Volodimirs Zelenskis, izsakot dzi\u013cas skumjas par zaud\u0113taj\u0101m dz\u012bv\u012bb\u0101m un aicinot starptautisko sabiedr\u012bbu nekav\u0113joties r\u012bkoties.<\/p>\n<p>Pilso\u0146u dz\u012bv\u012bbu zaud\u0113jums un posta\u017eas sekas<\/p>\n<p>\u0160is tra\u0123iskais notikums ir v\u0113l viens smags trieciens Ukrainas tautai, kas jau vair\u0101k nek\u0101 gadu c\u012bn\u0101s par savu suverenit\u0101ti un teritori\u0101lo integrit\u0101ti. P\u0113c s\u0101kotn\u0113j\u0101s inform\u0101cijas, triecieni notiku\u0161i da\u017e\u0101dos Ukrainas re\u0123ionos, radot post\u012bjumus dz\u012bvojamaj\u0101m \u0113k\u0101m un infrastrukt\u016brai. Dz\u012bv\u012bbu zaud\u0113ju\u0161o skaits, diem\u017e\u0113l, var\u0113tu v\u0113l pieaugt, jo gl\u0101b\u0161anas dienesti turpina darbu drupju nov\u0101k\u0161an\u0101 un cietu\u0161o mekl\u0113\u0161an\u0101. Katra zaud\u0113t\u0101 dz\u012bv\u012bba ir neatsverams zaud\u0113jums \u0123imen\u0113m un visai valstij, atst\u0101jot dzi\u013cas r\u0113tas cilv\u0113ku sird\u012bs.<\/p>\n<p>Starptautisk\u0101s reakcijas un aicin\u0101jums p\u0113c atbalsta<\/p>\n<p>Ukrainas prezidents Zelenskis sav\u0101 uzrun\u0101 uzsv\u0113ra, ka \u0161\u0101di brut\u0101li uzbrukumi civiliedz\u012bvot\u0101jiem ir nepie\u0146emami un prasa stingru starptautisk\u0101s sabiedr\u012bbas nosod\u012bjumu un konkr\u0113tus so\u013cus. Vi\u0146\u0161 atk\u0101rtoti aicin\u0101jis Rietumu sabiedrotos pastiprin\u0101t milit\u0101ro pal\u012bdz\u012bbu Ukrainai, \u012bpa\u0161i nodro\u0161inot modernus pretgaisa aizsardz\u012bbas sist\u0113mu komplektus, kas sp\u0113tu pasarg\u0101t pils\u0113tas un to iedz\u012bvot\u0101jus no Krievijas ra\u0137e\u0161u un dronu triecieniem. &#8220;M\u0113s nevaram st\u0101v\u0113t mal\u0101, kam\u0113r m\u016bsu br\u0101\u013ci un m\u0101sas Ukrain\u0101 cie\u0161 \u0161ausm\u012bgas s\u0101pes un zaud\u0113jumus. Pasaulei ir j\u0101aicina Krievija p\u0101rtraukt \u0161o neizprovoc\u0113to agresiju un atgriezties pie sapr\u0101ta,&#8221; emocion\u0101li uzsv\u0113ra k\u0101ds diplom\u0101tiskais avots, kas v\u0113l\u0113j\u0101s palikt anon\u012bms.<\/p>\n<p>Situ\u0101cijas att\u012bst\u012bba un prognozes<\/p>\n<p>Analiz\u0113jot notieko\u0161o, ir skaidrs, ka Krievijas milit\u0101r\u0101 agresija pret Ukrainu turpin\u0101s destabiliz\u0113t re\u0123ionu un rada nopietnus draudus glob\u0101lajai dro\u0161\u012bbai. Eksperti br\u012bdina, ka \u0161\u0101di uzbrukumi civilajiem objektiem var\u0113tu b\u016bt Krievijas m\u0113\u0123in\u0101jums palielin\u0101t spiedienu uz Ukrainu pirms potenci\u0101l\u0101m miera sarun\u0101m, cen\u0161oties ieg\u016bt lab\u0101kas poz\u012bcijas sarunu galda. Tom\u0113r Ukrainas tautas pretest\u012bbas sp\u0113ks un Rietumu sabiedroto atbalsts joproj\u0101m ir sp\u0113c\u012bgs, liecinot par ap\u0146\u0113m\u012bbu aizst\u0101v\u0113t savu br\u012bv\u012bbu l\u012bdz galam. Turpm\u0101k\u0101s ned\u0113\u013cas un m\u0113ne\u0161i b\u016bs iz\u0161\u0137iro\u0161i, lai saprastu, k\u0101 att\u012bst\u012bsies \u0161is brut\u0101lais konflikts, kas ir piln\u012bb\u0101 main\u012bjis Eiropas dro\u0161\u012bbas ainavu.<\/p>\n<p>Humanit\u0101r\u0101 kr\u012bze un t\u0101s sekas<\/p>\n<p>Katrs \u0161\u0101ds uzbrukums padzi\u013cina humanit\u0101ro kr\u012bzi Ukrain\u0101. Miljoniem cilv\u0113ku ir spiesti pamest savas m\u0101jas, mekl\u0113jot dro\u0161\u012bbu gan valsts iek\u0161ien\u0113, gan \u0101rpus t\u0101s robe\u017e\u0101m. Skolu, slimn\u012bcu un dz\u012bvojamo m\u0101ju izn\u012bcin\u0101\u0161ana rada neatgriezeniskus post\u012bjumus infrastrukt\u016brai un cilv\u0113ku dz\u012bv\u0113m. Starptautisk\u0101s organiz\u0101cijas un nevalstiskais sektors turpina sniegt pal\u012bdz\u012bbu cietu\u0161ajiem, tom\u0113r resursi ir ierobe\u017eoti, un vajadz\u012bbas ir milz\u012bgas. \u0160\u012b situ\u0101cija prasa ne tikai milit\u0101ru, bet ar\u012b pla\u0161a m\u0113roga hum\u0101no pal\u012bdz\u012bbu un ilgtermi\u0146a atbalstu Ukrainas atjauno\u0161anai.<\/p>\n","protected":false},"excerpt":{"rendered":"Krievijas uzbrukumi Ukrainai: upuru skaits pieaug Dramatiskas zi\u0146as n\u0101k no Ukrainas, kur Krievijas armijas \u012bstenotie uzbrukumi aizvad\u012btaj\u0101 nakt\u012b&hellip;\n","protected":false},"author":2,"featured_media":31957,"comment_status":"","ping_status":"","sticky":false,"template":"","format":"standard","meta":{"footnotes":""},"categories":[14],"tags":[23,57,28,29,9598,32,33,22,3354,4384,30,31,35,39,38,36,37,34,40,20,26,27,24,25,276,178,54,55,56,21,58],"class_list":{"0":"post-31956","1":"post","2":"type-post","3":"status-publish","4":"format-standard","5":"has-post-thumbnail","7":"category-zinas-no-arvalstim","8":"tag-aktualitates","9":"tag-arvalstim","10":"tag-breaking-news","11":"tag-breakingnews","12":"tag-civiliedzivotaju-upuri","13":"tag-featured-news","14":"tag-featurednews","15":"tag-headlines","16":"tag-kars-ukraina","17":"tag-krievijas-uzbrukumi","18":"tag-latest-news","19":"tag-latestnews","20":"tag-latvia","21":"tag-latvian","22":"tag-latviesu","23":"tag-latviesu-valoda","24":"tag-latviesuvaloda","25":"tag-latvija","26":"tag-lv","27":"tag-news","28":"tag-popularakas-zinas","29":"tag-popularakaszinas","30":"tag-top-stories","31":"tag-topstories","32":"tag-ukraina","33":"tag-volodimirs-zelenskis","34":"tag-world","35":"tag-world-news","36":"tag-worldnews","37":"tag-zinas","38":"tag-zinas-no-arvalstim"},"share_on_mastodon":{"url":"","error":"Validation failed: Text character limit of 500 exceeded"},"_links":{"self":[{"href":"https:\/\/www.europesays.com\/lv\/wp-json\/wp\/v2\/posts\/31956","targetHints":{"allow":["GET"]}}],"collection":[{"href":"https:\/\/www.europesays.com\/lv\/wp-json\/wp\/v2\/posts"}],"about":[{"href":"https:\/\/www.europesays.com\/lv\/wp-json\/wp\/v2\/types\/post"}],"author":[{"embeddable":true,"href":"https:\/\/www.europesays.com\/lv\/wp-json\/wp\/v2\/users\/2"}],"replies":[{"embeddable":true,"href":"https:\/\/www.europesays.com\/lv\/wp-json\/wp\/v2\/comments?post=31956"}],"version-history":[{"count":0,"href":"https:\/\/www.europesays.com\/lv\/wp-json\/wp\/v2\/posts\/31956\/revisions"}],"wp:featuredmedia":[{"embeddable":true,"href":"https:\/\/www.europesays.com\/lv\/wp-json\/wp\/v2\/media\/31957"}],"wp:attachment":[{"href":"https:\/\/www.europesays.com\/lv\/wp-json\/wp\/v2\/media?parent=31956"}],"wp:term":[{"taxonomy":"category","embeddable":true,"href":"https:\/\/www.europesays.com\/lv\/wp-json\/wp\/v2\/categories?post=31956"},{"taxonomy":"post_tag","embeddable":true,"href":"https:\/\/www.europesays.com\/lv\/wp-json\/wp\/v2\/tags?post=31956"}],"curies":[{"name":"wp","href":"https:\/\/api.w.org\/{rel}","templated":true}]}}