{"id":31963,"date":"2025-10-27T01:02:08","date_gmt":"2025-10-27T01:02:08","guid":{"rendered":"https:\/\/www.europesays.com\/lv\/31963\/"},"modified":"2025-10-27T01:02:08","modified_gmt":"2025-10-27T01:02:08","slug":"lietuva-uz-nenoteiktu-laiku-slegusi-robezpunktus-ar-baltkrieviju-jauns-lv","status":"publish","type":"post","link":"https:\/\/www.europesays.com\/lv\/31963\/","title":{"rendered":"Lietuva uz nenoteiktu laiku sl\u0113gusi robe\u017epunktus ar Baltkrieviju &#8211; Jauns.lv"},"content":{"rendered":"<ol>\n<li><a href=\"https:\/\/news.google.com\/rss\/articles\/CBMipgFBVV95cUxNRVJTbVY3U0Z2Z181dWlPRERucXFVaE1HOUpHR19ucEJaaDZaZlV0VGRDRG9rc0xCX21qRDJtaWNDQnFNOVJpVFdFbnY4M1pmanMxcVQ0cjRrQU5fWmNrRmV2SXZFNEhIR1NYYU9PZmNoc1dwdURwSGYzaEZHTEZxRWM3Z0JzSlNhZWhDMVA1c3hzWnpLNW5sZnI4MHlNZXF1T0pTM2tB?oc=5\" target=\"_blank\" rel=\"nofollow noopener\">Lietuva uz nenoteiktu laiku sl\u0113gusi robe\u017epunktus ar Baltkrieviju<\/a>&nbsp;&nbsp;Jauns.lv<\/li>\n<li><a href=\"https:\/\/news.google.com\/rss\/articles\/CBMijwFBVV95cUxOVE96QlF2N2w2aFRnUzlXaDBnZnNKWlZPOEQwbTlfMzRqekxlcXZSZFlzUmJQYUtSb3ZUV3lHVU1YZzZ6S3pHUDdFTUtGdUdCbG90TzJEZVNfUmJWUHBjR2c3cTQ5b0NWc19LV3o1V3lZbElyejM4YmdPM3QtNmRNWmlxMnFLd1R3RWdwZE5Xaw?oc=5\" target=\"_blank\" rel=\"nofollow noopener\">Balonu d\u0113\u013c atkal sl\u0113gta Vi\u013c\u0146as lidosta<\/a>&nbsp;&nbsp;Delfi<\/li>\n<li><a href=\"https:\/\/news.google.com\/rss\/articles\/CBMiywFBVV95cUxNZmg5dUF6QVFhZE92LXA4eHhLVkhMcnEtS1ZhOXhuUTh3YUhsVzBqVDV3YlNsSHplQ212ejZNb05Xd3A1LTU2VjBPSmtjUTNyQWYyakxBR1hyN0hrZzZFUXF0MGdMbGtJVG9zZVdKVWliQ0JrZkxKdWEwYUZuckc1bmxmTVEwb1pkZmxnZzNNQzdQQVQ4NWpoWFJsZGRERzNjM1Vtc0lSTGpZTl84VmpVMm5xWWZnSVQzUGxZcEpPcmxRRXlpUWJjcjlnbw?oc=5\" target=\"_blank\" rel=\"nofollow noopener\">Vi\u013c\u0146as lidost\u0101 ceturto reizi \u0161oned\u0113\u013c trauc\u0113jumi kontrabandas balonu d\u0113\u013c \/ Raksts<\/a>&nbsp;&nbsp;LSM<\/li>\n<li><a href=\"https:\/\/news.google.com\/rss\/articles\/CBMigwFBVV95cUxNQ21obHJqYy1KN19nR3F0RnBwVi05VW9yV3FuZDRnTUVCamFDVnVleDFMa3piVE1nTS03UlJhSlV0V0tONGhwa0ZCVGl2VnRSdS1uWGtDbnMteEhCUHBXLVBYdk9RcG1rS1RLdktyM0NuN1NXY3dPczBXdGV0MnBjZFVyVQ?oc=5\" target=\"_blank\" rel=\"nofollow noopener\">Vi\u013c\u0146as un Kau\u0146as lidost\u0101s atkal aptur\u0113ta lidma\u0161\u012bnu satiksme<\/a>&nbsp;&nbsp;LA.LV<\/li>\n<li><a href=\"https:\/\/news.google.com\/rss\/articles\/CBMiogFBVV95cUxNX0l1UW9ITmQ2VkZfbE1nTmZDajJ2WXZjWkRhY3ljQm94c3dDN0h3T1BUVVdHdXM4ZUFTZ2xxbFJFeWVIaTBDQ0hkX0x4Ujhva2k0dWRYVllYTkxBckY4MXBTdzZCQUh6OXY5NnFPUDNaSnNvYWJhMU90Vi1hSERMX0lNdnlSOGdwVExqZWtyZmxTSHVidTh3azF1Ukx0Q004VUE?oc=5\" target=\"_blank\" rel=\"nofollow noopener\">Meteozon\u017eu d\u0113\u013c ar\u012b sestdienas vakar\u0101 atkal bijusi sl\u0113gta Vi\u013c\u0146as lidosta<\/a>&nbsp;&nbsp;TVNET<\/li>\n<\/ol>\n","protected":false},"excerpt":{"rendered":"Lietuva uz nenoteiktu laiku sl\u0113gusi robe\u017epunktus ar Baltkrieviju&nbsp;&nbsp;Jauns.lv Balonu d\u0113\u013c atkal sl\u0113gta Vi\u013c\u0146as lidosta&nbsp;&nbsp;Delfi Vi\u013c\u0146as lidost\u0101 ceturto reizi&hellip;\n","protected":false},"author":2,"featured_media":31964,"comment_status":"","ping_status":"","sticky":false,"template":"","format":"standard","meta":{"footnotes":""},"categories":[5],"tags":[23,28,29,32,33,22,30,31,35,39,38,36,37,34,40,20,26,27,24,25,21],"class_list":{"0":"post-31963","1":"post","2":"type-post","3":"status-publish","4":"format-standard","5":"has-post-thumbnail","7":"category-aktualitates","8":"tag-aktualitates","9":"tag-breaking-news","10":"tag-breakingnews","11":"tag-featured-news","12":"tag-featurednews","13":"tag-headlines","14":"tag-latest-news","15":"tag-latestnews","16":"tag-latvia","17":"tag-latvian","18":"tag-latviesu","19":"tag-latviesu-valoda","20":"tag-latviesuvaloda","21":"tag-latvija","22":"tag-lv","23":"tag-news","24":"tag-popularakas-zinas","25":"tag-popularakaszinas","26":"tag-top-stories","27":"tag-topstories","28":"tag-zinas"},"share_on_mastodon":{"url":"https:\/\/pubeurope.com\/@lv\/115443436544019391","error":""},"_links":{"self":[{"href":"https:\/\/www.europesays.com\/lv\/wp-json\/wp\/v2\/posts\/31963","targetHints":{"allow":["GET"]}}],"collection":[{"href":"https:\/\/www.europesays.com\/lv\/wp-json\/wp\/v2\/posts"}],"about":[{"href":"https:\/\/www.europesays.com\/lv\/wp-json\/wp\/v2\/types\/post"}],"author":[{"embeddable":true,"href":"https:\/\/www.europesays.com\/lv\/wp-json\/wp\/v2\/users\/2"}],"replies":[{"embeddable":true,"href":"https:\/\/www.europesays.com\/lv\/wp-json\/wp\/v2\/comments?post=31963"}],"version-history":[{"count":0,"href":"https:\/\/www.europesays.com\/lv\/wp-json\/wp\/v2\/posts\/31963\/revisions"}],"wp:featuredmedia":[{"embeddable":true,"href":"https:\/\/www.europesays.com\/lv\/wp-json\/wp\/v2\/media\/31964"}],"wp:attachment":[{"href":"https:\/\/www.europesays.com\/lv\/wp-json\/wp\/v2\/media?parent=31963"}],"wp:term":[{"taxonomy":"category","embeddable":true,"href":"https:\/\/www.europesays.com\/lv\/wp-json\/wp\/v2\/categories?post=31963"},{"taxonomy":"post_tag","embeddable":true,"href":"https:\/\/www.europesays.com\/lv\/wp-json\/wp\/v2\/tags?post=31963"}],"curies":[{"name":"wp","href":"https:\/\/api.w.org\/{rel}","templated":true}]}}