{"id":31970,"date":"2025-10-27T01:07:08","date_gmt":"2025-10-27T01:07:08","guid":{"rendered":"https:\/\/www.europesays.com\/lv\/31970\/"},"modified":"2025-10-27T01:07:08","modified_gmt":"2025-10-27T01:07:08","slug":"valsts-policija-mekle-virieti-par-smaga-nozieguma-izdarisanu-tvnet","status":"publish","type":"post","link":"https:\/\/www.europesays.com\/lv\/31970\/","title":{"rendered":"Valsts policija mekl\u0113 v\u012brieti par smaga nozieguma izdar\u012b\u0161anu &#8211; TVNET"},"content":{"rendered":"<ol>\n<li><a href=\"https:\/\/news.google.com\/rss\/articles\/CBMikwFBVV95cUxOSzZPNGdERzU3M1M2NDhkX21walladFJoNEtHRDJZY3NNWDhYZjViU1Z0Y2hWeVVRT1ZnODdFQnVWVk1YUzRoc2pYa0pkOTlUbW9uMklfb19CQTFLNXJDblZTNFNuUU9lOXBHbHd1QTROd1ZnXzV4NVh3TE1mZ1FPYkZRUWZ2U3UyTEhuX1BYZkpKcUk?oc=5\" target=\"_blank\" rel=\"nofollow noopener\">Valsts policija mekl\u0113 v\u012brieti par smaga nozieguma izdar\u012b\u0161anu<\/a>&nbsp;&nbsp;TVNET<\/li>\n<li><a href=\"https:\/\/news.google.com\/rss\/articles\/CBMinwFBVV95cUxQRnZBWGxxN3hlQm4zeTB3RFUtRFp5OEQzME9tTFZRZ0NxVl85OXQwTHRxbDFFcERCU1Z5NUdtTE9qTnhGbDJzQjMtZklqaVZ5Y2ZhN2cwUUdMSUItZHQxbXRvVENNbTU1bFRpZW1tdWJjSlRjTE9NVmwwUTlzYnZzOWY4YzVxNTNSYktCQ1BSaktCdWJqM3oyVWFBejduLUk?oc=5\" target=\"_blank\" rel=\"nofollow noopener\">Par smagu noziedz\u012bgu nodar\u012bjumu policija mekl\u0113 v\u012brieti<\/a>&nbsp;&nbsp;Delfi<\/li>\n<li><a href=\"https:\/\/news.google.com\/rss\/articles\/CBMikAFBVV95cUxPRmhiOFVJMXdCdlF4aWlRWURHWWN0LXQ2VzM2WWJSbC1jb21WZHlxTFZWOFVCd0tMbkFJX0dxY3pPamk5bUNBa09Dc1lHMjJjTFZjRG1TUmtndU1OSlJIZVpqNjBtRmgtUVpVb2FiVk10SWRJb0ItWWZEOFROZXVtNDVLSmJpTmJucHBvaXozeDM?oc=5\" target=\"_blank\" rel=\"nofollow noopener\">Valsts policijas amatpersonas skaidro personas identit\u0101ti<\/a>&nbsp;&nbsp;Apollo.lv<\/li>\n<li><a href=\"https:\/\/news.google.com\/rss\/articles\/CBMiwwFBVV95cUxOZ1VsdlRadlpqR1ptR3dYc3R3WlJERmZzYV80REhCcjVtN1VUUUpleC1YQlhaZWVfY0pTbFBnYVV5RDljQmx0YkhHdVltZGk4ZXo2NWxETEVyQy1jMjJJYkYzV0dSTVZOY3lSTlhMTHVjMUhMN3VNRzQ5OHAtdFdYVU5hVnc5bzlCQVJ2bzFYdzgxNm96SWcydE1tbWh0UEQtZnhkcG1lSmJjMHZRcUxTVlhWVWpIVjJlWUEtOUpFcHlXUjA?oc=5\" target=\"_blank\" rel=\"nofollow noopener\">FOTO: policija Ludz\u0101 mekl\u0113 att\u0113los redzamu personu &#8211; aicina iedz\u012bvot\u0101jus sniegt inform\u0101ciju<\/a>&nbsp;&nbsp;Jauns.lv<\/li>\n<li><a href=\"https:\/\/news.google.com\/rss\/articles\/CBMi0wFBVV95cUxNVkZQTTZmV0s1QlI2TkpYMEVPSTJmQjBrWks0QkgtaURzWFRVZ3hpT2dhdkMzWFhiSHcyQzNzaWpKRUd4NTgtOGowT1ZadENvMUtXZlc1TXRqd29VZVhaaGo3TEJDeHVtd0Y1MWZzMFRWcGo0TmJ1T0R2SzdZeXFFOFRrajJZQ09Vdjk4Mmc5UDU4WUFMRExtUDU1QzJ0N1VLZ3dhZW5kMndabW81aWxwYmdDTWxCUzlIMGNvWkRGT1p2TUEyRXR3Q3dCczhkbUhMdHJZ?oc=5\" target=\"_blank\" rel=\"nofollow noopener\">Valsts policija mekl\u0113 v\u012brieti, kas tur\u0113ts aizdom\u0101s par smaga nozieguma izdar\u012b\u0161anu<\/a>&nbsp;&nbsp;Lente.lv<\/li>\n<\/ol>\n","protected":false},"excerpt":{"rendered":"Valsts policija mekl\u0113 v\u012brieti par smaga nozieguma izdar\u012b\u0161anu&nbsp;&nbsp;TVNET Par smagu noziedz\u012bgu nodar\u012bjumu policija mekl\u0113 v\u012brieti&nbsp;&nbsp;Delfi Valsts policijas amatpersonas&hellip;\n","protected":false},"author":2,"featured_media":31971,"comment_status":"","ping_status":"","sticky":false,"template":"","format":"standard","meta":{"footnotes":""},"categories":[12],"tags":[23,28,29,32,33,22,30,31,35,39,38,36,37,34,40,20,163,26,27,24,25,138,21],"class_list":{"0":"post-31970","1":"post","2":"type-post","3":"status-publish","4":"format-standard","5":"has-post-thumbnail","7":"category-latvija","8":"tag-aktualitates","9":"tag-breaking-news","10":"tag-breakingnews","11":"tag-featured-news","12":"tag-featurednews","13":"tag-headlines","14":"tag-latest-news","15":"tag-latestnews","16":"tag-latvia","17":"tag-latvian","18":"tag-latviesu","19":"tag-latviesu-valoda","20":"tag-latviesuvaloda","21":"tag-latvija","22":"tag-lv","23":"tag-news","24":"tag-policija","25":"tag-popularakas-zinas","26":"tag-popularakaszinas","27":"tag-top-stories","28":"tag-topstories","29":"tag-valsts-policija","30":"tag-zinas"},"share_on_mastodon":{"url":"https:\/\/pubeurope.com\/@lv\/115443456107274013","error":""},"_links":{"self":[{"href":"https:\/\/www.europesays.com\/lv\/wp-json\/wp\/v2\/posts\/31970","targetHints":{"allow":["GET"]}}],"collection":[{"href":"https:\/\/www.europesays.com\/lv\/wp-json\/wp\/v2\/posts"}],"about":[{"href":"https:\/\/www.europesays.com\/lv\/wp-json\/wp\/v2\/types\/post"}],"author":[{"embeddable":true,"href":"https:\/\/www.europesays.com\/lv\/wp-json\/wp\/v2\/users\/2"}],"replies":[{"embeddable":true,"href":"https:\/\/www.europesays.com\/lv\/wp-json\/wp\/v2\/comments?post=31970"}],"version-history":[{"count":0,"href":"https:\/\/www.europesays.com\/lv\/wp-json\/wp\/v2\/posts\/31970\/revisions"}],"wp:featuredmedia":[{"embeddable":true,"href":"https:\/\/www.europesays.com\/lv\/wp-json\/wp\/v2\/media\/31971"}],"wp:attachment":[{"href":"https:\/\/www.europesays.com\/lv\/wp-json\/wp\/v2\/media?parent=31970"}],"wp:term":[{"taxonomy":"category","embeddable":true,"href":"https:\/\/www.europesays.com\/lv\/wp-json\/wp\/v2\/categories?post=31970"},{"taxonomy":"post_tag","embeddable":true,"href":"https:\/\/www.europesays.com\/lv\/wp-json\/wp\/v2\/tags?post=31970"}],"curies":[{"name":"wp","href":"https:\/\/api.w.org\/{rel}","templated":true}]}}