{"id":31977,"date":"2025-10-27T01:14:09","date_gmt":"2025-10-27T01:14:09","guid":{"rendered":"https:\/\/www.europesays.com\/lv\/31977\/"},"modified":"2025-10-27T01:14:09","modified_gmt":"2025-10-27T01:14:09","slug":"zinas-vieglaja-valoda-26-oktobri-raksts","status":"publish","type":"post","link":"https:\/\/www.europesays.com\/lv\/31977\/","title":{"rendered":"Zi\u0146as vieglaj\u0101 valod\u0101 26. oktobr\u012b \/ Raksts"},"content":{"rendered":"<p>Zi\u0146as vieglaj\u0101 valod\u0101 26. oktobr\u012b.\u00a0<\/p>\n<p>Zi\u0146as vieglaj\u0101 valod\u0101 26. oktobr\u012b<\/p>\n<p>Krievija veic dronu uzbrukumus Ukrainai\u00a0<\/p>\n<p>Krievija nakt\u012b veica k\u0101rt\u0113jos dronu uzbrukumus Ukrainai.<\/p>\n<p>Krievija palaida vair\u0101k nek\u0101 100 dronus.<\/p>\n<p>Ukrainas sp\u0113ki notrieca 90\u00a0dronus.<\/p>\n<p>Vair\u0101ku dronu atl\u016bzas tr\u0101p\u012bja daudzst\u0101vu m\u0101j\u0101m.<\/p>\n<p>Ukrainas galvaspils\u0113t\u0101 Kijiv\u0101 uzbrukumos nogalin\u0101ti tr\u012bs cilv\u0113ki un 33\u00a0ievainoti.<\/p>\n<p>Starp ievainotajiem ir 7 b\u0113rni.\u00a0<\/p>\n<p>Krievija m\u0113r\u0137\u0113 pa civilo infrastrukt\u016bru\u00a0Ukrain\u0101\u00a0<\/p>\n<p>Aizvad\u012btaj\u0101 ned\u0113\u013c\u0101 Krievija pret Ukrainu raid\u012bja vair\u0101k nek\u0101 50\u00a0ra\u0137etes, gandr\u012bz 1200 trieciendronus un vair\u0101k nek\u0101 1300 vad\u0101m\u0101s avi\u0101cijas bumbas.<\/p>\n<p>T\u0101 sv\u0113tdien pazi\u0146oja Ukrainas prezidents Volodimirs Zelenskis.<\/p>\n<p>Zelenskis teica, ka liel\u0101koties Krievija m\u0113r\u0137\u0113ja pa civilo infrastrukt\u016bru.\u00a0<\/p>\n<p>Krievija izm\u0113\u0123in\u0101jusi jaunu kodolra\u0137eti\u00a0<\/p>\n<p>Krievija veiksm\u012bgi izm\u0113\u0123in\u0101jusi jaunu sp\u0101rnoto kodolra\u0137eti.<\/p>\n<p>T\u0101 sv\u0113tdien pazi\u0146oja Krievijas diktators Vladimirs Putins.<\/p>\n<p>Putins sac\u012bja, ka ra\u0137ete sp\u0113j nest kodoliero\u010dus un lidot l\u012bdz 14\u00a0t\u016bksto\u0161u kilometru att\u0101lum\u0101.<\/p>\n<p>Par ra\u0137etes izstr\u0101d\u0101\u0161anu Putins pazi\u0146oja jau 2018.\u00a0gad\u0101.\u00a0<\/p>\n<p>Meteorolo\u0123isko balonu d\u0113\u013c Vi\u013c\u0146as lidostu sl\u0113dz\u00a0tre\u0161o nakti p\u0113c k\u0101rtas\u00a0<\/p>\n<p>Lietuvas galvaspils\u0113tas Vi\u013c\u0146as lidostu sestdienas vakar\u0101 uz laiku sl\u0113dza dro\u0161\u012bbas apsv\u0113rumu d\u0113\u013c.<\/p>\n<p>Lidostas virzien\u0101 lidoja meteorolo\u0123iskie baloni.<\/p>\n<p>T\u0101du balonus parasti izmanto cigare\u0161u kontrabandisti no Baltkrievijas.<\/p>\n<p>Vi\u013c\u0146as lidostu sl\u0113dza ap pusdesmitiem vakar\u0101, bet t\u0101s darb\u012bbu atjaunoja sv\u0113tdien 3.30.<\/p>\n<p>Meteorolo\u0123isko balonu d\u0113\u013c Vi\u013c\u0146as lidostu sl\u0113dza jau tre\u0161o nakti p\u0113c k\u0101rtas.<\/p>\n<p>Kop\u0161 Lietuva sl\u0113dza da\u017eus robe\u017ekontroles punktus ar Baltkrieviju un pastiprin\u0101ja robe\u017eas dro\u0161\u012bbu, meteorolo\u0123iskie baloni ir k\u013cuvu\u0161i par vienu no bie\u017e\u0101kaj\u0101m cigare\u0161u kontrabandas metod\u0113m.\u00a0<\/p>\n<p>Notika\u00a0Dienvidaustrum\u0101zijas valstu asoci\u0101cijas samits\u00a0<\/p>\n<p>Malaizijas galvaspils\u0113t\u0101 Kualalumpur\u0101 sv\u0113tdien\u00a0notika Dienvidaustrum\u0101zijas valstu asoci\u0101cijas samits.<\/p>\n<p>Samita laik\u0101 Taizemes un Kambod\u017eas l\u012bderi parakst\u012bja vieno\u0161anos par milit\u0101r\u0101 konflikta p\u0101rtrauk\u0161anu starp ab\u0101m valst\u012bm.<\/p>\n<p>Samitu apmekl\u0113ja ar\u012b ASV prezidents Donalds Tramps.<\/p>\n<p>Tramps turpm\u0101k dosies uz v\u0113l cit\u0101m \u0100zijas valst\u012bm.<\/p>\n<p>Trampam paredz\u0113tas svar\u012bgas tirdzniec\u012bbas sarunas ar \u0136\u012bnas prezidentu Sji Dzji\u0146pinu.\u00a0<\/p>\n<p>Aiztur divus cilv\u0113kus par z\u0101dz\u012bbu Luvr\u0101\u00a0<\/p>\n<p>Divi cilv\u0113ki aiztur\u0113ti par d\u0101rglietu z\u0101dz\u012bbu no Luvras muzeja Francij\u0101, Par\u012bz\u0113.<\/p>\n<p>Vienu no vi\u0146iem aiztur\u0113ja Par\u012bzes \u0160arla de Golla lidost\u0101, kad vi\u0146\u0161 m\u0113\u0123in\u0101ja iek\u0101pt lidma\u0161\u012bn\u0101 uz Al\u017e\u012briju.<\/p>\n<p>Otru aiztur\u0113ja S\u0113nas-Senden\u012b departament\u0101.<\/p>\n<p>K\u0101 v\u0113st\u012bts, Luvr\u0101 pirms ned\u0113\u013cas \u010detri cilv\u0113ki mask\u0101s nozaga d\u0101rglietas.<\/p>\n<p>D\u0101rglietu kop\u0113j\u0101 v\u0113rt\u012bba bija 88\u00a0miljoni eiro.<\/p>\n<p>            <img decoding=\"async\" src=\"https:\/\/www.europesays.com\/lv\/wp-content\/uploads\/2025\/10\/oua8.png\" alt=\"Luvras muzejs Par\u012bz\u0113\"\/><\/p>\n<p>Luvras muzejs Par\u012bz\u0113<\/p>\n<p>Arh\u012bva foto. Pievienots 11.10.2024. Guillaume Meurice<\/p>\n<\/p>\n<p>Saeimas komisija run\u0101s par\u00a0R\u0113zeknes tehnikuma veiktajiem maks\u0101jumiem\u00a0<\/p>\n<p>Saeimas Publisko izdevumu un rev\u012bzijas komisija tre\u0161dien spried\u012bs par R\u0113zeknes tehnikuma veikto maks\u0101jumu likum\u012bbu.<\/p>\n<p>K\u0101 v\u0113st\u012bts, Valsts kontrole atkl\u0101ja, ka no R\u0113zeknes tehnikuma bud\u017eeta, iesp\u0113jams, izkr\u0101pti vismaz 54 t\u016bksto\u0161i eiro.<\/p>\n<p>Par iesp\u0113jamo kr\u0101p\u0161anu ir s\u0101kts krimin\u0101lprocess.<\/p>\n<p>Pie 15 dzelzce\u013ca pietur\u0101m\u00a0R\u012bg\u0101 n\u0101kamgad pabeigs mobilit\u0101tes punktus\u00a0<\/p>\n<p>R\u012bg\u0101 pie 15\u00a0dzelzce\u013ca pietur\u0101m l\u012bdz n\u0101kam\u0101 gada vidum paredz\u0113ts pabeigt mobilit\u0101tes punktus.<\/p>\n<p>Mobilit\u0101tes punktos pasa\u017eieri var\u0113s \u0113rti p\u0101rs\u0113sties no vilciena uz pa\u0161vald\u012bbas autobusu, tramvaju vai trolejbusu.<\/p>\n<p>\u0160ajos punktos var\u0113s ar\u012b atst\u0101t savu velosip\u0113du, elektroskrejriteni vai automa\u0161\u012bnu.<\/p>\n<p>Mobilit\u0101tes punktu uzb\u016bv\u0113\u0161ana izmaks\u0101s vair\u0101k nek\u0101 40\u00a0miljonus eiro.<\/p>\n<p>                    Valodas k\u013c\u016bda rakst\u0101?<\/p>\n<p class=\"d-none d-md-block\">Iez\u012bm\u0113jiet tekstu un spiediet Ctrl+Enter, lai nos\u016bt\u012btu labojamo teksta fragmentu redaktoram! Par faktu k\u013c\u016bd\u0101m l\u016bdzam zi\u0146ot e-past\u0101 <a href=\"https:\/\/www.lsm.lv\/cdn-cgi\/l\/email-protection\" class=\"__cf_email__\" data-cfemail=\"fb899e9f9a909892919abb978896d5978d\" rel=\"nofollow noopener\" target=\"_blank\">[email\u00a0protected]<\/a>.<\/p>\n<p class=\"d-md-none\">Iez\u012bm\u0113jiet tekstu un spiediet uz Zi\u0146ot par k\u013c\u016bdu pogas, lai nos\u016bt\u012btu labojamo teksta fragmentu redaktoram!<\/p>\n<p>\n                    Zi\u0146ot par k\u013c\u016bdu\n                <\/p>\n","protected":false},"excerpt":{"rendered":"Zi\u0146as vieglaj\u0101 valod\u0101 26. oktobr\u012b.\u00a0 Zi\u0146as vieglaj\u0101 valod\u0101 26. oktobr\u012b Krievija veic dronu uzbrukumus Ukrainai\u00a0 Krievija nakt\u012b veica&hellip;\n","protected":false},"author":2,"featured_media":6849,"comment_status":"","ping_status":"","sticky":false,"template":"","format":"standard","meta":{"footnotes":""},"categories":[5],"tags":[23,28,29,32,33,22,30,31,35,39,38,36,37,34,40,20,26,27,24,25,21],"class_list":{"0":"post-31977","1":"post","2":"type-post","3":"status-publish","4":"format-standard","5":"has-post-thumbnail","7":"category-aktualitates","8":"tag-aktualitates","9":"tag-breaking-news","10":"tag-breakingnews","11":"tag-featured-news","12":"tag-featurednews","13":"tag-headlines","14":"tag-latest-news","15":"tag-latestnews","16":"tag-latvia","17":"tag-latvian","18":"tag-latviesu","19":"tag-latviesu-valoda","20":"tag-latviesuvaloda","21":"tag-latvija","22":"tag-lv","23":"tag-news","24":"tag-popularakas-zinas","25":"tag-popularakaszinas","26":"tag-top-stories","27":"tag-topstories","28":"tag-zinas"},"share_on_mastodon":{"url":"https:\/\/pubeurope.com\/@lv\/115443483557414424","error":""},"_links":{"self":[{"href":"https:\/\/www.europesays.com\/lv\/wp-json\/wp\/v2\/posts\/31977","targetHints":{"allow":["GET"]}}],"collection":[{"href":"https:\/\/www.europesays.com\/lv\/wp-json\/wp\/v2\/posts"}],"about":[{"href":"https:\/\/www.europesays.com\/lv\/wp-json\/wp\/v2\/types\/post"}],"author":[{"embeddable":true,"href":"https:\/\/www.europesays.com\/lv\/wp-json\/wp\/v2\/users\/2"}],"replies":[{"embeddable":true,"href":"https:\/\/www.europesays.com\/lv\/wp-json\/wp\/v2\/comments?post=31977"}],"version-history":[{"count":0,"href":"https:\/\/www.europesays.com\/lv\/wp-json\/wp\/v2\/posts\/31977\/revisions"}],"wp:featuredmedia":[{"embeddable":true,"href":"https:\/\/www.europesays.com\/lv\/wp-json\/wp\/v2\/media\/6849"}],"wp:attachment":[{"href":"https:\/\/www.europesays.com\/lv\/wp-json\/wp\/v2\/media?parent=31977"}],"wp:term":[{"taxonomy":"category","embeddable":true,"href":"https:\/\/www.europesays.com\/lv\/wp-json\/wp\/v2\/categories?post=31977"},{"taxonomy":"post_tag","embeddable":true,"href":"https:\/\/www.europesays.com\/lv\/wp-json\/wp\/v2\/tags?post=31977"}],"curies":[{"name":"wp","href":"https:\/\/api.w.org\/{rel}","templated":true}]}}