{"id":31984,"date":"2025-10-27T02:51:07","date_gmt":"2025-10-27T02:51:07","guid":{"rendered":"https:\/\/www.europesays.com\/lv\/31984\/"},"modified":"2025-10-27T02:51:07","modified_gmt":"2025-10-27T02:51:07","slug":"ventspils-koncertzale-latvija-atklaj-jauno-sezonu-ar-starptautisku-makslinieku-un-daudzveidigam-programmam-lente-lv","status":"publish","type":"post","link":"https:\/\/www.europesays.com\/lv\/31984\/","title":{"rendered":"Ventspils koncertz\u0101le \u201eLatvija\u201d atkl\u0101j jauno sezonu ar starptautisku m\u0101kslinieku un daudzveid\u012bg\u0101m programm\u0101m\u00a0\u2014\u00a0Lente.lv"},"content":{"rendered":"<p>Ventspils koncertz\u0101les \u201eLatvija\u201d jaun\u0101 sezona: sol\u0101s b\u016bt spilgta un daudzveid\u012bga<\/p>\n<p>Ventspils koncertz\u0101le \u201eLatvija\u201d atkl\u0101j jauno sezonu ar aizraujo\u0161u un bag\u0101t\u012bgu koncertu programmu, kas sol\u0101s iepriecin\u0101t m\u016bzikas baud\u012bt\u0101jus visas rudens un ziemas sezonas garum\u0101. Klaus\u012bt\u0101jus sagaida neaizmirstamas tik\u0161an\u0101s ar izciliem m\u0101ksliniekiem un daudzveid\u012bgas, aizraujo\u0161as koncertprogrammas.<\/p>\n<p>Kr\u0101\u0161\u0146s sezonas atkl\u0101\u0161anas koncerts<\/p>\n<p>Jaun\u0101s sezonas spo\u017eo atkl\u0101\u0161anu 27. septembr\u012b atz\u012bm\u0113s v\u0113rien\u012bgs koncerts, kur\u0101 uzst\u0101sies Latvijas Nacion\u0101lais simfoniskais or\u0137estris kop\u0101 ar Valsts Akad\u0113misko kori \u201eLatvija\u201d. Koncert\u0101 piedal\u012bsies ar\u012b spo\u017ei solisti \u2013 sopr\u0101ns Nina Spinozi, klaves\u012bniste Ieva Saliete un baritons Halvors Meliens, bet diri\u0123enta god\u0101 st\u0101sies \u017dans Kristofs Spinozi. Programm\u0101 skan\u0113s P\u0113tera Vaska \u201eCantabile\u201d, Antonio Vivaldi \u201eLaudate pueri: Sit nomen domine\u201d, Johana Sebasti\u0101na Baha Koncerts klaves\u012bnam un or\u0137estrim reminor\u0101, k\u0101 ar\u012b Gabriela For\u0113 Rekvi\u0113ms. \u0160is notikums sol\u0101s b\u016bt ne tikai kr\u0101\u0161\u0146s sezonas s\u0101kums, bet ar\u012b muzik\u0101ls ce\u013cojums, kas sav\u012bs da\u017e\u0101du laikmetu un stilu m\u016bzikas valodas, piepildot klaus\u012bt\u0101ju sirdis ar dzi\u013c\u0101m emocij\u0101m.<\/p>\n<p>Velt\u012bjums Arvo P\u0113rtam un pianista Georgija Osokina jaunais albums<\/p>\n<p>\u0160oruden tiek svin\u0113ta di\u017e\u0101 igau\u0146u komponista Arvo P\u0113rta 90. dzim\u0161anas diena. Par godu \u0161im notikumam talant\u012bgais pianists Georgijs Osokins izdevis savu debijas albumu \u201eFor ARVO\u201d izdevniec\u012bb\u0101 \u201eDeutsche Grammophon\u201d. \u0160is unik\u0101lais projekts 9. oktobr\u012b viesosies ar\u012b koncertz\u0101l\u0113 \u201eLatvija\u201d, pied\u0101v\u0101jot P\u0113rta ori\u0123in\u0101ldarbus un Osokina rad\u012btas klavieru transkripcijas. Daudzi le\u0123end\u0101ri P\u0113rta ska\u0146darbi pirmo reizi izskan\u0113s solo klavieru versij\u0101, radot \u012bpa\u0161u intimit\u0101ti un dzi\u013cumu.<\/p>\n<p>Kameror\u0137estris \u201eKremerata Baltica\u201d un spo\u017ei solisti<\/p>\n<p>17. oktobr\u012b klaus\u012bt\u0101jus priec\u0113s slavenais kameror\u0137estris \u201eKremerata Baltica\u201d ar savu koncertprogrammu \u201eJauns un negaid\u012bts\u201d. Uz skatuves k\u0101ps ar\u012b spo\u017ei solisti \u2013 vijolnieki D\u017eeralds Bidva un Stella Za\u0137e, k\u0101 ar\u012b \u010dellisti Magdalena Ceple un Kristers M\u0101rti\u0146\u0161 \u0160\u012bmanis. Programm\u0101 skan\u0113s izcilu komponistu, tai skait\u0101 Baha, Mendelszona, Vaska, Veinberga, Keni\u0146a un Mustonena, ska\u0146darbi, pied\u0101v\u0101jot klaus\u012bt\u0101jiem daudzveid\u012bgu un aizraujo\u0161u muzik\u0101lu baud\u012bjumu.<\/p>\n<p>Muzik\u0101ls piedz\u012bvojums mazajiem<\/p>\n<p>Koncertz\u0101le \u201eLatvija\u201d neaizmirst ar\u012b par jaun\u0101kajiem m\u016bzikas cien\u012bt\u0101jiem. 29. oktobr\u012b b\u0113rnus sagaida koncertuzvedums \u201eP\u0113ter\u012btis un vilks\u201d, kur\u0101 Liep\u0101jas Simfoniskais or\u0137estris diri\u0123enta Rei\u0146a Lapas vad\u012bb\u0101 aizraujo\u0161\u0101 muzik\u0101l\u0101 piedz\u012bvojum\u0101 ieved\u012bs mazos skat\u012bt\u0101jus. Galven\u0101s lomas atveidos Liene G\u0101li\u0146a, P\u0113teris Lapi\u0146\u0161 un re\u017eisors \u0122irts \u0160olis, radot kr\u0101sainu un izgl\u012btojo\u0161u izr\u0101di b\u0113rniem.<\/p>\n<p>Rei\u0146a Zari\u0146a \u201eBahs un \u0160op\u0113ns\u201d<\/p>\n<p>Novembra pirmaj\u0101 dien\u0101, 1. novembr\u012b, par iespaid\u012bgu ies\u0101kumu m\u0113nesim par\u016bp\u0113sies talant\u012bgais pianists Reinis Zari\u0146\u0161 ar savu jauno soloprogrammu \u201eBahs un \u0160op\u0113ns\u201d. \u0160is koncerts ir apliecin\u0101jums Zari\u0146a drosm\u012bgajai pieejai un sp\u0113jai saskat\u012bt neparastas sakar\u012bbas starp da\u017e\u0101du laikmetu m\u016bziku. Programma, kas sav\u012bs baroka un romantisma laikmetu ska\u0146darbus, tiks bag\u0101tin\u0101ta ar divu unik\u0101lu instrumentu \u2013 \u201eSteinway\u201d koncertfl\u012b\u0123e\u013ca un D\u0101vida K\u013cavi\u0146a vertik\u0101lo koncertklavieru M470i \u2013 skan\u0113jumu.<\/p>\n<p>Viet\u0113jo kolekt\u012bvu koncerti un d\u017eeza vakars<\/p>\n<p>Ventspils m\u016bzikas dz\u012bvi kuplin\u0101s ar\u012b viet\u0113jie kolekt\u012bvi. 15. novembr\u012b Ventspils kameror\u0137estris un jauktais koris \u201eVentspils\u201d diri\u0123enta Aigara Meri vad\u012bb\u0101 pied\u0101v\u0101s programmu \u201eRuden\u012b\u201d, pieaicinot akordeonisti Initu \u0100boli\u0146u un muzikolo\u0123i Lieni Jakov\u013cevu. Savuk\u0101rt 28. novembr\u012b Ventspils bigbends kop\u0101 ar vok\u0101listi Paulu Saiju un trombonistu Vadimu Dmitrijevu sniegs d\u017eeza cien\u012bt\u0101jiem \u012bpa\u0161u vakaru.<\/p>\n<p>Sezonas kulmin\u0101cija: Avi Avitals un Ksenija Sidorova<\/p>\n<p>Decembra s\u0101kum\u0101, 6. decembr\u012b, gaid\u0101ms viens no sezonas grandioz\u0101kajiem notikumiem \u2013 uz skatuves tiksies pasaulslavenais mandol\u012bnists Avi Avitals un latvie\u0161u akordeona zvaigzne Ksenija Sidorova. \u0160\u012b b\u016bs Sidorovas vien\u012bg\u0101 uzst\u0101\u0161an\u0101s Latvij\u0101 \u0161ogad. Koncerts sol\u0101s b\u016bt temperament\u012bgs un kaisl\u012bgs, aizraujot klaus\u012bt\u0101jus ar neparastu divu instrumentu sarunu, kas atkl\u0101s klasisk\u0101s v\u0113rt\u012bbas jaun\u0101s ska\u0146u pasaul\u0113s un aizved\u012bs uz dienvidu un Tuvo Austrumu zemju noska\u0146\u0101m.<\/p>\n<p>Ziemassv\u0113tku gaid\u012b\u0161anas prieks un sv\u0113tku koncerti<\/p>\n<p>Ziemassv\u0113tku gaid\u012b\u0161anas laiku koncertz\u0101l\u0113 \u201eLatvija\u201d ieskandin\u0101s po\u013cu \u0113r\u0123elnieks Jans Bartolomejs Bok\u0161\u010da\u0146ins 14. decembr\u012b. Tam sekos sv\u0113tku koncerts \u201eN\u0101kat iek\u0161\u0101, Ziemassv\u0113tki\u201d 20. decembr\u012b, kur\u0101 uzst\u0101sies Aija Andrejeva, J\u0101nis Ai\u0161purs, Ventspils bigbends un kameror\u0137estris. Savuk\u0101rt 21. decembr\u012b klaus\u012bt\u0101jus priec\u0113s Ances Krauzes un Zigfr\u012bda Muktup\u0101vela koncertprogramma \u201eTik viegli un balti\u201d.<\/p>\n<p>Gada izska\u0146a ar \u201eZiemassv\u0113tku v\u012bzij\u0101m\u201d<\/p>\n<p>2025. gada izska\u0146\u0101, 26. decembr\u012b, koncertz\u0101le \u201eLatvija\u201d aicina uz sv\u0113tku koncertprogrammu \u201eZiemassv\u0113tku v\u012bzijas\u201d. Taj\u0101 uzst\u0101sies Per\u012bna Madefa (sopr\u0101ns), Liene Andreta Kalnciema (\u0113r\u0123eles) un Oskars Petrauskis (saksofons). Koncert\u0101 l\u012bdz\u0101s tradicion\u0101lajiem Ziemassv\u0113tku dziesmu skan\u0113jumam izskan\u0113s ar\u012b \u012bpa\u0161i \u0161iem m\u0101ksliniekiem velt\u012bti komponista \u0112rika E\u0161envalda darbi, radot unik\u0101lu un sv\u0113tku saj\u016btu piepild\u012btu nosl\u0113gumu gadam.<\/p>\n","protected":false},"excerpt":{"rendered":"Ventspils koncertz\u0101les \u201eLatvija\u201d jaun\u0101 sezona: sol\u0101s b\u016bt spilgta un daudzveid\u012bga Ventspils koncertz\u0101le \u201eLatvija\u201d atkl\u0101j jauno sezonu ar aizraujo\u0161u&hellip;\n","protected":false},"author":2,"featured_media":31985,"comment_status":"","ping_status":"","sticky":false,"template":"","format":"standard","meta":{"footnotes":""},"categories":[19],"tags":[89,90,269,2527,2017,35,39,38,36,37,34,40,9599,5497],"class_list":{"0":"post-31984","1":"post","2":"type-post","3":"status-publish","4":"format-standard","5":"has-post-thumbnail","7":"category-izklaide","8":"tag-entertainment","9":"tag-izklaide","10":"tag-jauna-sezona","11":"tag-klasiska-muzika","12":"tag-koncerti","13":"tag-latvia","14":"tag-latvian","15":"tag-latviesu","16":"tag-latviesu-valoda","17":"tag-latviesuvaloda","18":"tag-latvija","19":"tag-lv","20":"tag-makslinieki","21":"tag-ventspils-koncertzale"},"share_on_mastodon":{"url":"https:\/\/pubeurope.com\/@lv\/115443864931103373","error":""},"_links":{"self":[{"href":"https:\/\/www.europesays.com\/lv\/wp-json\/wp\/v2\/posts\/31984","targetHints":{"allow":["GET"]}}],"collection":[{"href":"https:\/\/www.europesays.com\/lv\/wp-json\/wp\/v2\/posts"}],"about":[{"href":"https:\/\/www.europesays.com\/lv\/wp-json\/wp\/v2\/types\/post"}],"author":[{"embeddable":true,"href":"https:\/\/www.europesays.com\/lv\/wp-json\/wp\/v2\/users\/2"}],"replies":[{"embeddable":true,"href":"https:\/\/www.europesays.com\/lv\/wp-json\/wp\/v2\/comments?post=31984"}],"version-history":[{"count":0,"href":"https:\/\/www.europesays.com\/lv\/wp-json\/wp\/v2\/posts\/31984\/revisions"}],"wp:featuredmedia":[{"embeddable":true,"href":"https:\/\/www.europesays.com\/lv\/wp-json\/wp\/v2\/media\/31985"}],"wp:attachment":[{"href":"https:\/\/www.europesays.com\/lv\/wp-json\/wp\/v2\/media?parent=31984"}],"wp:term":[{"taxonomy":"category","embeddable":true,"href":"https:\/\/www.europesays.com\/lv\/wp-json\/wp\/v2\/categories?post=31984"},{"taxonomy":"post_tag","embeddable":true,"href":"https:\/\/www.europesays.com\/lv\/wp-json\/wp\/v2\/tags?post=31984"}],"curies":[{"name":"wp","href":"https:\/\/api.w.org\/{rel}","templated":true}]}}