{"id":32062,"date":"2025-10-27T05:19:07","date_gmt":"2025-10-27T05:19:07","guid":{"rendered":"https:\/\/www.europesays.com\/lv\/32062\/"},"modified":"2025-10-27T05:19:07","modified_gmt":"2025-10-27T05:19:07","slug":"vai-kustibai-bez-partijam-izdosies-mainit-velesanu-sistemu-latvija-ko-doma-iedzivotaji","status":"publish","type":"post","link":"https:\/\/www.europesays.com\/lv\/32062\/","title":{"rendered":"Vai kust\u012bbai \u201cBez partij\u0101m\u201d izdosies main\u012bt v\u0113l\u0113\u0161anu sist\u0113mu Latvij\u0101? Ko dom\u0101 iedz\u012bvot\u0101ji"},"content":{"rendered":"<p class=\"lead mb-md-2 mb-1 js-tv3-orphus\">Jaun\u0101 R\u012bgas te\u0101tra (JRT) galvenais re\u017eisors Alvis Hermanis un domubiedri izveidoju\u0161i politisko kust\u012bbu \u201cBez partij\u0101m\u201d. Organiz\u0101cijas m\u0113r\u0137is ir pan\u0101kt v\u0113l\u0113\u0161anu sist\u0113mas mai\u0146u, lai v\u0113l\u0113t\u0101jiem b\u016btu iesp\u0113ja balsot par individu\u0101liem kandid\u0101tiem, nevis partiju sarakstiem. \u201c900 sekundes\u201d skaidroja, ko par \u0161\u012bs idejas izredz\u0113m tikt \u012bstenotai dom\u0101 sabiedr\u012bba.\n<\/p>\n<p>Jaut\u0101ti, vai, vi\u0146upr\u0101t, politiskajai kust\u012bbai \u201cBez partij\u0101m\u201d izdosies tuv\u0101ko gadu laik\u0101 sasniegt izvirz\u012bto m\u0113r\u0137i un main\u012bt v\u0113l\u0113\u0161anu sist\u0113mu Latvij\u0101, aptuveni desmit\u0101 da\u013ca (11%) Latvijas iedz\u012bvot\u0101ju vecum\u0101 no 18 l\u012bdz 65 gadiem ir atbild\u0113ju\u0161i apstiprino\u0161i (3% \u2013 noteikti j\u0101; 8% \u2013 dr\u012bz\u0101k j\u0101).<\/p>\n","protected":false},"excerpt":{"rendered":"Jaun\u0101 R\u012bgas te\u0101tra (JRT) galvenais re\u017eisors Alvis Hermanis un domubiedri izveidoju\u0161i politisko kust\u012bbu \u201cBez partij\u0101m\u201d. Organiz\u0101cijas m\u0113r\u0137is ir&hellip;\n","protected":false},"author":2,"featured_media":32063,"comment_status":"","ping_status":"","sticky":false,"template":"","format":"standard","meta":{"footnotes":""},"categories":[12],"tags":[23,9617,28,29,32,33,22,30,31,35,39,38,36,37,34,40,20,26,27,24,25,21],"class_list":{"0":"post-32062","1":"post","2":"type-post","3":"status-publish","4":"format-standard","5":"has-post-thumbnail","7":"category-latvija","8":"tag-aktualitates","9":"tag-alvis-hermaniskustiba-bez-partijampolitika","10":"tag-breaking-news","11":"tag-breakingnews","12":"tag-featured-news","13":"tag-featurednews","14":"tag-headlines","15":"tag-latest-news","16":"tag-latestnews","17":"tag-latvia","18":"tag-latvian","19":"tag-latviesu","20":"tag-latviesu-valoda","21":"tag-latviesuvaloda","22":"tag-latvija","23":"tag-lv","24":"tag-news","25":"tag-popularakas-zinas","26":"tag-popularakaszinas","27":"tag-top-stories","28":"tag-topstories","29":"tag-zinas"},"share_on_mastodon":{"url":"https:\/\/pubeurope.com\/@lv\/115444446951562972","error":""},"_links":{"self":[{"href":"https:\/\/www.europesays.com\/lv\/wp-json\/wp\/v2\/posts\/32062","targetHints":{"allow":["GET"]}}],"collection":[{"href":"https:\/\/www.europesays.com\/lv\/wp-json\/wp\/v2\/posts"}],"about":[{"href":"https:\/\/www.europesays.com\/lv\/wp-json\/wp\/v2\/types\/post"}],"author":[{"embeddable":true,"href":"https:\/\/www.europesays.com\/lv\/wp-json\/wp\/v2\/users\/2"}],"replies":[{"embeddable":true,"href":"https:\/\/www.europesays.com\/lv\/wp-json\/wp\/v2\/comments?post=32062"}],"version-history":[{"count":0,"href":"https:\/\/www.europesays.com\/lv\/wp-json\/wp\/v2\/posts\/32062\/revisions"}],"wp:featuredmedia":[{"embeddable":true,"href":"https:\/\/www.europesays.com\/lv\/wp-json\/wp\/v2\/media\/32063"}],"wp:attachment":[{"href":"https:\/\/www.europesays.com\/lv\/wp-json\/wp\/v2\/media?parent=32062"}],"wp:term":[{"taxonomy":"category","embeddable":true,"href":"https:\/\/www.europesays.com\/lv\/wp-json\/wp\/v2\/categories?post=32062"},{"taxonomy":"post_tag","embeddable":true,"href":"https:\/\/www.europesays.com\/lv\/wp-json\/wp\/v2\/tags?post=32062"}],"curies":[{"name":"wp","href":"https:\/\/api.w.org\/{rel}","templated":true}]}}