{"id":32139,"date":"2025-10-27T06:32:12","date_gmt":"2025-10-27T06:32:12","guid":{"rendered":"https:\/\/www.europesays.com\/lv\/32139\/"},"modified":"2025-10-27T06:32:12","modified_gmt":"2025-10-27T06:32:12","slug":"krievijas-aviokompanijas-neregulari-norekinas-par-musu-sniegtajiem-pakalpojumiem","status":"publish","type":"post","link":"https:\/\/www.europesays.com\/lv\/32139\/","title":{"rendered":"Krievijas aviokomp\u0101nijas neregul\u0101ri nor\u0113\u0137in\u0101s par m\u016bsu sniegtajiem pakalpojumiem"},"content":{"rendered":"<p>Vi\u0146\u0161 skaidroja, ka LGS ir j\u0101sniedz \u0161ie pakalpojumi, jo to prasa dro\u0161\u012bba gaisa telp\u0101, un Krievijas gaisa ku\u0123u lidojumus vada ar\u012b Somijas, Igaunijas un Lietuvas aeronavig\u0101cijas dienesti.<\/p>\n<blockquote class=\"quote ck-widget\" contenteditable=\"false\">\n<p>Tauri\u0146\u0161 piebilda, ka no Krievijas aviokomp\u0101nij\u0101m tiek sa\u0146emti maks\u0101jumi, bet neregul\u0101ri. &#8220;Tas notiek ar kav\u0113jumiem, un ir ar\u012b t\u0101das <a href=\"https:\/\/www.apollo.lv\/term\/556927\/aviokompanijas\" class=\"topicLink\" target=\"_blank\" rel=\"nofollow noopener\">aviokomp\u0101nijas<\/a>, kuras visp\u0101r vairs nemaks\u0101,&#8221; vi\u0146\u0161 min\u0113ja.<\/p>\n<\/blockquote>\n<p>T\u0101pat vi\u0146\u0161 nor\u0101d\u012bja, ka \u0161o samaksu LGS nesa\u0146emam tie\u0161\u0101 veid\u0101, bet maks\u0101jumus iekas\u0113 Eiropas Aeronavig\u0101cijas dro\u0161\u012bbas organiz\u0101cija &#8220;Eurocontrol&#8221; un ar aptuveni divu m\u0113ne\u0161u nob\u012bdi sadala tiem uz\u0146\u0113mumiem, kuri aviokomp\u0101nij\u0101m ir sniegu\u0161i pakalpojumus.<\/p>\n<p>&#8220;Patlaban ir izveidojies par\u0101ds, pie k\u0101 iekas\u0113\u0161anas sadarb\u012bb\u0101 ar &#8220;Eurocontrol&#8221; akt\u012bvi str\u0101d\u0101jam. Rezult\u0101ti ir,&#8221; uzsv\u0113ra Tauri\u0146\u0161.<\/p>\n<p>Jaut\u0101ts, cik liels ir par\u0101ds, vi\u0146\u0161 sac\u012bja, ka sal\u012bdzino\u0161i tas nav liels un main\u0101s, bet liel\u0101ks vai maz\u0101ks par\u0101ds esot visu laiku.<\/p>\n<p>Tauri\u0146\u0161 a\u0123ent\u016brai LETA iepriek\u0161 skaidroja, ka Latvijas kontrol\u0113t\u0101 gaisa telpa nesaskan ar Latvijas \u0123eogr\u0101fiskaj\u0101m robe\u017e\u0101m. Attiec\u012bgi Krievijas aviokomp\u0101niju lidojumi nenotiek virs Latvijas teritorijas, bet tie ir lidojumi virs neitr\u0101lajiem \u016bde\u0146iem, kas skait\u0101s Krievijas iek\u0161\u0113jie lidojumi, piem\u0113ram, no Sanktp\u0113terburgas vai Maskavas, izmantojot Baltijas j\u016bru, uz Karalau\u010diem.<\/p>\n","protected":false},"excerpt":{"rendered":"Vi\u0146\u0161 skaidroja, ka LGS ir j\u0101sniedz \u0161ie pakalpojumi, jo to prasa dro\u0161\u012bba gaisa telp\u0101, un Krievijas gaisa ku\u0123u&hellip;\n","protected":false},"author":2,"featured_media":32140,"comment_status":"","ping_status":"","sticky":false,"template":"","format":"standard","meta":{"footnotes":""},"categories":[12],"tags":[23,1807,1806,1805,28,29,32,33,22,234,30,31,35,39,38,36,37,34,40,20,26,27,24,25,21],"class_list":{"0":"post-32139","1":"post","2":"type-post","3":"status-publish","4":"format-standard","5":"has-post-thumbnail","7":"category-latvija","8":"tag-aktualitates","9":"tag-avioindustrija","10":"tag-aviokompanijas","11":"tag-aviotransports","12":"tag-breaking-news","13":"tag-breakingnews","14":"tag-featured-news","15":"tag-featurednews","16":"tag-headlines","17":"tag-krievija","18":"tag-latest-news","19":"tag-latestnews","20":"tag-latvia","21":"tag-latvian","22":"tag-latviesu","23":"tag-latviesu-valoda","24":"tag-latviesuvaloda","25":"tag-latvija","26":"tag-lv","27":"tag-news","28":"tag-popularakas-zinas","29":"tag-popularakaszinas","30":"tag-top-stories","31":"tag-topstories","32":"tag-zinas"},"share_on_mastodon":{"url":"https:\/\/pubeurope.com\/@lv\/115444733992094021","error":""},"_links":{"self":[{"href":"https:\/\/www.europesays.com\/lv\/wp-json\/wp\/v2\/posts\/32139","targetHints":{"allow":["GET"]}}],"collection":[{"href":"https:\/\/www.europesays.com\/lv\/wp-json\/wp\/v2\/posts"}],"about":[{"href":"https:\/\/www.europesays.com\/lv\/wp-json\/wp\/v2\/types\/post"}],"author":[{"embeddable":true,"href":"https:\/\/www.europesays.com\/lv\/wp-json\/wp\/v2\/users\/2"}],"replies":[{"embeddable":true,"href":"https:\/\/www.europesays.com\/lv\/wp-json\/wp\/v2\/comments?post=32139"}],"version-history":[{"count":0,"href":"https:\/\/www.europesays.com\/lv\/wp-json\/wp\/v2\/posts\/32139\/revisions"}],"wp:featuredmedia":[{"embeddable":true,"href":"https:\/\/www.europesays.com\/lv\/wp-json\/wp\/v2\/media\/32140"}],"wp:attachment":[{"href":"https:\/\/www.europesays.com\/lv\/wp-json\/wp\/v2\/media?parent=32139"}],"wp:term":[{"taxonomy":"category","embeddable":true,"href":"https:\/\/www.europesays.com\/lv\/wp-json\/wp\/v2\/categories?post=32139"},{"taxonomy":"post_tag","embeddable":true,"href":"https:\/\/www.europesays.com\/lv\/wp-json\/wp\/v2\/tags?post=32139"}],"curies":[{"name":"wp","href":"https:\/\/api.w.org\/{rel}","templated":true}]}}