{"id":32180,"date":"2025-10-27T07:11:10","date_gmt":"2025-10-27T07:11:10","guid":{"rendered":"https:\/\/www.europesays.com\/lv\/32180\/"},"modified":"2025-10-27T07:11:10","modified_gmt":"2025-10-27T07:11:10","slug":"kekavas-un-sac-florbolisti-nedelu-nosledz-ar-zaudejumiem-pirmaja-liga-uzvaras-divam-kekavas-novada-komandam-aprinkis","status":"publish","type":"post","link":"https:\/\/www.europesays.com\/lv\/32180\/","title":{"rendered":"&quot;\u0136ekavas&quot; un &quot;S\u0100C&quot; florbolisti ned\u0113\u013cu nosl\u0113dz ar zaud\u0113jumiem; pirmaj\u0101 l\u012bg\u0101 uzvaras div\u0101m \u0136ekavas novada komand\u0101m &#8211; Apri\u0146\u0137is"},"content":{"rendered":"<ol>\n<li><a href=\"https:\/\/news.google.com\/rss\/articles\/CBMi6gFBVV95cUxNOV96YnVEOG1xVXZITWZsQjBjSkJWd0JYeW9pSkYtSXBCdG9UQ1c3WHl3emI0MVhlaEpMQ2VXbFFLX2w5OGhLczB5NEw0enJKVjJRSVUtN0lQZk1lTWktZFhrbkJ2YmVZcENLSnlJbGx1RHJEMmdlZE1tUXRUQ280SlR2allZZmFnYXNNQmpoZW9NZmlzdVJ0aGxPMEViUXpDbkFmcjhjODUzaTlocXMzbTdJZ1FFYTdJbmtsV1NtS0YzLUhwd0tPTGpxbXBIQVRFVy1UN1BoSmxEaG9QeGpSajZZVGNIaHFOMkE?oc=5\" target=\"_blank\" rel=\"nofollow noopener\">&#8220;\u0136ekavas&#8221; un &#8220;S\u0100C&#8221; florbolisti ned\u0113\u013cu nosl\u0113dz ar zaud\u0113jumiem; pirmaj\u0101 l\u012bg\u0101 uzvaras div\u0101m \u0136ekavas novada komand\u0101m<\/a>&nbsp;&nbsp;Apri\u0146\u0137is<\/li>\n<li><a href=\"https:\/\/news.google.com\/rss\/articles\/CBMiywFBVV95cUxPbmtlQzdlRk9scFNzU092bnlPWWdUM3lVTzRxRE5wdll0aHkyenZ6c1V3ZVA0SHFGVHI1RlJaX2xLSzMyMUxHeHZPQk1mUWRCeGxBc0ZhWDJJcVh3aVBvd2w2TXIzMmg4ajdfbWRFM3I0TUI2R2dCSThrYjJmZzVGeHJrb2k0VVBUdUtUTFJnLUhfWlpqaU5kR2gzSnB4X2lxVnBnRnYzTGJaSHZrWHRzSGFnM1E2NHJsRVpYdVkxcGxKVExQS2g4dmNPNA?oc=5\" target=\"_blank\" rel=\"nofollow noopener\">Florbola dr\u0101ma: FK \u0136ekava\/RB&amp;B p\u0101rsp\u0113j FBK Valmiera p\u0113csp\u0113les metienu s\u0113rij\u0101<\/a>&nbsp;&nbsp;Lente.lv<\/li>\n<li><a href=\"https:\/\/news.google.com\/rss\/articles\/CBMipgFBVV95cUxNcmFYdjlXWUNocGpiZklENFdRMkxUM2hJY1dLRUlTR01LbGFEbmVFLXBGZVRjT1pfTWhfNFN4UWJaZHpDWkxPM1dSRnFnNDZVLW5TdHIxMjVIMU40bWxOamZlZU8tRHZFSjRGbWk4ZFpVUnFJRjd6VUFkajFvM0tQbnk4YnQ2RkxWVURORXVJYlFHOEVVTXlnV1JKZk5GbE83aG40Rk53?oc=5\" target=\"_blank\" rel=\"nofollow noopener\">&#8220;FK \u0136ekava\/RB&amp;B&#8221; p\u0113csp\u0113les metienos p\u0101rsp\u0113j valmierie\u0161us \u2013 Florbols<\/a>&nbsp;&nbsp;Sportacentrs.com<\/li>\n<li><a href=\"https:\/\/news.google.com\/rss\/articles\/CBMiuAFBVV95cUxQd1d3bWVOa29tZV9mVTY2TUR0S0swYmZUdldtdHVBbVhCNEpxNVhYdU1hOHZZRzg0dDhSN05LV0ZvbHcwLTlwdDFEOHJQVElsUEZ1bEVOVXRmbllaU2lrd3J5VlVjemU3Vy1xeDNZbEt3R2c1R1Q5OGtwMEZtWFRMaTROMkRXTVhvdXpwOTJiNTZxZXNVekVjbllaRTRlRkZLWFoxbFZxX3kyaVAzWjQyWmtya3VnV3Ex?oc=5\" target=\"_blank\" rel=\"nofollow noopener\">&#8220;FK \u0136ekava\/RB&amp;B&#8221; p\u0113csp\u0113les metienos p\u0101rsp\u0113j valmierie\u0161us<\/a>&nbsp;&nbsp;Latvijas Florbola savien\u012bba<\/li>\n<\/ol>\n","protected":false},"excerpt":{"rendered":"&#8220;\u0136ekavas&#8221; un &#8220;S\u0100C&#8221; florbolisti ned\u0113\u013cu nosl\u0113dz ar zaud\u0113jumiem; pirmaj\u0101 l\u012bg\u0101 uzvaras div\u0101m \u0136ekavas novada komand\u0101m&nbsp;&nbsp;Apri\u0146\u0137is Florbola dr\u0101ma: FK&hellip;\n","protected":false},"author":2,"featured_media":32181,"comment_status":"","ping_status":"","sticky":false,"template":"","format":"standard","meta":{"footnotes":""},"categories":[17],"tags":[639,118,35,39,38,36,37,34,40,67],"class_list":{"0":"post-32180","1":"post","2":"type-post","3":"status-publish","4":"format-standard","5":"has-post-thumbnail","7":"category-sports","8":"tag-adazi","9":"tag-kekava","10":"tag-latvia","11":"tag-latvian","12":"tag-latviesu","13":"tag-latviesu-valoda","14":"tag-latviesuvaloda","15":"tag-latvija","16":"tag-lv","17":"tag-sports"},"share_on_mastodon":{"url":"https:\/\/pubeurope.com\/@lv\/115444887436932406","error":""},"_links":{"self":[{"href":"https:\/\/www.europesays.com\/lv\/wp-json\/wp\/v2\/posts\/32180","targetHints":{"allow":["GET"]}}],"collection":[{"href":"https:\/\/www.europesays.com\/lv\/wp-json\/wp\/v2\/posts"}],"about":[{"href":"https:\/\/www.europesays.com\/lv\/wp-json\/wp\/v2\/types\/post"}],"author":[{"embeddable":true,"href":"https:\/\/www.europesays.com\/lv\/wp-json\/wp\/v2\/users\/2"}],"replies":[{"embeddable":true,"href":"https:\/\/www.europesays.com\/lv\/wp-json\/wp\/v2\/comments?post=32180"}],"version-history":[{"count":0,"href":"https:\/\/www.europesays.com\/lv\/wp-json\/wp\/v2\/posts\/32180\/revisions"}],"wp:featuredmedia":[{"embeddable":true,"href":"https:\/\/www.europesays.com\/lv\/wp-json\/wp\/v2\/media\/32181"}],"wp:attachment":[{"href":"https:\/\/www.europesays.com\/lv\/wp-json\/wp\/v2\/media?parent=32180"}],"wp:term":[{"taxonomy":"category","embeddable":true,"href":"https:\/\/www.europesays.com\/lv\/wp-json\/wp\/v2\/categories?post=32180"},{"taxonomy":"post_tag","embeddable":true,"href":"https:\/\/www.europesays.com\/lv\/wp-json\/wp\/v2\/tags?post=32180"}],"curies":[{"name":"wp","href":"https:\/\/api.w.org\/{rel}","templated":true}]}}