{"id":32221,"date":"2025-10-27T07:53:09","date_gmt":"2025-10-27T07:53:09","guid":{"rendered":"https:\/\/www.europesays.com\/lv\/32221\/"},"modified":"2025-10-27T07:53:09","modified_gmt":"2025-10-27T07:53:09","slug":"ano-bridina-karstuma-rekordi-pasaule-turpinasies","status":"publish","type":"post","link":"https:\/\/www.europesays.com\/lv\/32221\/","title":{"rendered":"ANO br\u012bdina: Karstuma rekordi pasaul\u0113 turpin\u0101sies"},"content":{"rendered":"<p class=\"descr\">Pasaule nesasniegs 2015.\u00a0gada Par\u012bzes nol\u012bgum\u0101 noteikto klimata m\u0113r\u0137i, t\u0101 \u017den\u0113v\u0101 pazi\u0146oja ANO \u0123ener\u0101lsekret\u0101rs Antoniu Gut\u0113rre\u0161s. Vi\u0146\u0161 pazi\u0146oja, ka glob\u0101l\u0101 sasil\u0161ana par vair\u0101k nek\u0101 1,5\u00a0gr\u0101diem p\u0113c Celsija tagad ir neizb\u0113gama.<\/p>\n<p>&#8220;Viena lieta jau ir skaidra: m\u0113s nesp\u0113sim notur\u0113t <a href=\"https:\/\/nra.lv\/birka\/globala-sasilsana\/\" target=\"_blank\" rel=\"noopener nofollow\">glob\u0101lo sasil\u0161anu<\/a> zem 1,5 gr\u0101diem p\u0113c Celsija tuv\u0101ko gadu laik\u0101,&#8221; sac\u012bja Gut\u0113rre\u0161s. &#8220;\u0160\u012b m\u0113r\u0137a p\u0101rsnieg\u0161ana tagad ir neizb\u0113gama.&#8221;<\/p>\n<blockquote><p>Vi\u0146\u0161 nor\u0101d\u012bja, ka temperat\u016bras paaugstin\u0101\u0161an\u0101s notiks turpm\u0101kajos gados, bet v\u0113l\u0101k ir iesp\u0113jama da\u013c\u0113ja samazin\u0101\u0161an\u0101s. &#8220;Saska\u0146\u0101 ar visu zin\u0101tnieku, kurus esmu saticis, teikto, 1,5\u00b0C joproj\u0101m ir sasniedzams l\u012bdz gadsimta beig\u0101m,&#8221; piebilda ANO \u0123ener\u0101lsekret\u0101rs.<\/p><\/blockquote>\n<p>2015. gad\u0101 pie\u0146emtais Par\u012bzes klimata nol\u012bgums aicina valstis ierobe\u017eot vid\u0113j\u0101s glob\u0101l\u0101s temperat\u016bras pieaugumu l\u012bdz ne vair\u0101k k\u0101 2\u00b0C sal\u012bdzin\u0101jum\u0101 ar pirmsindustri\u0101l\u0101 laikmeta l\u012bmeni, vienlaikus cen\u0161oties notur\u0113t sasil\u0161anu 1,5\u00b0C robe\u017e\u0101s. Tom\u0113r eksperti nor\u0101da, ka pa\u0161reiz\u0113jais siltumn\u012bcefekta g\u0101zu emisiju pieaugums apdraud \u0161o m\u0113r\u0137i.<\/p>\n<p>\t\t\t\t\t\tinfo<\/p>\n<p>Uzzini pirmais<br \/>kas interesants noticis Latvij\u0101 un pasaul\u0113,<br \/>pievienojoties mums <a href=\"https:\/\/t.me\/neatkariga\" rel=\"nofollow\">Telegram<\/a> vai <a href=\"https:\/\/whatsapp.com\/channel\/0029VaMLFUH5K3zLU5s4wm3y\" rel=\"nofollow noopener\" target=\"_blank\">Whatsapp<\/a> kan\u0101l\u0101<\/p>\n","protected":false},"excerpt":{"rendered":"Pasaule nesasniegs 2015.\u00a0gada Par\u012bzes nol\u012bgum\u0101 noteikto klimata m\u0113r\u0137i, t\u0101 \u017den\u0113v\u0101 pazi\u0146oja ANO \u0123ener\u0101lsekret\u0101rs Antoniu Gut\u0113rre\u0161s. Vi\u0146\u0161 pazi\u0146oja, ka&hellip;\n","protected":false},"author":2,"featured_media":32222,"comment_status":"","ping_status":"","sticky":false,"template":"","format":"standard","meta":{"footnotes":""},"categories":[5],"tags":[23,28,29,32,33,22,30,31,35,39,38,36,37,34,40,20,26,27,24,25,21],"class_list":{"0":"post-32221","1":"post","2":"type-post","3":"status-publish","4":"format-standard","5":"has-post-thumbnail","7":"category-aktualitates","8":"tag-aktualitates","9":"tag-breaking-news","10":"tag-breakingnews","11":"tag-featured-news","12":"tag-featurednews","13":"tag-headlines","14":"tag-latest-news","15":"tag-latestnews","16":"tag-latvia","17":"tag-latvian","18":"tag-latviesu","19":"tag-latviesu-valoda","20":"tag-latviesuvaloda","21":"tag-latvija","22":"tag-lv","23":"tag-news","24":"tag-popularakas-zinas","25":"tag-popularakaszinas","26":"tag-top-stories","27":"tag-topstories","28":"tag-zinas"},"share_on_mastodon":{"url":"https:\/\/pubeurope.com\/@lv\/115445052385269018","error":""},"_links":{"self":[{"href":"https:\/\/www.europesays.com\/lv\/wp-json\/wp\/v2\/posts\/32221","targetHints":{"allow":["GET"]}}],"collection":[{"href":"https:\/\/www.europesays.com\/lv\/wp-json\/wp\/v2\/posts"}],"about":[{"href":"https:\/\/www.europesays.com\/lv\/wp-json\/wp\/v2\/types\/post"}],"author":[{"embeddable":true,"href":"https:\/\/www.europesays.com\/lv\/wp-json\/wp\/v2\/users\/2"}],"replies":[{"embeddable":true,"href":"https:\/\/www.europesays.com\/lv\/wp-json\/wp\/v2\/comments?post=32221"}],"version-history":[{"count":0,"href":"https:\/\/www.europesays.com\/lv\/wp-json\/wp\/v2\/posts\/32221\/revisions"}],"wp:featuredmedia":[{"embeddable":true,"href":"https:\/\/www.europesays.com\/lv\/wp-json\/wp\/v2\/media\/32222"}],"wp:attachment":[{"href":"https:\/\/www.europesays.com\/lv\/wp-json\/wp\/v2\/media?parent=32221"}],"wp:term":[{"taxonomy":"category","embeddable":true,"href":"https:\/\/www.europesays.com\/lv\/wp-json\/wp\/v2\/categories?post=32221"},{"taxonomy":"post_tag","embeddable":true,"href":"https:\/\/www.europesays.com\/lv\/wp-json\/wp\/v2\/tags?post=32221"}],"curies":[{"name":"wp","href":"https:\/\/api.w.org\/{rel}","templated":true}]}}