{"id":32262,"date":"2025-10-27T08:21:11","date_gmt":"2025-10-27T08:21:11","guid":{"rendered":"https:\/\/www.europesays.com\/lv\/32262\/"},"modified":"2025-10-27T08:21:11","modified_gmt":"2025-10-27T08:21:11","slug":"zelenskis-atklaj-ukrainas-gatavibu-karot-vel-dazus-gadus","status":"publish","type":"post","link":"https:\/\/www.europesays.com\/lv\/32262\/","title":{"rendered":"Zelenskis atkl\u0101j Ukrainas gatav\u012bbu karot v\u0113l da\u017eus gadus"},"content":{"rendered":"<p>Tusks: Zelenskis saka, ka Ukraina ir gatava karot v\u0113l 2\u20133 gadus.<\/p>\n<p>Polijas premjerministrs Donalds Tusks intervij\u0101 The Sunday Times atkl\u0101ja Ukrainas l\u012bdera Volodimira Zelenska teikto, kur\u0161 vi\u0146am pazi\u0146oja, ka republika ir gatava karot v\u0113l 2\u20133 gadus.<\/p>\n<p>K\u0101 nor\u0101d\u012bja Polijas politi\u0137is, Zelenskis cer\u0113ja, ka kaujas darb\u012bbas nevilksies v\u0113l 10 gadus. Pats Tusks uzsv\u0113ra, ka ne\u0161aub\u0101s par Ukrainas izdz\u012bvo\u0161anu k\u0101 neatkar\u012bgai valstij.<\/p>\n<p>Vi\u0146\u0161 aicin\u0101ja Eiropas valstis pastiprin\u0101t atbalstu Kijivai. Vi\u0146apr\u0101t, Ukrainai j\u0101nodro\u0161ina piek\u013cuve iesald\u0113tajiem Krievijas akt\u012bviem.<\/p>\n","protected":false},"excerpt":{"rendered":"Tusks: Zelenskis saka, ka Ukraina ir gatava karot v\u0113l 2\u20133 gadus. Polijas premjerministrs Donalds Tusks intervij\u0101 The Sunday&hellip;\n","protected":false},"author":2,"featured_media":32263,"comment_status":"","ping_status":"","sticky":false,"template":"","format":"standard","meta":{"footnotes":""},"categories":[14],"tags":[23,57,28,29,32,33,22,30,31,35,39,38,36,37,34,40,20,26,27,24,25,54,55,56,21,58],"class_list":{"0":"post-32262","1":"post","2":"type-post","3":"status-publish","4":"format-standard","5":"has-post-thumbnail","7":"category-zinas-no-arvalstim","8":"tag-aktualitates","9":"tag-arvalstim","10":"tag-breaking-news","11":"tag-breakingnews","12":"tag-featured-news","13":"tag-featurednews","14":"tag-headlines","15":"tag-latest-news","16":"tag-latestnews","17":"tag-latvia","18":"tag-latvian","19":"tag-latviesu","20":"tag-latviesu-valoda","21":"tag-latviesuvaloda","22":"tag-latvija","23":"tag-lv","24":"tag-news","25":"tag-popularakas-zinas","26":"tag-popularakaszinas","27":"tag-top-stories","28":"tag-topstories","29":"tag-world","30":"tag-world-news","31":"tag-worldnews","32":"tag-zinas","33":"tag-zinas-no-arvalstim"},"share_on_mastodon":{"url":"https:\/\/pubeurope.com\/@lv\/115445162812861220","error":""},"_links":{"self":[{"href":"https:\/\/www.europesays.com\/lv\/wp-json\/wp\/v2\/posts\/32262","targetHints":{"allow":["GET"]}}],"collection":[{"href":"https:\/\/www.europesays.com\/lv\/wp-json\/wp\/v2\/posts"}],"about":[{"href":"https:\/\/www.europesays.com\/lv\/wp-json\/wp\/v2\/types\/post"}],"author":[{"embeddable":true,"href":"https:\/\/www.europesays.com\/lv\/wp-json\/wp\/v2\/users\/2"}],"replies":[{"embeddable":true,"href":"https:\/\/www.europesays.com\/lv\/wp-json\/wp\/v2\/comments?post=32262"}],"version-history":[{"count":0,"href":"https:\/\/www.europesays.com\/lv\/wp-json\/wp\/v2\/posts\/32262\/revisions"}],"wp:featuredmedia":[{"embeddable":true,"href":"https:\/\/www.europesays.com\/lv\/wp-json\/wp\/v2\/media\/32263"}],"wp:attachment":[{"href":"https:\/\/www.europesays.com\/lv\/wp-json\/wp\/v2\/media?parent=32262"}],"wp:term":[{"taxonomy":"category","embeddable":true,"href":"https:\/\/www.europesays.com\/lv\/wp-json\/wp\/v2\/categories?post=32262"},{"taxonomy":"post_tag","embeddable":true,"href":"https:\/\/www.europesays.com\/lv\/wp-json\/wp\/v2\/tags?post=32262"}],"curies":[{"name":"wp","href":"https:\/\/api.w.org\/{rel}","templated":true}]}}