{"id":32268,"date":"2025-10-27T08:26:13","date_gmt":"2025-10-27T08:26:13","guid":{"rendered":"https:\/\/www.europesays.com\/lv\/32268\/"},"modified":"2025-10-27T08:26:13","modified_gmt":"2025-10-27T08:26:13","slug":"lai-saglabatu-asv-lideribu-nepieciesama-vairak-elektroenergijas-un-specialistu","status":"publish","type":"post","link":"https:\/\/www.europesays.com\/lv\/32268\/","title":{"rendered":"Lai saglab\u0101tu ASV l\u012bder\u012bbu, nepiecie\u0161ama vair\u0101k elektroener\u0123ijas un speci\u0101listu"},"content":{"rendered":"\n<p>P\u0113tnieki m\u0101ksl\u012bg\u0101 intelekta un nacion\u0101l\u0101s dro\u0161\u012bbas jaut\u0101jumos Bens Bjukens un Tantums Kolins public\u0113ju\u0161i rakstu \u017eurn\u0101l\u0101 <a href=\"https:\/\/www.foreignaffairs.com\/united-states\/artificial-intelligence-grand-bargain-buchanan-collins\" rel=\"nofollow noopener\" target=\"_blank\">Foreign Affairs<\/a>, kur\u0101 br\u012bdina par ASV dominances zaud\u0113\u0161anas draudiem m\u0101ksl\u012bg\u0101 intelekta jom\u0101, cit\u0101di var zaud\u0113t tehnolo\u0123iju sacens\u012bbu \u0136\u012bnai.<\/p>\n<p>Vi\u0146upr\u0101t, lai saglab\u0101tu amerik\u0101\u0146u l\u012bder\u012bbu, ir b\u016btiski palielin\u0101t elektroener\u0123ijas ra\u017eo\u0161anu un piesaist\u012bt pr\u0101tus no visas pasaules v\u0113l liel\u0101k\u0101 apm\u0113r\u0101. L\u016bk, k\u0101di fakti vi\u0146i min.<\/p>\n<ol>\n<li>\n<p>L\u012bdz 2028. gadam ASV b\u016bs nepiecie\u0161ams papildus ra\u017eot 50 gigavatus elektroener\u0123ijas tikai m\u0101ksl\u012bg\u0101 intelekta vajadz\u012bb\u0101m, tas ir aptuveni tikpat, cik pat\u0113r\u0113 Argent\u012bna. L\u012bdz \u0161im laikam datu centru (Datu centri) vajadz\u012bb\u0101m var\u0113tu tikt pat\u0113r\u0113ti l\u012bdz 12% no ra\u017eot\u0101s elektroener\u0123ijas. Tiek nor\u0101d\u012bts, ka ener\u0123ijas tr\u016bkums kav\u0113s m\u0101ksl\u012bg\u0101 intelekta mode\u013cu att\u012bst\u012bbu.<\/p>\n<\/li>\n<li>\n<p>D\u017eord\u017etaun\u0101 universit\u0101t\u0113 tika veikta p\u0113t\u012bjumu anal\u012bze par m\u0101ksl\u012bgo intelektu no 2010. l\u012bdz 2021. gadam, izr\u0101d\u012bj\u0101s, ka 70% vado\u0161o &#8220;amerik\u0101\u0146u&#8221; m\u0101ksl\u012bg\u0101 intelekta ekspertu ir migranti.<\/p>\n<\/li>\n<\/ol>\n<p>T\u0101tad, Bjukens un Kolins nor\u0101da, ka m\u0101ksl\u012bg\u0101 intelekta sacens\u012bbu nevar uzvar\u0113t bez sp\u0113c\u012bgas ener\u0123\u0113tisk\u0101s b\u0101zes, un ra\u017eo\u0161ana ir b\u016btiski j\u0101palielina. Tom\u0113r vi\u0146i nerun\u0101 par gaid\u0101mo humano\u012bdo robotu revol\u016bciju, kas ar\u012b prasa milz\u012bgu elektroener\u0123ijas daudzumu.<\/p>\n<p>P\u0113c 2025. gada pl\u0101nots pievienot ASV elektroapg\u0101des sist\u0113mai 63 gigavatus jaunu elektroener\u0123ijas ra\u017eo\u0161anas jaudu, bet no 2027. gada tiks ieviesti apm\u0113ram 80 gigavatu. Sal\u012bdzin\u0101jumam, pag\u0101ju\u0161aj\u0101 gad\u0101 \u0136\u012bna ieviesa ekspluat\u0101cij\u0101 430 gigavatus, bet ASV tikai 50.<\/p>\n<p>Kapitaliz\u0101cijas izmaksas jaunu atomener\u0123ijas staciju b\u016bvniec\u012bbai ASV tiek l\u0113stas 15 dol\u0101ru apm\u0113r\u0101 par uzst\u0101d\u012bto jaudu, kam\u0113r \u0136\u012bn\u0101 t\u0101s ir tikai 1,67\u20132,58 dol\u0101ri. Kop\u0161 2013. gada ASV ir uzb\u016bv\u0113tas divas jaunas kodolreaktori, bet \u0136\u012bna ir uzb\u016bv\u0113jusi 13, un 33 ir b\u016bvniec\u012bbas stadij\u0101. Tas noz\u012bm\u0113, ka \u0136\u012bnas m\u0101ksl\u012bg\u0101 intelekta un datu centri t\u0113r\u0113s daudz maz\u0101k par elektroener\u0123ijas ieg\u0101di, un tas ir iev\u0113rojams konkurences priek\u0161roc\u012bbas faktors.<\/p>\n<p>\u0160aj\u0101 fon\u0101 ASV izskan balsis par elektroener\u0123ijas p\u0101rdali par labu m\u0101ksl\u012bgajam intelektam, to uzskata par priorit\u0101ti. V\u0113l viena zi\u0146a. Milit\u0101rie sp\u0113ki nodro\u0161in\u0101s savas b\u0101zes ar maziem kodolreaktoriem, t\u0101d\u0113j\u0101di da\u013c\u0113ji vai piln\u012bb\u0101 likvid\u0113jot atkar\u012bbu no civiliem t\u012bkliem, kas var ciest no da\u017e\u0101diem kr\u012bzes apst\u0101k\u013ciem, tostarp no defic\u012bta (av\u0101rij\u0101m), ko izraisa m\u0101ksl\u012bg\u0101 intelekta un datu centru izsalkums. Starp citu, m\u0101ksl\u012bg\u0101 intelekta izstr\u0101d\u0101t\u0101ji un operatori ar\u012b b\u016bv\u0113 savus ener\u0123ijas avotus.<\/p>\n<p>M\u0101ksl\u012bg\u0101 intelekta un robotu sacens\u012bba starp amerik\u0101\u0146iem un \u0137\u012bnie\u0161iem, k\u0101 ar\u012b ar to saist\u012btais ener\u0123ijas defic\u012bts ASV var kalpot par papildu argumentu spiedienam uz Eiropu.<\/p>\n<p>L\u016bk, ko raksta las\u012bt\u0101ji soci\u0101lajos t\u012bklos:<\/p>\n<p>&#8220;Un tas v\u0113l nav \u0146emts v\u0113r\u0101, ka palielin\u0101s elektroautomobi\u013cu skaits &#8211; elektroener\u0123ijas pat\u0113r\u0113t\u0101ji. Elektroautomobi\u013cu skaita pieaugums v\u0113l vair\u0101k noslogos elektroener\u0123ijas ra\u017eo\u0161anas t\u012bklu. Tur, kur agr\u0101k darboj\u0101s miljoni benz\u012bna dzin\u0113ju uz ce\u013ciem, tagad \u0161os miljonus iek\u0161dedzes dzin\u0113ju b\u016bs j\u0101aizvieto ar uzl\u0101des elektrojaud\u0101m.&#8221;<\/p>\n<p>&#8220;Tas ir k\u0101 ar jebkuru tehnolo\u0123iju. M\u0101ksl\u012bgais intelekts sniedz klientam k\u0101das priek\u0161roc\u012bbas, pa\u0101trin\u0101jumu un optimiz\u0101ciju kaut kam. Tas b\u016bt\u012bb\u0101 ir augsto tehnolo\u0123iju eksporta raksts, plus darba ra\u017e\u012bguma pieaugums iek\u0161zem\u0113. Par nopeln\u012bto tiek ieg\u0101d\u0101ts viss nepiecie\u0161amais, tostarp ener\u0123ija.\u201d<\/p>\n","protected":false},"excerpt":{"rendered":"P\u0113tnieki m\u0101ksl\u012bg\u0101 intelekta un nacion\u0101l\u0101s dro\u0161\u012bbas jaut\u0101jumos Bens Bjukens un Tantums Kolins public\u0113ju\u0161i rakstu \u017eurn\u0101l\u0101 Foreign Affairs, kur\u0101&hellip;\n","protected":false},"author":2,"featured_media":32269,"comment_status":"","ping_status":"","sticky":false,"template":"","format":"standard","meta":{"footnotes":""},"categories":[16],"tags":[77,76,35,39,38,36,37,34,40],"class_list":{"0":"post-32268","1":"post","2":"type-post","3":"status-publish","4":"format-standard","5":"has-post-thumbnail","7":"category-bizness","8":"tag-bizness","9":"tag-business","10":"tag-latvia","11":"tag-latvian","12":"tag-latviesu","13":"tag-latviesu-valoda","14":"tag-latviesuvaloda","15":"tag-latvija","16":"tag-lv"},"share_on_mastodon":{"url":"https:\/\/pubeurope.com\/@lv\/115445182243662559","error":""},"_links":{"self":[{"href":"https:\/\/www.europesays.com\/lv\/wp-json\/wp\/v2\/posts\/32268","targetHints":{"allow":["GET"]}}],"collection":[{"href":"https:\/\/www.europesays.com\/lv\/wp-json\/wp\/v2\/posts"}],"about":[{"href":"https:\/\/www.europesays.com\/lv\/wp-json\/wp\/v2\/types\/post"}],"author":[{"embeddable":true,"href":"https:\/\/www.europesays.com\/lv\/wp-json\/wp\/v2\/users\/2"}],"replies":[{"embeddable":true,"href":"https:\/\/www.europesays.com\/lv\/wp-json\/wp\/v2\/comments?post=32268"}],"version-history":[{"count":0,"href":"https:\/\/www.europesays.com\/lv\/wp-json\/wp\/v2\/posts\/32268\/revisions"}],"wp:featuredmedia":[{"embeddable":true,"href":"https:\/\/www.europesays.com\/lv\/wp-json\/wp\/v2\/media\/32269"}],"wp:attachment":[{"href":"https:\/\/www.europesays.com\/lv\/wp-json\/wp\/v2\/media?parent=32268"}],"wp:term":[{"taxonomy":"category","embeddable":true,"href":"https:\/\/www.europesays.com\/lv\/wp-json\/wp\/v2\/categories?post=32268"},{"taxonomy":"post_tag","embeddable":true,"href":"https:\/\/www.europesays.com\/lv\/wp-json\/wp\/v2\/tags?post=32268"}],"curies":[{"name":"wp","href":"https:\/\/api.w.org\/{rel}","templated":true}]}}