{"id":32272,"date":"2025-10-27T08:28:08","date_gmt":"2025-10-27T08:28:08","guid":{"rendered":"https:\/\/www.europesays.com\/lv\/32272\/"},"modified":"2025-10-27T08:28:08","modified_gmt":"2025-10-27T08:28:08","slug":"pec-zadzibam-no-bernudarziem-liepaja-nomaina-durvju-kodus","status":"publish","type":"post","link":"https:\/\/www.europesays.com\/lv\/32272\/","title":{"rendered":"P\u0113c z\u0101dz\u012bb\u0101m no b\u0113rnud\u0101rziem Liep\u0101j\u0101 nomaina durvju kodus"},"content":{"rendered":"<p>P\u0101rvaldes komunik\u0101cijas vad\u012bt\u0101ja Ren\u0101te Me\u013c\u0137e kl\u0101st\u012bja, ka ar iest\u0101\u017eu vad\u012bt\u0101jiem p\u0101rrun\u0101ts un aktualiz\u0113ts jaut\u0101jums par dro\u0161\u012bbu, ir br\u012bdin\u0101ti vec\u0101ki, nomain\u012bti durvju kodi &#8220;tur, kur tas ir bijis iesp\u0113jams&#8221;.<\/p>\n<p>&#8220;Esam aicin\u0101ju\u0161i ar\u012b pa\u0161vald\u012bbas policijas kol\u0113\u0123us bie\u017e\u0101k, veicot patru\u013cas pils\u0113t\u0101, mar\u0161rut\u0101 iek\u013caut ar\u012b izgl\u012bt\u012bbas iest\u0101des. Pak\u0101peniski, \u0146emot v\u0113r\u0101 pa\u0161vald\u012bbas finans\u0113jumu, tiek ieviesta nov\u0113ro\u0161anas sist\u0113mu uzst\u0101d\u012b\u0161ana izgl\u012bt\u012bbas iest\u0101d\u0113s &#8211; gan skol\u0101s, gan pirmsskol\u0101s,&#8221; inform\u0113 Me\u013c\u0137e.<\/p>\n<p>Vienlaikus vi\u0146a v\u0113r\u0161 uzman\u012bbu ar\u012b uz l\u012bdzatbild\u012bbu, aicinot vec\u0101kus, dodoties paka\u013c savam b\u0113rnam uz b\u0113rnud\u0101rziem, piev\u0113rst uzman\u012bbu, vai un kas n\u0101k aiz vi\u0146iem. Vec\u0101ki ir aicin\u0101ti k\u0101rt\u012bgi aizv\u0113rt durvis un v\u0101rti\u0146us, bet, redzot aizdom\u012bgas darb\u012bbas, zi\u0146ot iest\u0101des person\u0101lam.<\/p>\n<p>Jau zi\u0146ots, ka aizvad\u012btaj\u0101 ned\u0113\u013c\u0101 Liep\u0101j\u0101 par z\u0101dz\u012bb\u0101m no b\u0113rnud\u0101rziem aiztur\u0113ts v\u012brietis.<\/p>\n<p>Policij\u0101 sa\u0146emta inform\u0101cija par z\u0101dz\u012bb\u0101m no pirmsskolas izgl\u012bt\u012bbas iest\u0101d\u0113m. Rea\u0123\u0113jot uz sa\u0146emto inform\u0101ciju, s\u0101kts krimin\u0101lprocess un aiztur\u0113ta persona aizdom\u0101s par z\u0101dz\u012bbu izdar\u012b\u0161anu.<\/p>\n<p>Viet\u0113jam port\u0101lam &#8220;liepajniekiem.lv&#8221; b\u0113rnud\u0101rzu audz\u0113k\u0146u vec\u0101ki st\u0101st\u012bju\u0161i, ka v\u012brietis pirmsskolas izgl\u012bt\u012bbas iest\u0101d\u0113s iek\u013cuvis, telp\u0101s ien\u0101kot ar k\u0101du no vec\u0101kiem.<\/p>\n","protected":false},"excerpt":{"rendered":"P\u0101rvaldes komunik\u0101cijas vad\u012bt\u0101ja Ren\u0101te Me\u013c\u0137e kl\u0101st\u012bja, ka ar iest\u0101\u017eu vad\u012bt\u0101jiem p\u0101rrun\u0101ts un aktualiz\u0113ts jaut\u0101jums par dro\u0161\u012bbu, ir br\u012bdin\u0101ti&hellip;\n","protected":false},"author":2,"featured_media":32273,"comment_status":"","ping_status":"","sticky":false,"template":"","format":"standard","meta":{"footnotes":""},"categories":[12],"tags":[23,28,29,32,33,22,30,31,35,39,38,36,37,34,40,20,26,27,24,25,190,189,21],"class_list":{"0":"post-32272","1":"post","2":"type-post","3":"status-publish","4":"format-standard","5":"has-post-thumbnail","7":"category-latvija","8":"tag-aktualitates","9":"tag-breaking-news","10":"tag-breakingnews","11":"tag-featured-news","12":"tag-featurednews","13":"tag-headlines","14":"tag-latest-news","15":"tag-latestnews","16":"tag-latvia","17":"tag-latvian","18":"tag-latviesu","19":"tag-latviesu-valoda","20":"tag-latviesuvaloda","21":"tag-latvija","22":"tag-lv","23":"tag-news","24":"tag-popularakas-zinas","25":"tag-popularakaszinas","26":"tag-top-stories","27":"tag-topstories","28":"tag-zadziba","29":"tag-zadzibas","30":"tag-zinas"},"share_on_mastodon":{"url":"https:\/\/pubeurope.com\/@lv\/115445190240344606","error":""},"_links":{"self":[{"href":"https:\/\/www.europesays.com\/lv\/wp-json\/wp\/v2\/posts\/32272","targetHints":{"allow":["GET"]}}],"collection":[{"href":"https:\/\/www.europesays.com\/lv\/wp-json\/wp\/v2\/posts"}],"about":[{"href":"https:\/\/www.europesays.com\/lv\/wp-json\/wp\/v2\/types\/post"}],"author":[{"embeddable":true,"href":"https:\/\/www.europesays.com\/lv\/wp-json\/wp\/v2\/users\/2"}],"replies":[{"embeddable":true,"href":"https:\/\/www.europesays.com\/lv\/wp-json\/wp\/v2\/comments?post=32272"}],"version-history":[{"count":0,"href":"https:\/\/www.europesays.com\/lv\/wp-json\/wp\/v2\/posts\/32272\/revisions"}],"wp:featuredmedia":[{"embeddable":true,"href":"https:\/\/www.europesays.com\/lv\/wp-json\/wp\/v2\/media\/32273"}],"wp:attachment":[{"href":"https:\/\/www.europesays.com\/lv\/wp-json\/wp\/v2\/media?parent=32272"}],"wp:term":[{"taxonomy":"category","embeddable":true,"href":"https:\/\/www.europesays.com\/lv\/wp-json\/wp\/v2\/categories?post=32272"},{"taxonomy":"post_tag","embeddable":true,"href":"https:\/\/www.europesays.com\/lv\/wp-json\/wp\/v2\/tags?post=32272"}],"curies":[{"name":"wp","href":"https:\/\/api.w.org\/{rel}","templated":true}]}}