{"id":32281,"date":"2025-10-27T08:35:07","date_gmt":"2025-10-27T08:35:07","guid":{"rendered":"https:\/\/www.europesays.com\/lv\/32281\/"},"modified":"2025-10-27T08:35:07","modified_gmt":"2025-10-27T08:35:07","slug":"maestro-raimondam-paulam-pieskirs-augstako-triju-zvaigznu-ordena-skiru","status":"publish","type":"post","link":"https:\/\/www.europesays.com\/lv\/32281\/","title":{"rendered":"Maestro Raimondam Paulam pie\u0161\u0137irs augst\u0101ko Triju Zvaig\u017e\u0146u orde\u0146a \u0161\u0137iru"},"content":{"rendered":"<p>Orde\u0146u kapituls un Valsts prezidents Edgars Rink\u0113vi\u010ds l\u0113mumu par apbalvojuma pie\u0161\u0137ir\u0161anu pie\u0146\u0113ma 2025. gada 21. oktobr\u012b. Svin\u012bg\u0101 apbalvojumu pasnieg\u0161anas ceremonija notiks Latvijas Republikas proklam\u0113\u0161anas 107. gadadien\u0101, 18. novembr\u012b, R\u012bgas pil\u012b. Triju Zvaig\u017e\u0146u ordenis ir augst\u0101kais Latvijas valsts apbalvojums, ko pie\u0161\u0137ir par sevi\u0161\u0137iem nopelniem T\u0113vijas lab\u0101.<\/p>\n<p>K\u0101 raksta lsm.lv, maestro zi\u0146u par gaid\u0101mo apbalvojumu sa\u0146\u0113mis laik\u0101, kad c\u012bn\u012bjies ar vesel\u012bbas probl\u0113m\u0101m, kuru d\u0113\u013c nesen tika p\u0101rcelti vair\u0101ki vi\u0146a koncerti. &#8220;Man pazi\u0146oja taj\u0101 moment\u0101, kad man vien\u012bgais gandar\u012bjums bija, ka es v\u0113l dz\u012bvs paliku,&#8221; atzinis Pauls.<\/p>\n<p>Neraugoties uz vesel\u012bbas likst\u0101m, maestro turpina rado\u0161o darb\u012bbu. Nesen notika vi\u0146a koncerts &#8220;\u0160ek\u0161p\u012brs. Soneti&#8221;, kur\u0101 vi\u0146\u0161 uzst\u0101j\u0101s kop\u0101 ar dzied\u0101t\u0101ju Intaru Busuli un aktieri Andri Kei\u0161u. Koncertu apmekl\u0113ja ar\u012b Valsts prezidents Edgars Rink\u0113vi\u010ds, kur\u0161 pauda prieku par komponista ener\u0123iju.<\/p>\n<blockquote class=\"quote ck-widget\" contenteditable=\"false\">\n<p>&#8220;M\u0113s visi bij\u0101m satrauku\u0161ies tad, kad pien\u0101ca zi\u0146a, ka ir nelielas vesel\u012bbas probl\u0113mas, bet \u0161odien koncert\u0101, redzot to ener\u0123iju un smaidu, es vi\u0146am nov\u0113lu rado\u0161umu, \u013coti daudz koncertu, kas vi\u0146u uzl\u0101d\u0113 un tie\u0161\u0101m \u013coti,&#8221; sac\u012bja Rink\u0113vi\u010ds, nov\u0113lot maestro stipru vesel\u012bbu. Prezidents ar\u012b piebilda: &#8220;Katra vi\u0146a uzst\u0101\u0161an\u0101s ir milz\u012bgs notikums, svin\u0113sim 100 gadus pavisam dr\u012bz.&#8221;<\/p>\n<\/blockquote>\n<p>Pauls, koment\u0113jot augsto apbalvojumu, saglab\u0101ja sev rakstur\u012bgo humora izj\u016btu: &#8220;Lai ieriebtu Kei\u0161am vai Busulim, es jau vi\u0146u noteikti uzkarin\u0101\u0161u, lai vi\u0146i paskat\u0101s, ka vienk\u0101r\u0161am latvietim ir t\u0101ds ordenis. Vi\u0146i izteiks savas piez\u012bmes, visa latvie\u0161u skaud\u012bba n\u0101ks \u0101r\u0101 sav\u0101 varen\u012bb\u0101, for\u0161i.&#8221;<\/p>\n<p>Valsts sv\u0113tkos augst\u0101kos Latvijas valsts apbalvojumus kopum\u0101 sa\u0146ems 33 personas. Starp Triju Zvaig\u017e\u0146u orde\u0146a sa\u0146\u0113m\u0113jiem ir ar\u012b hokejists Kaspars Daugavi\u0146\u0161, Latvijas Laikmet\u012bg\u0101s m\u0101kslas centra direktore Solvita Krese un re\u017eisore Indra Roga.<\/p>\n","protected":false},"excerpt":{"rendered":"Orde\u0146u kapituls un Valsts prezidents Edgars Rink\u0113vi\u010ds l\u0113mumu par apbalvojuma pie\u0161\u0137ir\u0161anu pie\u0146\u0113ma 2025. gada 21. oktobr\u012b. Svin\u012bg\u0101 apbalvojumu&hellip;\n","protected":false},"author":2,"featured_media":32282,"comment_status":"","ping_status":"","sticky":false,"template":"","format":"standard","meta":{"footnotes":""},"categories":[5],"tags":[23,28,29,32,33,22,30,31,35,39,38,36,37,34,40,20,26,27,2672,24,25,21],"class_list":{"0":"post-32281","1":"post","2":"type-post","3":"status-publish","4":"format-standard","5":"has-post-thumbnail","7":"category-aktualitates","8":"tag-aktualitates","9":"tag-breaking-news","10":"tag-breakingnews","11":"tag-featured-news","12":"tag-featurednews","13":"tag-headlines","14":"tag-latest-news","15":"tag-latestnews","16":"tag-latvia","17":"tag-latvian","18":"tag-latviesu","19":"tag-latviesu-valoda","20":"tag-latviesuvaloda","21":"tag-latvija","22":"tag-lv","23":"tag-news","24":"tag-popularakas-zinas","25":"tag-popularakaszinas","26":"tag-raimonds-pauls","27":"tag-top-stories","28":"tag-topstories","29":"tag-zinas"},"share_on_mastodon":{"url":"https:\/\/pubeurope.com\/@lv\/115445217764637326","error":""},"_links":{"self":[{"href":"https:\/\/www.europesays.com\/lv\/wp-json\/wp\/v2\/posts\/32281","targetHints":{"allow":["GET"]}}],"collection":[{"href":"https:\/\/www.europesays.com\/lv\/wp-json\/wp\/v2\/posts"}],"about":[{"href":"https:\/\/www.europesays.com\/lv\/wp-json\/wp\/v2\/types\/post"}],"author":[{"embeddable":true,"href":"https:\/\/www.europesays.com\/lv\/wp-json\/wp\/v2\/users\/2"}],"replies":[{"embeddable":true,"href":"https:\/\/www.europesays.com\/lv\/wp-json\/wp\/v2\/comments?post=32281"}],"version-history":[{"count":0,"href":"https:\/\/www.europesays.com\/lv\/wp-json\/wp\/v2\/posts\/32281\/revisions"}],"wp:featuredmedia":[{"embeddable":true,"href":"https:\/\/www.europesays.com\/lv\/wp-json\/wp\/v2\/media\/32282"}],"wp:attachment":[{"href":"https:\/\/www.europesays.com\/lv\/wp-json\/wp\/v2\/media?parent=32281"}],"wp:term":[{"taxonomy":"category","embeddable":true,"href":"https:\/\/www.europesays.com\/lv\/wp-json\/wp\/v2\/categories?post=32281"},{"taxonomy":"post_tag","embeddable":true,"href":"https:\/\/www.europesays.com\/lv\/wp-json\/wp\/v2\/tags?post=32281"}],"curies":[{"name":"wp","href":"https:\/\/api.w.org\/{rel}","templated":true}]}}