{"id":32319,"date":"2025-10-27T09:12:13","date_gmt":"2025-10-27T09:12:13","guid":{"rendered":"https:\/\/www.europesays.com\/lv\/32319\/"},"modified":"2025-10-27T09:12:13","modified_gmt":"2025-10-27T09:12:13","slug":"rosina-nesasteigt-latvijas-izstasanos-no-ta-devetas-stambulas-konvencijas","status":"publish","type":"post","link":"https:\/\/www.europesays.com\/lv\/32319\/","title":{"rendered":"Rosina nesasteigt Latvijas izst\u0101\u0161anos no t\u0101 d\u0113v\u0113t\u0101s Stambulas konvencijas"},"content":{"rendered":"<p><a rel=\"noopener nofollow\" target=\"_blank\" href=\"https:\/\/www.delfi.lv\/temas\/38952207\/saeima\" tag-id=\"38952207\">Saeimas<\/a> \u0100rlietu komisijai iesniegti vair\u0101ki priek\u0161likumi, ar kuriem rosin\u0101ts nesasteigt Latvijas izst\u0101\u0161anos no Eiropas Padomes Konvencijas par vardarb\u012bbas pret sieviet\u0113m un vardarb\u012bbas \u0123imen\u0113 nov\u0113r\u0161anu un apkaro\u0161anu jeb <a rel=\"noopener nofollow\" target=\"_blank\" href=\"https:\/\/www.delfi.lv\/temas\/49935569\/stambulas-konvencija\" tag-id=\"49935569\">Stambulas konvencijas<\/a>.<\/p>\n<p class=\"western\">&#8220;Delfi&#8221; jau v\u0113st\u012bja, ka Saeima 23. oktobr\u012b <a rel=\"noopener follow nofollow\" target=\"_blank\" href=\"https:\/\/www.delfi.lv\/193\/politics\/120092434\/saeima-konceptuali-piekrit-denonset-pretvardarbibas-konvenciju\" data-rel-date-range=\"[]\">p\u0113c vair\u0101ku stundu ilg\u0101m debat\u0113m<\/a> pirmaj\u0101 las\u012bjum\u0101 atbalst\u012bja likumprojektu, kuru pie\u0146emot Latvija izst\u0101tos no pretvardarb\u012bbas konvencijas. Gal\u012bgo l\u0113mumu parlaments pl\u0101no pie\u0146emt \u0161oned\u0113\u013c.<\/p>\n<p class=\"western\">Par likumprojekta virz\u012bbu atbild\u012bg\u0101 \u0100rlietu komisija sa\u0146\u0113musi vair\u0101kus priek\u0161likumus likuma izmai\u0146\u0101m. Par t\u0101m komisija spried\u012bs s\u0113d\u0113 otrdien, 28. oktobr\u012b, un ar\u012b tre\u0161dien, 29. oktobr\u012b.<\/p>\n<p class=\"western\">Vair\u0101kus priek\u0161likumus iesniegu\u0161i &#8220;Jaun\u0101s vienot\u012bbas&#8221; frakcijas deput\u0101ti. Agnese Krasta (JV) iesniegusi priek\u0161likumu no likumprojekta izsl\u0113gt pirmo pantu, kas paredz konvencijas denons\u0113\u0161anu. Krasta un J\u0101nis Zari\u0146\u0161 (JV) rosina likumprojekta pirmaj\u0101 pant\u0101 noteikt, ka <a rel=\"noopener nofollow\" target=\"_blank\" href=\"https:\/\/www.delfi.lv\/temas\/35591879\/ministru-kabinets\" tag-id=\"35591879\">Ministru kabinets<\/a> l\u012bdz 2026. gada 1. j\u016blijam atbilsto\u0161i likumam &#8220;Par Latvijas Republikas starptautiskajiem l\u012bgumiem&#8221; iesniedz Saeim\u0101 Valsts valodas centra preciz\u0113tu pretvardarb\u012bbas konvencijas tulkojumu latvie\u0161u valod\u0101.<\/p>\n<p class=\"western\">Virkne priek\u0161likumu attiecas uz likumprojekta otro pantu, kas nosaka, ka <a rel=\"noopener nofollow\" target=\"_blank\" href=\"https:\/\/www.delfi.lv\/temas\/42074904\/arlietu-ministrija\" tag-id=\"42074904\">\u0100rlietu ministrija<\/a> (\u0100M) iesniedz Eiropas Padomes (EP) \u0123ener\u0101lsekret\u0101ram pazi\u0146ojumu par konvencijas denons\u0113\u0161anu.<\/p>\n<p class=\"western\">Deput\u0101ts <a rel=\"noopener nofollow\" target=\"_blank\" href=\"https:\/\/www.delfi.lv\/temas\/55150080\/edmunds-jurevics\" tag-id=\"55150080\">Edmunds Jur\u0113vics<\/a> (JV) rosina noteikt, ka \u0100M var iesniegt EP \u0123ener\u0101lsekret\u0101ram adres\u0113tu pazi\u0146ojumu par konvencijas denons\u0113\u0161anu, kad ir sa\u0146emts atzinums no valsts dro\u0161\u012bbas iest\u0101d\u0113m, ka konvencijas denons\u0113\u0161anas proces\u0101 nav konstat\u0113jami Krievijas dezinform\u0101cijas kampa\u0146as elementi. <\/p>\n<p class=\"western\">Savuk\u0101trt deput\u0101te Irma Kalni\u0146a rosina likum\u0101 noteikt, ka Latvija par konvencijas denons\u0113\u0161anu inform\u0113 EP \u0123ener\u0101lsekret\u0101ru septi\u0146as dienas p\u0113c tam, kad likumu par \u0161\u012bs konvencijas denons\u0113\u0161anu ir pie\u0146\u0113mis ar\u012b Ukrainas parlaments. Bet Zane Skuji\u0146a-Rubene (JV) ierosina inform\u0113t par Latvijas izst\u0101\u0161anos no konvencijas, kad Latvij\u0101 ir sasniegti konvencijas 1. pant\u0101 noteiktie m\u0113r\u0137i un ja Vardarb\u012bbas pret sievieti un vardarb\u012bbas \u0123imen\u0113 nov\u0113r\u0161anas un apkaro\u0161anas pl\u0101n\u0101 2024.-2029. gadam noteiktie m\u0113r\u0137i tiek sasniegti.<\/p>\n<p class=\"western\"><a rel=\"noopener nofollow\" target=\"_blank\" href=\"https:\/\/www.delfi.lv\/temas\/51115919\/zanda-kalnina-lukasevica\" tag-id=\"51115919\">Zanda Kalni\u0146a-Luka\u0161evica<\/a> (JV) rosina inform\u0113t EP \u0123ener\u0101lsekret\u0101ru tad, kad b\u016bs sa\u0146emts un izv\u0113rt\u0113ts Eiropas Komisijas par demokr\u0101tiju caur ties\u012bb\u0101m (Ven\u0113cijas komisijas) atzinums par Latvijas iesp\u0113jamo izst\u0101\u0161anos no konvencijas.<\/p>\n<p class=\"western\">Savuk\u0101rt partijas &#8220;Progres\u012bvie&#8221; frakcija rosina likumprojekt\u0101 noteikt, ka Saeima var lemt par konvencijas denons\u0113\u0161anu p\u0113c Ekspertu grupas vardarb\u012bbas pret sieviet\u0113m un vardarb\u012bbas \u0123imen\u0113 nov\u0113r\u0161anai (GREVIO) pie\u0146emt\u0101 pirm\u0101 zi\u0146ojuma un secin\u0101jumu par pas\u0101kumiem, ko Latvija veikusi.<\/p>\n<p class=\"western\">Deput\u0101te Jana Simanovska (P) rosina likumprojekt\u0101 noteikt, ka Ministru kabinetam l\u012bdz 2026. gada 1. febru\u0101rim j\u0101sagatavo un Saeimai j\u0101iesniedz izv\u0113rt\u0113jums par konvencijai pievienot\u0101s Latvijas deklar\u0101cijas tiesisko statusu, k\u0101 ar\u012b citu dal\u012bbvalstu deklar\u0101ciju piem\u0113ro\u0161anas praksi, un \u0161\u012bs deklar\u0101cijas atsauk\u0161anas ietekmi uz konvencijas piem\u0113ro\u0161anu Latvij\u0101.<\/p>\n<p class=\"western\">\u0100M rosina likum\u0101 noteikt, ka l\u012bdz Ministru kabinets nav izv\u0113rt\u0113jis konvencijas denons\u0113\u0161anas sekas, ministrija neiesniedz konvencijas depozit\u0101rijam pazi\u0146ojumu par denons\u0113\u0161anu.<\/p>\n<p class=\"western\">Savus priek\u0161likumus iensiedzis ar\u012b &#8220;<a rel=\"noopener nofollow\" target=\"_blank\" href=\"https:\/\/www.delfi.lv\/temas\/50405245\/kustiba-par\" tag-id=\"50405245\">Kust\u012bba Par!<\/a>&#8221; valdes loceklis Miks Celmi\u0146\u0161, kur\u0161 rosina turpin\u0101t \u012bstenot konvencij\u0101 noteiktos m\u0113r\u0137us, k\u0101 ar\u012b izv\u0113rt\u0113t iesp\u0113ju Latvijas v\u0101rd\u0101 rosin\u0101t groz\u012bjumus konvencijas redakcij\u0101. <\/p>\n<p class=\"western\">Vi\u0146\u0161 pied\u0101v\u0101 papildin\u0101t likumu ar 5. pantu, nosakot, ka likumprojekta iesniedz\u0113ju p\u0101rst\u0101v\u0113t\u0101s politisk\u0101s partijas vai politisko partiju apvien\u012bbas 30% no 2025. un 2026. gad\u0101 sa\u0146emt\u0101 valsts finans\u0113juma izmanto saska\u0146\u0101 ar konvencijas 13. panta noteiktajiem uzdevumiem. <\/p>\n<p class=\"western\">T\u0101d\u0113j\u0101di politiskajiem sp\u0113kiem &#8220;Latvija pirmaj\u0101 viet\u0101&#8221;, <a rel=\"noopener nofollow\" target=\"_blank\" href=\"https:\/\/www.delfi.lv\/temas\/54918402\/apvienotais-saraksts\" tag-id=\"54918402\">Apvienotais saraksts<\/a> un <a rel=\"noopener nofollow\" target=\"_blank\" href=\"https:\/\/www.delfi.lv\/temas\/51621719\/nacionala-apvieniba\" tag-id=\"51621719\">Nacion\u0101l\u0101 apvien\u012bba<\/a> b\u016btu j\u0101novirza finans\u0113jums, lai sabiedr\u012bba tiktu pla\u0161i inform\u0113ta par pas\u0101kumiem, kas pieejami t\u0101du vardarb\u012bbas aktu nov\u0113r\u0161anai, uz kuriem attiecas \u0161\u012b konvencija.<\/p>\n<p class=\"m-0\">Seko &#8220;Delfi&#8221; ar\u012b  <a target=\"_blank\" href=\"https:\/\/www.instagram.com\/delfi.lv\/\" rel=\"nofollow noopener\">Instagram<\/a>  un <a target=\"_blank\" href=\"https:\/\/www.youtube.com\/channel\/UCw5foWtcJvAbUm64rv7jwUQ\" rel=\"nofollow noopener\">YouTube<\/a>  profil\u0101 \u2013 pievienojies, lai uzzin\u0101tu svar\u012bg\u0101ko un interesant\u0101ko pirmais!<\/p>\n<p>Publik\u0101cijas saturs vai t\u0101s jebk\u0101da apjoma da\u013ca ir aizsarg\u0101ts autorties\u012bbu objekts Autorties\u012bbu likuma izpratn\u0113, un t\u0101 izmanto\u0161ana bez izdev\u0113ja at\u013caujas ir aizliegta. Vair\u0101k lasi  <a target=\"_blank\" href=\"https:\/\/www.delfi.lv\/noteikumi#autortiesibas\" rel=\"nofollow noopener\">\u0161eit<\/a><script async src=\"\/\/www.instagram.com\/embed.js\"><\/script><\/p>\n","protected":false},"excerpt":{"rendered":"Saeimas \u0100rlietu komisijai iesniegti vair\u0101ki priek\u0161likumi, ar kuriem rosin\u0101ts nesasteigt Latvijas izst\u0101\u0161anos no Eiropas Padomes Konvencijas par vardarb\u012bbas&hellip;\n","protected":false},"author":2,"featured_media":32320,"comment_status":"","ping_status":"","sticky":false,"template":"","format":"standard","meta":{"footnotes":""},"categories":[5],"tags":[23,9194,464,28,29,2734,32,33,22,9681,30,31,35,39,38,36,37,34,9682,40,5604,2607,20,2224,26,27,141,2023,24,25,3818,21],"class_list":{"0":"post-32319","1":"post","2":"type-post","3":"status-publish","4":"format-standard","5":"has-post-thumbnail","7":"category-aktualitates","8":"tag-aktualitates","9":"tag-apvienotais-saraksts","10":"tag-arlietu-ministrija","11":"tag-breaking-news","12":"tag-breakingnews","13":"tag-edmunds-jurevics","14":"tag-featured-news","15":"tag-featurednews","16":"tag-headlines","17":"tag-kustiba-par","18":"tag-latest-news","19":"tag-latestnews","20":"tag-latvia","21":"tag-latvian","22":"tag-latviesu","23":"tag-latviesu-valoda","24":"tag-latviesuvaloda","25":"tag-latvija","26":"tag-lpv-latvija-pirmaja-vieta","27":"tag-lv","28":"tag-ministru-kabinets","29":"tag-nacionala-apvieniba","30":"tag-news","31":"tag-partija-progresivie","32":"tag-popularakas-zinas","33":"tag-popularakaszinas","34":"tag-saeima","35":"tag-stambulas-konvencija","36":"tag-top-stories","37":"tag-topstories","38":"tag-zanda-kalnina-lukasevica","39":"tag-zinas"},"share_on_mastodon":{"url":"","error":"Validation failed: Text character limit of 500 exceeded"},"_links":{"self":[{"href":"https:\/\/www.europesays.com\/lv\/wp-json\/wp\/v2\/posts\/32319","targetHints":{"allow":["GET"]}}],"collection":[{"href":"https:\/\/www.europesays.com\/lv\/wp-json\/wp\/v2\/posts"}],"about":[{"href":"https:\/\/www.europesays.com\/lv\/wp-json\/wp\/v2\/types\/post"}],"author":[{"embeddable":true,"href":"https:\/\/www.europesays.com\/lv\/wp-json\/wp\/v2\/users\/2"}],"replies":[{"embeddable":true,"href":"https:\/\/www.europesays.com\/lv\/wp-json\/wp\/v2\/comments?post=32319"}],"version-history":[{"count":0,"href":"https:\/\/www.europesays.com\/lv\/wp-json\/wp\/v2\/posts\/32319\/revisions"}],"wp:featuredmedia":[{"embeddable":true,"href":"https:\/\/www.europesays.com\/lv\/wp-json\/wp\/v2\/media\/32320"}],"wp:attachment":[{"href":"https:\/\/www.europesays.com\/lv\/wp-json\/wp\/v2\/media?parent=32319"}],"wp:term":[{"taxonomy":"category","embeddable":true,"href":"https:\/\/www.europesays.com\/lv\/wp-json\/wp\/v2\/categories?post=32319"},{"taxonomy":"post_tag","embeddable":true,"href":"https:\/\/www.europesays.com\/lv\/wp-json\/wp\/v2\/tags?post=32319"}],"curies":[{"name":"wp","href":"https:\/\/api.w.org\/{rel}","templated":true}]}}