{"id":32321,"date":"2025-10-27T09:13:09","date_gmt":"2025-10-27T09:13:09","guid":{"rendered":"https:\/\/www.europesays.com\/lv\/32321\/"},"modified":"2025-10-27T09:13:09","modified_gmt":"2025-10-27T09:13:09","slug":"miks-galvanovskis-ar-jaunu-dziesmu-izzino-albuma-izdosanas-datumu","status":"publish","type":"post","link":"https:\/\/www.europesays.com\/lv\/32321\/","title":{"rendered":"Miks Galvanovskis ar jaunu dziesmu izzi\u0146o albuma izdo\u0161anas datumu"},"content":{"rendered":"<p>\u0160odien, 27. oktobr\u012b, Miks Galvanovskis izdevis piekto albuma singlu &#8220;Varu b\u016bt&#8221; un pazi\u0146o, ka albums gaid\u0101ms jau maz\u0101k k\u0101 p\u0113c div\u0101m ned\u0113\u013c\u0101m. <\/p>\n<p>Miks izdom\u0101jis albumu izdot cit\u0101d\u0101k\u0101 veid\u0101 un katru dienu no 3. l\u012bdz 7. novembrim izdos jaunu dziesmu, v\u0113r\u0161ot uzman\u012bbu uz katru singlu. Album\u0101 b\u016bs dzirdamas 10 dziesmas un albums piln\u012bb\u0101 tiks izdots 7. novembr\u012b, kad s\u0101kas Mika pirm\u0101 liel\u0101 koncertt\u016bre &#8220;Par savu zemi saukt&#8221;. Albuma izdo\u0161anas dien\u0101 m\u0101kslinieks sola v\u0113l k\u0101dus lielus jaunumus!<\/p>\n<p>&#8220;Dziesma &#8220;Varu b\u016bt&#8221; ir par to cik da\u017e\u0101di cilv\u0113ki sp\u0113j b\u016bt, lai piel\u0101gotos un iepatiktos otram. K\u0101 vienm\u0113r es rakstu dziesmu v\u0101rdus par savu dz\u012bvi. \u0160obr\u012bd esmu non\u0101cis t\u0101d\u0101 dz\u012bves posm\u0101, kad \u012bsti neredzu iesp\u0113ju, ka tuv\u0101kaj\u0101 laik\u0101 man var\u0113tu b\u016bt k\u0101da liel\u0101ka m\u012blest\u012bba pret k\u0101du k\u0101 pret savu darbu un b\u016b\u0161anu uz skatuves. Ar\u012b dziesmas video spilgti par\u0101da to k\u0101das ir cilv\u0113ku person\u012bbas \u2013 no maiga l\u012bdz trakam, no m\u012b\u013ca l\u012bdz rieb\u012bgam,&#8221; koment\u0113 Miks.<\/p>\n<p>Dziesmas ierakst\u0101 piedal\u012bjies Mika Galvanovska grupas pamatsast\u0101vs \u2013 Kristens Kup\u010ds, M\u0101rcis Bri\u0161ka, J\u0101nis Narbuts un Reinis Bri\u0123is. Video uz\u0146\u0113mis Daniels Neguliners.<\/p>\n","protected":false},"excerpt":{"rendered":"\u0160odien, 27. oktobr\u012b, Miks Galvanovskis izdevis piekto albuma singlu &#8220;Varu b\u016bt&#8221; un pazi\u0146o, ka albums gaid\u0101ms jau maz\u0101k&hellip;\n","protected":false},"author":2,"featured_media":32322,"comment_status":"","ping_status":"","sticky":false,"template":"","format":"standard","meta":{"footnotes":""},"categories":[19],"tags":[129,9683,2239,289,89,90,35,39,38,36,37,34,40,290,9684,2240,291,9685,2241],"class_list":{"0":"post-32321","1":"post","2":"type-post","3":"status-publish","4":"format-standard","5":"has-post-thumbnail","7":"category-izklaide","8":"tag-__typenameadvicekeyword","9":"tag-id1797","10":"tag-id93","11":"tag-id931","12":"tag-entertainment","13":"tag-izklaide","14":"tag-latvia","15":"tag-latvian","16":"tag-latviesu","17":"tag-latviesu-valoda","18":"tag-latviesuvaloda","19":"tag-latvija","20":"tag-lv","21":"tag-slugkultura","22":"tag-slugmiks-galvanovskis","23":"tag-slugmusic","24":"tag-titlekultura","25":"tag-titlemiks-galvanovskis","26":"tag-titlemusic"},"share_on_mastodon":{"url":"https:\/\/pubeurope.com\/@lv\/115445367416055728","error":""},"_links":{"self":[{"href":"https:\/\/www.europesays.com\/lv\/wp-json\/wp\/v2\/posts\/32321","targetHints":{"allow":["GET"]}}],"collection":[{"href":"https:\/\/www.europesays.com\/lv\/wp-json\/wp\/v2\/posts"}],"about":[{"href":"https:\/\/www.europesays.com\/lv\/wp-json\/wp\/v2\/types\/post"}],"author":[{"embeddable":true,"href":"https:\/\/www.europesays.com\/lv\/wp-json\/wp\/v2\/users\/2"}],"replies":[{"embeddable":true,"href":"https:\/\/www.europesays.com\/lv\/wp-json\/wp\/v2\/comments?post=32321"}],"version-history":[{"count":0,"href":"https:\/\/www.europesays.com\/lv\/wp-json\/wp\/v2\/posts\/32321\/revisions"}],"wp:featuredmedia":[{"embeddable":true,"href":"https:\/\/www.europesays.com\/lv\/wp-json\/wp\/v2\/media\/32322"}],"wp:attachment":[{"href":"https:\/\/www.europesays.com\/lv\/wp-json\/wp\/v2\/media?parent=32321"}],"wp:term":[{"taxonomy":"category","embeddable":true,"href":"https:\/\/www.europesays.com\/lv\/wp-json\/wp\/v2\/categories?post=32321"},{"taxonomy":"post_tag","embeddable":true,"href":"https:\/\/www.europesays.com\/lv\/wp-json\/wp\/v2\/tags?post=32321"}],"curies":[{"name":"wp","href":"https:\/\/api.w.org\/{rel}","templated":true}]}}