{"id":32336,"date":"2025-10-27T09:22:09","date_gmt":"2025-10-27T09:22:09","guid":{"rendered":"https:\/\/www.europesays.com\/lv\/32336\/"},"modified":"2025-10-27T09:22:09","modified_gmt":"2025-10-27T09:22:09","slug":"sobrid-aptuveni-84-gazas-joslas-teritorijas-parvertusies-drupas-raksts","status":"publish","type":"post","link":"https:\/\/www.europesays.com\/lv\/32336\/","title":{"rendered":"\u0160obr\u012bd aptuveni 84% Gazas joslas teritorijas p\u0101rv\u0113rtu\u0161ies drup\u0101s \/ Raksts"},"content":{"rendered":"<p>Tuvajos Austrumos turpin\u0101s teroristisk\u0101 grup\u0113juma &#8220;Ham\u0101s&#8221;\u00a0nolaup\u012bto un boj\u0101g\u0101ju\u0161o \u0137\u012blnieku mekl\u0113\u0161anas darbi Gazas josl\u0101. &#8220;Ham\u0101s&#8221; ir nodevis Izra\u0113lai 15 no 28 miru\u0161ajiem \u0137\u012blniekiem. Grup\u0113jums pazi\u0146ojis, ka tagad koordin\u0113 mekl\u0113\u0161anas darb\u012bbas ar \u0112\u0123iptes varas iest\u0101d\u0113m.\u00a0<\/p>\n<p>Izra\u0113la ir at\u013c\u0101vusi \u0112\u0123iptei pal\u012bdz\u0113t \u0137\u012blnieku mirst\u012bgo atlieku mekl\u0113\u0161an\u0101, un sestdien Gaz\u0101 ierad\u0101s pirmais \u0112\u0123iptes konvojs ar smago tehniku, tostarp ekskavatoriem un buldozeriem. \u0160obr\u012bd pie l\u012b\u0137u mekl\u0113\u0161anas kop\u0101 ar &#8220;Ham\u0101s&#8221; str\u0101d\u0101 ar\u012b Starptautisk\u0101 Sarkan\u0101 Krusta komiteja.\u00a0<\/p>\n<p>Pag\u0101ju\u0161aj\u0101 ned\u0113\u013c\u0101 Gazas josl\u0101 ierad\u0101s ar\u012b Turcijas konvojs, s\u0101kot att\u012br\u012bt ielas no gruve\u0161iem H\u0101njunis\u0101 Gazas joslas dienvidos.\u00a0<\/p>\n<blockquote>\n<p>P\u0113c vair\u0101k nek\u0101 divus gadus ilgas intens\u012bvas Izra\u0113las bombard\u0113\u0161anas ANO l\u0113\u0161, ka pat 84% Gazas joslas teritorijas ir p\u0101rv\u0113rtu\u0161ies drup\u0101s.\u00a0<\/p>\n<\/blockquote>\n<p>&#8220;Ham\u0101s&#8221; darb\u012bbas no Izra\u0113las puses tiek cie\u0161i nov\u0113rotas ba\u017e\u0101s, ka grup\u0113jums l\u012b\u0137u mekl\u0113\u0161an\u0101 vilcina laiku. ASV prezidents Donalds Tramps sestdien br\u012bdin\u0101ja, ka tiks veiktas darb\u012bbas, ja miru\u0161o \u0137\u012blnieku l\u012b\u0137i netiks \u0101tri atdoti.\u00a0<\/p>\n<p>Savuk\u0101rt Izra\u0113la sv\u0113tdien uzst\u0101ja, ka saglab\u0101s kontroli p\u0101r dro\u0161\u012bbu Gaz\u0101, neraugoties uz t\u0101s parakst\u012bto pamiera l\u012bgumu, kas nosl\u0113gts ar ASV starpniec\u012bbu. Tas paredz starptautisku dro\u0161\u012bbas sp\u0113ku izvieto\u0161anu Gazas josl\u0101 p\u0113c karadarb\u012bbas beig\u0101m.\u00a0<\/p>\n<p>Izra\u0113las premjers Benjamins Netanjahu pazi\u0146oja, ka Izra\u0113la pati lems, kur un kad uzbrukt saviem ienaidniekiem un kur\u0101m valst\u012bm at\u013caus nos\u016bt\u012bt karasp\u0113ku, lai uzraudz\u012btu pamieru.\u00a0<\/p>\n<p>&#8220;Izra\u0113la ir neatkar\u012bga valsts. M\u0113s aizsarg\u0101sim sevi ar visiem l\u012bdzek\u013ciem un turpin\u0101sim lemt par savu likteni,&#8221;\u00a0teica Netanjahu. &#8220;M\u0113s nel\u016bdzam neviena apstiprin\u0101jumu \u0161aj\u0101 jaut\u0101jum\u0101. M\u0113s kontrol\u0113jam savu dro\u0161\u012bbu.&#8221;\u00a0<\/p>\n<p>KONTEKSTS:<\/p>\n<p>2023. gada 7. oktobr\u012b &#8220;Ham\u0101s&#8221;<a href=\"https:\/\/www.lsm.lv\/raksts\/zinas\/arzemes\/07.10.2023-izraelas-premjers-pavel-sakt-atbildes-karu-pec-palestiniesu-kaujinieku-rakesu-uzbrukumiem.a526861\/\" class=\"lsm-link\" data-type=\"article\" data-id=\"526861\" rel=\"nofollow noopener\" target=\"_blank\"> sar\u012bkoja<\/a> slakti\u0146u Izra\u0113l\u0101, noslepkavojot ap 1200 cilv\u0113ku, no kuriem absol\u016btais vair\u0101kums bija civilpersonas. V\u0113l aptuveni 250 cilv\u0113kus, taj\u0101 skait\u0101 sievietes, b\u0113rnus un sirmgalvjus, teroristi sagr\u0101ba par \u0137\u012blniekiem un aizveda uz Gazas joslu.<\/p>\n<p>Izra\u0113la<a href=\"https:\/\/www.lsm.lv\/raksts\/zinas\/arzemes\/29.10.2023-izraela-uzsakusi-jaunu-kara-posmu-gazas-josla-apnemiga-iznicinat-teroristus-un-atgriezt-kilniekus.a529566\/\" class=\"lsm-link\" data-type=\"article\" data-id=\"529566\" rel=\"nofollow noopener\" target=\"_blank\"> atbild\u0113ja<\/a> ar milit\u0101ro oper\u0101ciju Gazas josl\u0101, k\u0101 ar\u012b pastiprin\u0101ja kl\u0101tb\u016btni Jord\u0101nas Rietumkrast\u0101, solot izn\u012bcin\u0101t teroristu grup\u0113jumu &#8220;Ham\u0101s&#8221;. Starptautisk\u0101 sabiedr\u012bba, tostarp ar\u012b vair\u0101ki Izra\u0113las<a href=\"https:\/\/www.lsm.lv\/raksts\/zinas\/arzemes\/10.04.2024-baidens-netanjahu-politika-gaza-ir-kludaina-un-es-nepiekritu-sadai-pieejai.a549839\/\" class=\"lsm-link\" data-type=\"article\" data-id=\"549839\" rel=\"nofollow noopener\" target=\"_blank\"> sabiedrotie<\/a>, vair\u0101kk\u0101rt nor\u0101d\u012bju\u0161i uz nesam\u0113r\u012bgu Telavivas atbildi teroristu uzbrukumam.<\/p>\n<p>2024. gada novembr\u012b Starptautisk\u0101 krimin\u0101ltiesa (SKT)<a href=\"https:\/\/www.lsm.lv\/raksts\/zinas\/arzemes\/21.11.2024-starptautiska-kriminaltiesa-izdevusi-aresta-orderus-netanjahu-un-citu-gazas-kara-iesaistito-aizturesanai.a577308\/?utm_source=lsm&amp;utm_medium=article-body&amp;utm_campaign=admin\" class=\"lsm-link\" data-type=\"article\" data-id=\"577308\" rel=\"nofollow noopener\" target=\"_blank\"> izdeva<\/a> aresta orderus Izra\u0113las premjera Netanjahu un citu Gazas kar\u0101 iesaist\u012bto amatpersonu aiztur\u0113\u0161anai, aps\u016bdzot vi\u0146us kara noziegumos un noziegumos pret cilv\u0113ci.<\/p>\n<p>2025. gada vasar\u0101 Izra\u0113las veikt\u0101s ilgsto\u0161\u0101s Gazas teritorijas blok\u0101des un akt\u012bv\u0101 bombard\u0113\u0161ana novedusi pie katastrof\u0101la <a href=\"https:\/\/www.lsm.lv\/raksts\/zinas\/arzemes\/22.08.2025-ano-gaza-ir-katastrofals-bads-izraela-to-sauc-par-meliem.a611399\/?utm_source=lsm&amp;utm_medium=theme&amp;utm_campaign=theme\" class=\"lsm-link\" data-type=\"article\" data-id=\"611399\" rel=\"nofollow noopener\" target=\"_blank\">bada<\/a>, pirm\u0101s nepiecie\u0161am\u012bbas pre\u010du un \u016bdens tr\u016bkuma. Starptautisk\u0101 genoc\u012bda p\u0113tnieku <a href=\"https:\/\/www.lsm.lv\/raksts\/zinas\/arzemes\/02.09.2025-starptautiska-genocida-petnieku-asociacija-izraela-veic-genocidu-gazas-josla.a612654\/?utm_source=lsm&amp;utm_medium=theme&amp;utm_campaign=theme\" class=\"lsm-link\" data-type=\"article\" data-id=\"612654\" rel=\"nofollow noopener\" target=\"_blank\">asoci\u0101cija <\/a>un <a href=\"https:\/\/www.lsm.lv\/raksts\/zinas\/arzemes\/29.08.2025-simtiem-ano-darbinieku-mudina-augsto-cilvektiesibu-komisaru-nosaukt-karu-gazas-josla-par-genocidu.a612201\/?utm_source=lsm&amp;utm_medium=theme&amp;utm_campaign=theme\" class=\"lsm-link\" data-type=\"article\" data-id=\"612201\" rel=\"nofollow noopener\" target=\"_blank\">ANO <\/a>p\u0101rst\u0101vji aicin\u0101ju\u0161i Telavivas r\u012bc\u012bbu \u0161aj\u0101 teritorij\u0101 atz\u012bt par genoc\u012bdu<\/p>\n<p>Pieaugot Rietumvalstu spiedienam uz Izra\u0113lu, arvien ska\u013c\u0101k izskan aicin\u0101jumi <a href=\"https:\/\/www.lsm.lv\/raksts\/zinas\/arzemes\/28.05.2025-politico-francija-mudina-eiropas-sabiedrotos-atzit-palestinas-valsti.a600836\/\" class=\"lsm-link\" data-type=\"article\" data-id=\"600836\" rel=\"nofollow noopener\" target=\"_blank\">atz\u012bt <\/a>Palest\u012bnas valsti. L\u012bdz \u0161im to paveiku\u0161as vair\u0101k nek\u0101 150 ANO dal\u012bbvalstis, tostarp 11 no 27 Eiropas Savien\u012bbas valst\u012bm, piem\u0113ram, Sp\u0101nija, Rum\u0101nija, Zviedrija, \u012arija un Bulg\u0101rija. Ruden\u012b Palest\u012bnas valsti atzina <a href=\"https:\/\/www.lsm.lv\/raksts\/zinas\/arzemes\/21.09.2025-lielbritanija-australija-un-kanada-atzist-palestinas-valsti.a615224\/\" class=\"lsm-link\" data-type=\"article\" data-id=\"615224\" rel=\"nofollow noopener\" target=\"_blank\">Lielbrit\u0101nija, Kan\u0101da un Austr\u0101lija<\/a>, k\u0101 ar\u012b Portug\u0101le un Francija. \u0160\u0101du valstu soli kritiz\u0113jusi Izra\u0113la un t\u0101s sabiedrot\u0101s ASV.<\/p>\n<p>Oktobra s\u0101kum\u0101 ASV prezidents Donalds Tramps pied\u0101v\u0101ja Izra\u0113lai un &#8220;Ham\u0101s&#8221; savu 20 punktu pamiera <a href=\"https:\/\/www.lsm.lv\/raksts\/zinas\/arzemes\/03.10.2025-tramps-izvirza-ultimatu-hamas-miers-japanak-lidz-svetdienas-vakaram.a616973\/\" class=\"lsm-link\" data-type=\"article\" data-id=\"616973\" rel=\"nofollow noopener\" target=\"_blank\">pl\u0101nu<\/a>, uzsverot, ka ab\u0101m pus\u0113m tas j\u0101pie\u0146em. P\u0113c vair\u0101kas dienas ilg\u0101m netie\u0161\u0101m sarun\u0101m \u0112\u0123ipt\u0113 &#8220;Ham\u0101s&#8221; un Izra\u0113la pl\u0101nam <a href=\"https:\/\/www.lsm.lv\/raksts\/zinas\/arzemes\/10.10.2025-izraela-atbalsta-pamiera-vienosanos-ar-hamas-un-sak-atvilkt-karaspeku-no-gazas-joslas.a617798\/\" class=\"lsm-link\" data-type=\"article\" data-id=\"617798\" rel=\"nofollow noopener\" target=\"_blank\">piekrita<\/a>. Dr\u012bz p\u0113c tam Izra\u0113la s\u0101ka da\u013c\u0113ji atvilkt savus sp\u0113kus no Gazas joslas.<\/p>\n<p>                    Valodas k\u013c\u016bda rakst\u0101?<\/p>\n<p class=\"d-none d-md-block\">Iez\u012bm\u0113jiet tekstu un spiediet Ctrl+Enter, lai nos\u016bt\u012btu labojamo teksta fragmentu redaktoram! Par faktu k\u013c\u016bd\u0101m l\u016bdzam zi\u0146ot e-past\u0101 <a href=\"https:\/\/www.lsm.lv\/cdn-cgi\/l\/email-protection\" class=\"__cf_email__\" data-cfemail=\"c5b7a0a1a4aea6acafa485a9b6a8eba9b3\" rel=\"nofollow noopener\" target=\"_blank\">[email\u00a0protected]<\/a>.<\/p>\n<p class=\"d-md-none\">Iez\u012bm\u0113jiet tekstu un spiediet uz Zi\u0146ot par k\u013c\u016bdu pogas, lai nos\u016bt\u012btu labojamo teksta fragmentu redaktoram!<\/p>\n<p>\n                    Zi\u0146ot par k\u013c\u016bdu\n                <\/p>\n","protected":false},"excerpt":{"rendered":"Tuvajos Austrumos turpin\u0101s teroristisk\u0101 grup\u0113juma &#8220;Ham\u0101s&#8221;\u00a0nolaup\u012bto un boj\u0101g\u0101ju\u0161o \u0137\u012blnieku mekl\u0113\u0161anas darbi Gazas josl\u0101. &#8220;Ham\u0101s&#8221; ir nodevis Izra\u0113lai 15&hellip;\n","protected":false},"author":2,"featured_media":32337,"comment_status":"","ping_status":"","sticky":false,"template":"","format":"standard","meta":{"footnotes":""},"categories":[14],"tags":[23,57,28,29,32,33,22,30,31,35,39,38,36,37,34,40,20,26,27,24,25,54,55,56,21,58],"class_list":{"0":"post-32336","1":"post","2":"type-post","3":"status-publish","4":"format-standard","5":"has-post-thumbnail","7":"category-zinas-no-arvalstim","8":"tag-aktualitates","9":"tag-arvalstim","10":"tag-breaking-news","11":"tag-breakingnews","12":"tag-featured-news","13":"tag-featurednews","14":"tag-headlines","15":"tag-latest-news","16":"tag-latestnews","17":"tag-latvia","18":"tag-latvian","19":"tag-latviesu","20":"tag-latviesu-valoda","21":"tag-latviesuvaloda","22":"tag-latvija","23":"tag-lv","24":"tag-news","25":"tag-popularakas-zinas","26":"tag-popularakaszinas","27":"tag-top-stories","28":"tag-topstories","29":"tag-world","30":"tag-world-news","31":"tag-worldnews","32":"tag-zinas","33":"tag-zinas-no-arvalstim"},"share_on_mastodon":{"url":"https:\/\/pubeurope.com\/@lv\/115445402466505510","error":""},"_links":{"self":[{"href":"https:\/\/www.europesays.com\/lv\/wp-json\/wp\/v2\/posts\/32336","targetHints":{"allow":["GET"]}}],"collection":[{"href":"https:\/\/www.europesays.com\/lv\/wp-json\/wp\/v2\/posts"}],"about":[{"href":"https:\/\/www.europesays.com\/lv\/wp-json\/wp\/v2\/types\/post"}],"author":[{"embeddable":true,"href":"https:\/\/www.europesays.com\/lv\/wp-json\/wp\/v2\/users\/2"}],"replies":[{"embeddable":true,"href":"https:\/\/www.europesays.com\/lv\/wp-json\/wp\/v2\/comments?post=32336"}],"version-history":[{"count":0,"href":"https:\/\/www.europesays.com\/lv\/wp-json\/wp\/v2\/posts\/32336\/revisions"}],"wp:featuredmedia":[{"embeddable":true,"href":"https:\/\/www.europesays.com\/lv\/wp-json\/wp\/v2\/media\/32337"}],"wp:attachment":[{"href":"https:\/\/www.europesays.com\/lv\/wp-json\/wp\/v2\/media?parent=32336"}],"wp:term":[{"taxonomy":"category","embeddable":true,"href":"https:\/\/www.europesays.com\/lv\/wp-json\/wp\/v2\/categories?post=32336"},{"taxonomy":"post_tag","embeddable":true,"href":"https:\/\/www.europesays.com\/lv\/wp-json\/wp\/v2\/tags?post=32336"}],"curies":[{"name":"wp","href":"https:\/\/api.w.org\/{rel}","templated":true}]}}