{"id":32342,"date":"2025-10-27T09:25:08","date_gmt":"2025-10-27T09:25:08","guid":{"rendered":"https:\/\/www.europesays.com\/lv\/32342\/"},"modified":"2025-10-27T09:25:08","modified_gmt":"2025-10-27T09:25:08","slug":"silts-un-vel-siltaks-7-labakie-dzemperi-ko-iegadaties-soruden-lente-lv","status":"publish","type":"post","link":"https:\/\/www.europesays.com\/lv\/32342\/","title":{"rendered":"Silts un v\u0113l silt\u0101ks \u2013 7 lab\u0101kie d\u017eemperi, ko ieg\u0101d\u0101ties \u0161oruden\u00a0\u2014\u00a0Lente.lv"},"content":{"rendered":"<p>Rudens d\u017eemperi: silti, stil\u012bgi un neaizst\u0101jami 2025. gada sezon\u0101<\/p>\n<p>Rudens un ziema ir gadalaiki, kad \u012bpa\u0161i nov\u0113rt\u0113jam ap\u0123\u0113rba sp\u0113ju sniegt siltumu un m\u0101j\u012bgumu. \u0160aj\u0101 sezon\u0101 d\u017eemperi ne tikai pilda savu prim\u0101ro funkciju, bet ar\u012b k\u013c\u016bst par noz\u012bm\u012bgu stila elementu, kas sp\u0113j izteikt person\u012bbu un pie\u0161\u0137irt kopt\u0113lam neatk\u0101rtojamu raksturu. Modes tendences 2025. gad\u0101 pied\u0101v\u0101 pla\u0161u d\u017eemferu kl\u0101stu \u2013 no klasiskajiem piegriezumiem l\u012bdz pat apjom\u012bgiem un neparastiem dizainiem. Ticot principam &#8220;silts un v\u0113l silt\u0101ks&#8221;, d\u017eemperi k\u013c\u016bst par neatsveramu garderobes pamatu.<\/p>\n<p>Galven\u0101s d\u017eemferu tendences \u0161oruden<\/p>\n<p>\u0160ogad mod\u0113 domin\u0113 gan klasiskie, gan inovat\u012bvi piegriezumi. K\u0101 viens no galvenajiem akcentiem ir apjom\u012bgi, oversize d\u017eemperi, kas sniedz maksim\u0101lu komfortu un lieliski sader ar \u0161aur\u0101k\u0101m biks\u0113m vai sv\u0101rkiem, radot sabalans\u0113tu siluetu. T\u0101pat aktu\u0101li ir d\u017eemperu b\u0101zes mode\u013ci ar apa\u013cu vai V veida izgriezumu, kas kalpo k\u0101 lieliska pamata k\u0101rta zem \u017eaket\u0113m, krekliem vai vest\u0113m, \u013caujot eksperiment\u0113t ar sl\u0101\u0146o\u0161anas (layering) tendenci. Rokdarbu ietekme joproj\u0101m ir sp\u0113c\u012bga \u2013 pa\u0161tais\u012bti vai ar rok\u0101m ad\u012bti d\u017eemperi ar sare\u017e\u0123\u012btiem rakstiem, \u012bru ad\u012bjumiem vai biz\u0113m pie\u0161\u0137ir t\u0113lam unikalit\u0101ti un grezn\u012bbu. Modes dizaineri pied\u0101v\u0101 ar\u012b mode\u013cus ar interesantiem dizaina elementiem, piem\u0113ram, nolaistiem pleciem, pla\u0161\u0101m piedurkn\u0113m vai neparast\u0101m pog\u0101m, padarot pat vienk\u0101r\u0161\u0101ko d\u017eemperi par modes pieteikumu.<\/p>\n<p>Kr\u0101su palete: no klasisk\u0101s pieklusin\u0101t\u012bbas l\u012bdz drosm\u012bgiem akcentiem<\/p>\n<p>\u0160oruden \u012bpa\u0161u popularit\u0101ti bauda pel\u0113k\u0101 kr\u0101sa vis\u0101s t\u0101s nians\u0113s \u2013 no gai\u0161a miglaini pel\u0113ka l\u012bdz pies\u0101tin\u0101tam antrac\u012btam. T\u0101 tiek uzskat\u012bta par jauno melno, radot mier\u012bgu un elegantu iespaidu, kas lieliski papildina citus to\u0146us. Papildus pel\u0113kajam, mod\u0113 ir ar\u012b siltie zemes to\u0146i \u2013 \u0161okol\u0101des br\u016bnais, kamie\u013ckr\u0101sa un smil\u0161u kr\u0101sas, kas pie\u0161\u0137ir garderobei m\u0101j\u012bgumu un dabiskumu. Tom\u0113r, lai rad\u012btu spilgt\u0101kus akcentus, mod\u0113 ien\u0101k ar\u012b drosm\u012bgas kr\u0101sas \u2013 pies\u0101tin\u0101ti sarkans, ko\u0161i za\u013c\u0161 un dzi\u013ci purpursarkans. \u0160os intens\u012bvos to\u0146us ieteicams kombin\u0113t ar neitr\u0101liem pamata to\u0146iem, lai saglab\u0101tu l\u012bdzsvaru un rad\u012btu gaum\u012bgu kopt\u0113lu.<\/p>\n<p>Praktiskums un daudzpus\u012bba: d\u017eempera da\u017e\u0101d\u0101s lomas<\/p>\n<p>D\u017eemperis \u0161osezon ir vair\u0101k nek\u0101 tikai silts ap\u0123\u0113rbs. Tas var k\u013c\u016bt par aksesu\u0101ru, ko aplikt ap kaklu \u0161alles viet\u0101, t\u0101d\u0113j\u0101di dubultojot t\u0101 funkciju un atbalstot sl\u0101\u0146o\u0161anas tendenci. Da\u017e\u0101das p\u0113rl\u012btes, krist\u0101li, neparastas pogas un iz\u0161uvumi var pie\u0161\u0137irt ikdieni\u0161\u0137am d\u017eemlerim interesantu un unik\u0101lu izskatu, padarot to par vakart\u0113rpa papildin\u0101jumu. Savuk\u0101rt hibr\u012bda mode\u013ci, piem\u0113ram, kleitd\u017eemperi vai d\u017eemperi ar pagarin\u0101tu apkakli, kas p\u0101riet \u0161all\u0113, pied\u0101v\u0101 papildu siltumu un \u0113rtumu v\u0113saj\u0101s dien\u0101s. Pat vienk\u0101r\u0161\u0101kais d\u017eemperis ar apa\u013cu vai V veida izgriezumu, kas paz\u012bstams k\u0101 &#8220;b\u0101zes&#8221; d\u017eemperi, ir neat\u0146emams \u0161\u012bs sezonas elements, ko dizaineri pied\u0101v\u0101 kombin\u0113t ar v\u012brie\u0161u tipa krekliem, \u017eaket\u0113m, z\u012bmu\u013csv\u0101rkiem un pat sat\u012bna kleit\u0101m, demonstr\u0113jot t\u0101 univers\u0101lumu.<\/p>\n<p>Padomi d\u017eemfera izv\u0113lei un kop\u0161anai<\/p>\n<p>Izv\u0113loties d\u017eemperi, piev\u0113rsiet uzman\u012bbu materi\u0101lam \u2013 dab\u012bg\u0101s \u0161\u0137iedras, piem\u0113ram, vilna, ka\u0161mirs vai kokvilna, nodro\u0161in\u0101s gan siltumu, gan elpojam\u012bbu. Lai d\u017eemperi kalpotu ilg\u0101k un saglab\u0101tu savu formu, r\u016bp\u012bgi izp\u0113tiet kop\u0161anas instrukcijas. Da\u017e\u0101diem ad\u012bjumiem, piem\u0113ram, bie\u017eai vilk\u0161anai vai mazg\u0101\u0161anai, var rasties p\u016bkas, t\u0101p\u0113c elektriskais p\u016bku no\u0146\u0113m\u0113js var k\u013c\u016bt par noder\u012bgu r\u012bku. Kvalitat\u012bvs d\u017eemperis ir invest\u012bcija, kas pie\u0161\u0137irs stilu un siltumu j\u016bsu rudens un ziemas garderobei.<\/p>\n","protected":false},"excerpt":{"rendered":"Rudens d\u017eemperi: silti, stil\u012bgi un neaizst\u0101jami 2025. gada sezon\u0101 Rudens un ziema ir gadalaiki, kad \u012bpa\u0161i nov\u0113rt\u0113jam ap\u0123\u0113rba&hellip;\n","protected":false},"author":2,"featured_media":32343,"comment_status":"","ping_status":"","sticky":false,"template":"","format":"standard","meta":{"footnotes":""},"categories":[19],"tags":[9691,9690,89,90,35,39,38,36,37,34,40,3058,9397,9692],"class_list":{"0":"post-32342","1":"post","2":"type-post","3":"status-publish","4":"format-standard","5":"has-post-thumbnail","7":"category-izklaide","8":"tag-adijumi","9":"tag-dzemperi","10":"tag-entertainment","11":"tag-izklaide","12":"tag-latvia","13":"tag-latvian","14":"tag-latviesu","15":"tag-latviesu-valoda","16":"tag-latviesuvaloda","17":"tag-latvija","18":"tag-lv","19":"tag-modes-tendences","20":"tag-rudens-mode-2025","21":"tag-silti-dzemperi"},"share_on_mastodon":{"url":"https:\/\/pubeurope.com\/@lv\/115445414415587823","error":""},"_links":{"self":[{"href":"https:\/\/www.europesays.com\/lv\/wp-json\/wp\/v2\/posts\/32342","targetHints":{"allow":["GET"]}}],"collection":[{"href":"https:\/\/www.europesays.com\/lv\/wp-json\/wp\/v2\/posts"}],"about":[{"href":"https:\/\/www.europesays.com\/lv\/wp-json\/wp\/v2\/types\/post"}],"author":[{"embeddable":true,"href":"https:\/\/www.europesays.com\/lv\/wp-json\/wp\/v2\/users\/2"}],"replies":[{"embeddable":true,"href":"https:\/\/www.europesays.com\/lv\/wp-json\/wp\/v2\/comments?post=32342"}],"version-history":[{"count":0,"href":"https:\/\/www.europesays.com\/lv\/wp-json\/wp\/v2\/posts\/32342\/revisions"}],"wp:featuredmedia":[{"embeddable":true,"href":"https:\/\/www.europesays.com\/lv\/wp-json\/wp\/v2\/media\/32343"}],"wp:attachment":[{"href":"https:\/\/www.europesays.com\/lv\/wp-json\/wp\/v2\/media?parent=32342"}],"wp:term":[{"taxonomy":"category","embeddable":true,"href":"https:\/\/www.europesays.com\/lv\/wp-json\/wp\/v2\/categories?post=32342"},{"taxonomy":"post_tag","embeddable":true,"href":"https:\/\/www.europesays.com\/lv\/wp-json\/wp\/v2\/tags?post=32342"}],"curies":[{"name":"wp","href":"https:\/\/api.w.org\/{rel}","templated":true}]}}