{"id":32345,"date":"2025-10-27T09:28:08","date_gmt":"2025-10-27T09:28:08","guid":{"rendered":"https:\/\/www.europesays.com\/lv\/32345\/"},"modified":"2025-10-27T09:28:08","modified_gmt":"2025-10-27T09:28:08","slug":"luvras-aplaupitajiem-iespejams-palidzejis-muzeja-darbinieks-raksts","status":"publish","type":"post","link":"https:\/\/www.europesays.com\/lv\/32345\/","title":{"rendered":"Luvras aplaup\u012bt\u0101jiem, iesp\u0113jams, pal\u012bdz\u0113jis muzeja darbinieks \/ Raksts"},"content":{"rendered":"<p>Luvras apsardzes darbinieks kontakt\u0113jies ar \u0161om\u0113nes notiku\u0161\u0101s muzeja d\u0101rglietu z\u0101dz\u012bbas dal\u012bbniekiem pirms \u0161\u012b nozieguma pastr\u0101d\u0101\u0161anas, v\u0113sta britu laikraksts &#8220;Daily Telegraph&#8221;, atsaucoties uz izmekl\u0113\u0161anai tuviem avotiem.<\/p>\n<p>Noziedznieki sa\u0146\u0113mu\u0161i konfidenci\u0101lu iek\u0161\u0113jo inform\u0101ciju par muzeja dro\u0161\u012bbas sist\u0113mu un, pateicoties tai, zin\u0101ja, k\u0101 muzej\u0101 iek\u013c\u016bt, konstat\u0113ts izmekl\u0113\u0161an\u0101.<\/p>\n<p>&#8220;Digit\u0101lie pier\u0101d\u012bjumi&#8221; nor\u0101da uz k\u0101da Luvras darbinieka l\u012bdzdal\u012bbu, teikts publik\u0101cij\u0101.<\/p>\n<p>Par\u012bzes prokurore Laura Beko apstiprin\u0101ja, ka policija p\u0101rbauda versiju, ka noziedzniekiem pal\u012bdz\u0113jis k\u0101ds Luvras darbinieks.<\/p>\n<blockquote>\n<p>&#8220;M\u0113s izskat\u0101m visas versijas. Iesp\u0113ja par l\u012bdzdal\u012bbu muzeja iek\u0161ien\u0113 tiks r\u016bp\u012bgi p\u0101rbaud\u012bta, t\u0101pat k\u0101 visas citi varianti,&#8221; nor\u0101d\u012bja prokurore.<\/p>\n<\/blockquote>\n<p>19. oktobr\u012b mask\u0101s t\u0113rpti noziedznieki ielauz\u0101s Luvr\u0101 un nozaga devi\u0146us ekspon\u0101tus no imperatoru kolekcijas, ar\u012b Napoleonam un vi\u0146a sievai \u017dozef\u012bnei piedero\u0161as rotaslietas. Nolaup\u012bto d\u0101rglietu v\u0113rt\u012bba tiek l\u0113sta 88 miljonu eiro apm\u0113r\u0101.<\/p>\n<p>P\u0113c ned\u0113\u013cas Francijas mediji v\u0113st\u012bja, ka divi no \u010detriem aizdom\u0101s par z\u0101dz\u012bbu turamajiem aiztur\u0113ti.<\/p>\n<p>Viens no vi\u0146iem tika aiztur\u0113ts Par\u012bzes \u0160arla de Golla lidost\u0101 pirms iek\u0101p\u0161anas lidma\u0161\u012bn\u0101, kas dev\u0101s uz Al\u017e\u012briju.<\/p>\n<p>Otrs tika aiztur\u0113ts S\u0113nas-Senden\u012b departament\u0101.<\/p>\n<p>Par\u012bzes prokurat\u016bra apstiprin\u0101ja aizdom\u0101s turamo aiztur\u0113\u0161anu.<\/p>\n<p>                    Valodas k\u013c\u016bda rakst\u0101?<\/p>\n<p class=\"d-none d-md-block\">Iez\u012bm\u0113jiet tekstu un spiediet Ctrl+Enter, lai nos\u016bt\u012btu labojamo teksta fragmentu redaktoram! Par faktu k\u013c\u016bd\u0101m l\u016bdzam zi\u0146ot e-past\u0101 <a href=\"https:\/\/www.lsm.lv\/cdn-cgi\/l\/email-protection\" class=\"__cf_email__\" data-cfemail=\"47352223262c242e2d26072b342a692b31\" rel=\"nofollow noopener\" target=\"_blank\">[email\u00a0protected]<\/a>.<\/p>\n<p class=\"d-md-none\">Iez\u012bm\u0113jiet tekstu un spiediet uz Zi\u0146ot par k\u013c\u016bdu pogas, lai nos\u016bt\u012btu labojamo teksta fragmentu redaktoram!<\/p>\n<p>\n                    Zi\u0146ot par k\u013c\u016bdu\n                <\/p>\n","protected":false},"excerpt":{"rendered":"Luvras apsardzes darbinieks kontakt\u0113jies ar \u0161om\u0113nes notiku\u0161\u0101s muzeja d\u0101rglietu z\u0101dz\u012bbas dal\u012bbniekiem pirms \u0161\u012b nozieguma pastr\u0101d\u0101\u0161anas, v\u0113sta britu laikraksts&hellip;\n","protected":false},"author":2,"featured_media":32346,"comment_status":"","ping_status":"","sticky":false,"template":"","format":"standard","meta":{"footnotes":""},"categories":[14],"tags":[23,57,28,29,32,33,22,30,31,35,39,38,36,37,34,40,20,26,27,24,25,54,55,56,21,58],"class_list":{"0":"post-32345","1":"post","2":"type-post","3":"status-publish","4":"format-standard","5":"has-post-thumbnail","7":"category-zinas-no-arvalstim","8":"tag-aktualitates","9":"tag-arvalstim","10":"tag-breaking-news","11":"tag-breakingnews","12":"tag-featured-news","13":"tag-featurednews","14":"tag-headlines","15":"tag-latest-news","16":"tag-latestnews","17":"tag-latvia","18":"tag-latvian","19":"tag-latviesu","20":"tag-latviesu-valoda","21":"tag-latviesuvaloda","22":"tag-latvija","23":"tag-lv","24":"tag-news","25":"tag-popularakas-zinas","26":"tag-popularakaszinas","27":"tag-top-stories","28":"tag-topstories","29":"tag-world","30":"tag-world-news","31":"tag-worldnews","32":"tag-zinas","33":"tag-zinas-no-arvalstim"},"share_on_mastodon":{"url":"https:\/\/pubeurope.com\/@lv\/115445426062154232","error":""},"_links":{"self":[{"href":"https:\/\/www.europesays.com\/lv\/wp-json\/wp\/v2\/posts\/32345","targetHints":{"allow":["GET"]}}],"collection":[{"href":"https:\/\/www.europesays.com\/lv\/wp-json\/wp\/v2\/posts"}],"about":[{"href":"https:\/\/www.europesays.com\/lv\/wp-json\/wp\/v2\/types\/post"}],"author":[{"embeddable":true,"href":"https:\/\/www.europesays.com\/lv\/wp-json\/wp\/v2\/users\/2"}],"replies":[{"embeddable":true,"href":"https:\/\/www.europesays.com\/lv\/wp-json\/wp\/v2\/comments?post=32345"}],"version-history":[{"count":0,"href":"https:\/\/www.europesays.com\/lv\/wp-json\/wp\/v2\/posts\/32345\/revisions"}],"wp:featuredmedia":[{"embeddable":true,"href":"https:\/\/www.europesays.com\/lv\/wp-json\/wp\/v2\/media\/32346"}],"wp:attachment":[{"href":"https:\/\/www.europesays.com\/lv\/wp-json\/wp\/v2\/media?parent=32345"}],"wp:term":[{"taxonomy":"category","embeddable":true,"href":"https:\/\/www.europesays.com\/lv\/wp-json\/wp\/v2\/categories?post=32345"},{"taxonomy":"post_tag","embeddable":true,"href":"https:\/\/www.europesays.com\/lv\/wp-json\/wp\/v2\/tags?post=32345"}],"curies":[{"name":"wp","href":"https:\/\/api.w.org\/{rel}","templated":true}]}}