{"id":32357,"date":"2025-10-27T09:37:09","date_gmt":"2025-10-27T09:37:09","guid":{"rendered":"https:\/\/www.europesays.com\/lv\/32357\/"},"modified":"2025-10-27T09:37:09","modified_gmt":"2025-10-27T09:37:09","slug":"kimai-kardasjanai-konstateta-smadzenu-aneirisma","status":"publish","type":"post","link":"https:\/\/www.europesays.com\/lv\/32357\/","title":{"rendered":"Kimai Karda\u0161janai konstat\u0113ta smadze\u0146u aneirisma"},"content":{"rendered":"<blockquote class=\"quote ck-widget\" contenteditable=\"false\">\n<p>Smadze\u0146u aneirisma ir maisveida papla\u0161in\u0101jums k\u0101d\u0101 no galvas smadze\u0146u art\u0113rij\u0101m. T\u0101s ra\u0161anos var veicin\u0101t ilgsto\u0161s stress.<\/p>\n<\/blockquote>\n<p>Kima uzskata, ka pie diagnozes ir vainojams vi\u0146as biju\u0161ais v\u012brs <a href=\"https:\/\/sejas.tvnet.lv\/term\/556273\/kanje-vests\" class=\"topicLink\" target=\"_blank\" rel=\"nofollow noopener\">Kanje Vests<\/a>, jo abu \u0161\u0137ir\u0161an\u0101s sast\u0101v\u0113jusi no str\u012bdiem un skand\u0101liem.<\/p>\n<p><img decoding=\"async\" class=\"figure__image\" onclick=\"triggerEvent('articleImageClick', { id: 14248630, focus: 'single-image', focusIndex: '14248630' })\" onkeydown=\"if (event.key === 'Enter') {&#10;        triggerEvent('articleImageClick', { id: 14248630, focus: 'single-image', focusIndex: '14248630' })&#10;        }\" role=\"button\" tabindex=\"0\" data-focus-from=\"single-image\" data-focus-index=\"14248630\" src=\"https:\/\/www.europesays.com\/lv\/wp-content\/uploads\/2025\/10\/14248630t1hb359.jpg\" onload=\"this.parentElement.classList.remove('figure__image-loading')\" alt=\"Kanje Vests un Kima Karda\u0161jana\"\/>Kanje Vests un Kima Karda\u0161jana Foto: AP\/Scanpix<\/p>\n<p>Pag\u0101ju\u0161aj\u0101 ned\u0113\u013c\u0101 ar\u012b <a href=\"https:\/\/sejas.tvnet.lv\/term\/556091\/kima-kardasjana\" class=\"topicLink\" target=\"_blank\" rel=\"nofollow noopener\">Kima Karda\u0161jana<\/a> atkl\u0101ja, ka toksiskaj\u0101s attiec\u012bb\u0101s ar amerik\u0101\u0146u reperi Kanji Vestu izjutusi &#8220;Stokholmas sindromu&#8221;.<\/p>\n<p>&#8220;Es dom\u0101ju, ka man bija neliels <a target=\"_blank\" rel=\"noopener noreferrer nofollow\" href=\"https:\/\/sejas.tvnet.lv\/term\/806994\/stokholmas-sindroms\">Stokholmas sindroms<\/a>. Es vienm\u0113r jutos \u013coti slikti un grib\u0113ju vi\u0146am pal\u012bdz\u0113t,&#8221; teica Kima.<\/p>\n<p><img decoding=\"async\" class=\"figure__image\" onclick=\"triggerEvent('articleImageClick', { id: 14404853, focus: 'single-image', focusIndex: '14404853' })\" onkeydown=\"if (event.key === 'Enter') {&#10;        triggerEvent('articleImageClick', { id: 14404853, focus: 'single-image', focusIndex: '14404853' })&#10;        }\" role=\"button\" tabindex=\"0\" data-focus-from=\"single-image\" data-focus-index=\"14404853\" src=\"https:\/\/www.europesays.com\/lv\/wp-content\/uploads\/2025\/10\/1761557829_52_14404853t1heec9.jpg\" onload=\"this.parentElement.classList.remove('figure__image-loading')\" alt=\"Kima Karda\u0161jana un Kanje Vests\"\/>Kima Karda\u0161jana un Kanje Vests Foto: Reuters\/ScanPix<\/p>\n<p>K\u0101 zin\u0101ms, reperis Kanje Vests cie\u0161 no bipol\u0101rajiem trauc\u0113jumiem un laul\u012bb\u0101 Kima gadiem cietusi no Vesta toksisk\u0101s attieksmes. Abi apprec\u0113j\u0101s 2014. gad\u0101, iz\u0161\u0137\u012br\u0101s p\u0113c asto\u0146iem gadiem un ir vec\u0101ki \u010detriem b\u0113rniem.<\/p>\n","protected":false},"excerpt":{"rendered":"Smadze\u0146u aneirisma ir maisveida papla\u0161in\u0101jums k\u0101d\u0101 no galvas smadze\u0146u art\u0113rij\u0101m. T\u0101s ra\u0161anos var veicin\u0101t ilgsto\u0161s stress. Kima uzskata,&hellip;\n","protected":false},"author":2,"featured_media":32358,"comment_status":"","ping_status":"","sticky":false,"template":"","format":"standard","meta":{"footnotes":""},"categories":[19],"tags":[89,90,9031,3398,35,39,38,36,37,34,40],"class_list":{"0":"post-32357","1":"post","2":"type-post","3":"status-publish","4":"format-standard","5":"has-post-thumbnail","7":"category-izklaide","8":"tag-entertainment","9":"tag-izklaide","10":"tag-kanje-vests","11":"tag-kima-kardasjana","12":"tag-latvia","13":"tag-latvian","14":"tag-latviesu","15":"tag-latviesu-valoda","16":"tag-latviesuvaloda","17":"tag-latvija","18":"tag-lv"},"share_on_mastodon":{"url":"https:\/\/pubeurope.com\/@lv\/115445461669099563","error":""},"_links":{"self":[{"href":"https:\/\/www.europesays.com\/lv\/wp-json\/wp\/v2\/posts\/32357","targetHints":{"allow":["GET"]}}],"collection":[{"href":"https:\/\/www.europesays.com\/lv\/wp-json\/wp\/v2\/posts"}],"about":[{"href":"https:\/\/www.europesays.com\/lv\/wp-json\/wp\/v2\/types\/post"}],"author":[{"embeddable":true,"href":"https:\/\/www.europesays.com\/lv\/wp-json\/wp\/v2\/users\/2"}],"replies":[{"embeddable":true,"href":"https:\/\/www.europesays.com\/lv\/wp-json\/wp\/v2\/comments?post=32357"}],"version-history":[{"count":0,"href":"https:\/\/www.europesays.com\/lv\/wp-json\/wp\/v2\/posts\/32357\/revisions"}],"wp:featuredmedia":[{"embeddable":true,"href":"https:\/\/www.europesays.com\/lv\/wp-json\/wp\/v2\/media\/32358"}],"wp:attachment":[{"href":"https:\/\/www.europesays.com\/lv\/wp-json\/wp\/v2\/media?parent=32357"}],"wp:term":[{"taxonomy":"category","embeddable":true,"href":"https:\/\/www.europesays.com\/lv\/wp-json\/wp\/v2\/categories?post=32357"},{"taxonomy":"post_tag","embeddable":true,"href":"https:\/\/www.europesays.com\/lv\/wp-json\/wp\/v2\/tags?post=32357"}],"curies":[{"name":"wp","href":"https:\/\/api.w.org\/{rel}","templated":true}]}}