{"id":32361,"date":"2025-10-27T09:40:17","date_gmt":"2025-10-27T09:40:17","guid":{"rendered":"https:\/\/www.europesays.com\/lv\/32361\/"},"modified":"2025-10-27T09:40:17","modified_gmt":"2025-10-27T09:40:17","slug":"orbans-nosauca-par-cirku-eiropas-savienibas-iedzivotaju-iebiedesanu-ar-krieviju","status":"publish","type":"post","link":"https:\/\/www.europesays.com\/lv\/32361\/","title":{"rendered":"Orb\u0101ns nosauca par cirku Eiropas Savien\u012bbas iedz\u012bvot\u0101ju iebied\u0113\u0161anu ar Krieviju"},"content":{"rendered":"<p>Ung\u0101rijas premjerministrs Orb\u0101ns nosauca par cirku Eiropas Savien\u012bbas iedz\u012bvot\u0101ju iebied\u0113\u0161anu ar Krieviju.<\/p>\n<p>Politisko elitu m\u0113\u0123in\u0101jums Eiropas Savien\u012bbas (ES) valst\u012bs iebied\u0113t savus pilso\u0146us ar m\u012btu par Krievijas draudiem paties\u012bb\u0101 ir cirks, kuru ir j\u0101p\u0101rtrauc. To pazi\u0146oja Ung\u0101rijas premjerministrs Viktors Orb\u0101ns, zi\u0146o a\u0123ent\u016bra Reuters.<\/p>\n<p>\u201eVi\u0146i tik \u013coti maldin\u0101ja savus pilso\u0146us ar \u0161\u012bm pasak\u0101m par to, ka n\u0101ks krievi un t\u016bl\u012bt j\u016bs visus \u201eap\u0113d\u012bs\u201d vakar\u0101 Par\u012bz\u0113 vai Berl\u012bn\u0113, ka ir \u013coti gr\u016bti atgriezties no \u0161\u012b kara psihozes un kara retorikas norm\u0101l\u0101 st\u0101vokl\u012b,\u201d uzsv\u0113ra politi\u0137is.<\/p>\n<p>Ung\u0101rijas vald\u012bbas vad\u012bt\u0101js ar\u012b aicin\u0101ja p\u0101rtraukt eskal\u0101ciju attiec\u012bb\u0101s ar Krieviju un mekl\u0113t ce\u013cus mier\u012bgai l\u012bdz\u0101spast\u0101v\u0113\u0161anai.<\/p>\n<p>Iepriek\u0161 Orb\u0101ns pazi\u0146oja, ka Eirop\u0101 neb\u016bs ekonomisk\u0101s izaugsmes, kam\u0113r turpin\u0101s konflikts Ukrain\u0101, jo eiropie\u0161i nodod savus naudas l\u012bdzek\u013cus Kijivai. Par to vi\u0146\u0161 pazi\u0146oja daudzu t\u016bksto\u0161u \u201eMiera g\u0101jiena\u201d laik\u0101, kas notika 23. oktobr\u012b, atbalstot politi\u0137i.<\/p>\n","protected":false},"excerpt":{"rendered":"Ung\u0101rijas premjerministrs Orb\u0101ns nosauca par cirku Eiropas Savien\u012bbas iedz\u012bvot\u0101ju iebied\u0113\u0161anu ar Krieviju. Politisko elitu m\u0113\u0123in\u0101jums Eiropas Savien\u012bbas (ES)&hellip;\n","protected":false},"author":2,"featured_media":32362,"comment_status":"","ping_status":"","sticky":false,"template":"","format":"standard","meta":{"footnotes":""},"categories":[14],"tags":[23,57,28,29,32,33,22,30,31,35,39,38,36,37,34,40,20,26,27,24,25,54,55,56,21,58],"class_list":{"0":"post-32361","1":"post","2":"type-post","3":"status-publish","4":"format-standard","5":"has-post-thumbnail","7":"category-zinas-no-arvalstim","8":"tag-aktualitates","9":"tag-arvalstim","10":"tag-breaking-news","11":"tag-breakingnews","12":"tag-featured-news","13":"tag-featurednews","14":"tag-headlines","15":"tag-latest-news","16":"tag-latestnews","17":"tag-latvia","18":"tag-latvian","19":"tag-latviesu","20":"tag-latviesu-valoda","21":"tag-latviesuvaloda","22":"tag-latvija","23":"tag-lv","24":"tag-news","25":"tag-popularakas-zinas","26":"tag-popularakaszinas","27":"tag-top-stories","28":"tag-topstories","29":"tag-world","30":"tag-world-news","31":"tag-worldnews","32":"tag-zinas","33":"tag-zinas-no-arvalstim"},"share_on_mastodon":{"url":"https:\/\/pubeurope.com\/@lv\/115445473434214871","error":""},"_links":{"self":[{"href":"https:\/\/www.europesays.com\/lv\/wp-json\/wp\/v2\/posts\/32361","targetHints":{"allow":["GET"]}}],"collection":[{"href":"https:\/\/www.europesays.com\/lv\/wp-json\/wp\/v2\/posts"}],"about":[{"href":"https:\/\/www.europesays.com\/lv\/wp-json\/wp\/v2\/types\/post"}],"author":[{"embeddable":true,"href":"https:\/\/www.europesays.com\/lv\/wp-json\/wp\/v2\/users\/2"}],"replies":[{"embeddable":true,"href":"https:\/\/www.europesays.com\/lv\/wp-json\/wp\/v2\/comments?post=32361"}],"version-history":[{"count":0,"href":"https:\/\/www.europesays.com\/lv\/wp-json\/wp\/v2\/posts\/32361\/revisions"}],"wp:featuredmedia":[{"embeddable":true,"href":"https:\/\/www.europesays.com\/lv\/wp-json\/wp\/v2\/media\/32362"}],"wp:attachment":[{"href":"https:\/\/www.europesays.com\/lv\/wp-json\/wp\/v2\/media?parent=32361"}],"wp:term":[{"taxonomy":"category","embeddable":true,"href":"https:\/\/www.europesays.com\/lv\/wp-json\/wp\/v2\/categories?post=32361"},{"taxonomy":"post_tag","embeddable":true,"href":"https:\/\/www.europesays.com\/lv\/wp-json\/wp\/v2\/tags?post=32361"}],"curies":[{"name":"wp","href":"https:\/\/api.w.org\/{rel}","templated":true}]}}