{"id":32381,"date":"2025-10-27T09:55:07","date_gmt":"2025-10-27T09:55:07","guid":{"rendered":"https:\/\/www.europesays.com\/lv\/32381\/"},"modified":"2025-10-27T09:55:07","modified_gmt":"2025-10-27T09:55:07","slug":"amd-sagatavo-pieejamu-3d-v-cache-risinajumu-am5-platformai-nopludis-ryzen-5-7500x3d-lente-lv","status":"publish","type":"post","link":"https:\/\/www.europesays.com\/lv\/32381\/","title":{"rendered":"AMD sagatavo pieejamu 3D V-Cache risin\u0101jumu AM5 platformai: Nopl\u016bdis Ryzen 5 7500X3D\u00a0\u2014\u00a0Lente.lv"},"content":{"rendered":"<p>Jaun\u0101k\u0101s V\u0113stis par AMD Procesoriem<\/p>\n<p>AMD, tehnolo\u0123iju gigants, nep\u0101rtraukti papla\u0161ina savu le\u0123end\u0101ro 3D V-Cache tehnolo\u0123iju kl\u0101stu, un jaun\u0101k\u0101s nopl\u016bdes liecina par gaid\u0101mo Ryzen 5 7500X3D procesoru. \u0160is se\u0161u kodolu darba zirgs, balst\u012bts uz moderna Zen 4 arhitekt\u016bras, sola k\u013c\u016bt par vispieejam\u0101ko AM5 platformas procesoru, kas apr\u012bkots ar \u0161o iespaid\u012bgo papildu ke\u0161atmi\u0146as sl\u0101ni. Pirmais sign\u0101ls par \u0161o jauno mikrosh\u0113mu par\u0101d\u012bj\u0101s Lielbrit\u0101nijas mazumtirgot\u0101ja Westcoast UK sist\u0113m\u0101, kur tika paman\u012bts unik\u0101ls procesora kods (100-000001904), kas nesakr\u012bt ar nevienu iepriek\u0161 zin\u0101mo AMD modeli. \u0160is atkl\u0101jums praktiski apstiprina baumas par jauna, aizraujo\u0161a AMD \u010dipa ra\u0161anos.<\/p>\n<p>Tehnisk\u0101s Specifik\u0101cijas un Sp\u0113les Jauda<\/p>\n<p>P\u0113c provizoriskiem datiem, Ryzen 5 7500X3D pied\u0101v\u0101s se\u0161us kodolus un divpadsmit pavedienus, l\u012bdz\u012bgi k\u0101 standarta Ryzen 5 7500. Ta\u010du galven\u0101 at\u0161\u0137ir\u012bba un t\u0101 sauktais &#8220;burvju triks&#8221; sl\u0113pjas papildu 3D V-Cache sl\u0101n\u012b. \u0160\u012b tehnolo\u0123ija ir paz\u012bstama ar savu sp\u0113ju krasi uzlabot sp\u0113\u013cu veiktsp\u0113ju, sniedzot milz\u012bgu FPS pieaugumu pat bez b\u016btiskiem takts frekven\u010du palielin\u0101jumiem. Kop\u0113jais ke\u0161atmi\u0146as apjoms, ieskaitot L2, L3 un papildu 3D-ke\u0161u, var sasniegt iespaid\u012bgus 102 MB, atg\u0101dinot iepriek\u0161\u0113jo X3D mode\u013cu kapacit\u0101ti. Gaid\u0101ms, ka procesora TDP b\u016bs 65 W, bet t\u0101 takts frekvence var\u0113tu b\u016bt nedaudz zem\u0101ka nek\u0101 Ryzen 5 7600X3D \u2013 aptuveni 300-400 MHz maz\u0101ka nek\u0101 4.7 GHz robe\u017ea. Tom\u0113r svar\u012bg\u0101kais ieguvums \u0161eit nav tik daudz \u0101trums, cik efektivit\u0101te \u2013 ke\u0161atmi\u0146a nodro\u0161ina iev\u0113rojamu snieguma k\u0101pumu sp\u0113l\u0113s, turkl\u0101t bez papildu ener\u0123ijas pat\u0113ri\u0146a.<\/p>\n<p>3D V-Cache: Atsl\u0113ga AMD Pan\u0101kumiem Sp\u0113l\u0113s<\/p>\n<p>3D V-Cache tehnolo\u0123ija, kas pirmo reizi tika ieviesta 2022. gad\u0101, ir k\u013cuvusi par b\u016btisku elementu AMD strat\u0113\u0123ij\u0101 c\u012b\u0146\u0101 ar Intel sp\u0113\u013cu procesoru tirg\u016b. T\u0101 ir \u013c\u0101vusi t\u0101diem mode\u013ciem k\u0101 Ryzen 7 5800X3D un Ryzen 7 7800X3D p\u0101rsp\u0113t pat konkur\u0113jo\u0161us risin\u0101jumus ar augst\u0101k\u0101m takts frekvenc\u0113m. Ryzen 5 7500X3D var\u0113tu k\u013c\u016bt par tie\u0161u Ryzen 5 5600X3D (no AM4 platformas) p\u0113cteci, ta\u010du ar modern\u0101 AM5 ligzdas priek\u0161roc\u012bb\u0101m. Tas noz\u012bm\u0113 pilnu atbalstu DDR5 atmi\u0146ai un PCIe 5.0 saskarnei, padarot sist\u0113mu daudz notur\u012bg\u0101ku pret n\u0101kotnes pras\u012bb\u0101m.<\/p>\n<p>Gaid\u0101mais Izlaidums un Cenu Pozicion\u0113jums<\/p>\n<p>Iepriek\u0161\u0113jie X3D procesori, \u012bpa\u0161i 7600X3D un 7800X3D, ir demonstr\u0113ju\u0161i fenomen\u0101lus rezult\u0101tus sp\u0113l\u0113s, pateicoties zem\u0101k\u0101m aizkaves laikiem un palielin\u0101tajai ke\u0161atmi\u0146ai. T\u0101d\u0113\u013c jaunais 7500X3D modelis var k\u013c\u016bt par patiesu &#8220;tautas procesoru&#8221; sp\u0113l\u0113t\u0101jiem, kuri v\u0113las maksim\u0101lu veiktsp\u0113ju bez p\u0101rm\u0113r\u012bgas cenas. Lai gan ofici\u0101ls izlai\u0161anas datums v\u0113l nav zin\u0101ms, avoti nor\u0101da, ka AMD var\u0113tu prezent\u0113t Ryzen 5 7500X3D CES 2026 izst\u0101d\u0113, kas ir aptuveni p\u0113c desmit ned\u0113\u013c\u0101m. Tas b\u016btu lo\u0123isks solis, jo AMD tradicion\u0101li izmanto CES, lai atjaunotu savas Ryzen s\u0113rijas. Cenas zi\u0146\u0101 jaunais procesors, visticam\u0101k, b\u016bs l\u0113t\u0101ks par 7600X3D (kas maks\u0101 ap 299 USD). Sprie\u017eot p\u0113c tirgus lo\u0123ikas, 7500X3D var\u0113tu maks\u0101t diapazon\u0101 no 249 l\u012bdz 269 USD, padarot to par vispieejam\u0101ko X3D procesoru AM5 platformai. Iepriek\u0161 par\u0101d\u012bj\u0101s ar\u012b baumas par Ryzen 5 9600X3D un Ryzen 9 9950X3D2 procesoriem, kuru izlai\u0161ana ar\u012b gaid\u0101ma 2026. gad\u0101.<\/p>\n","protected":false},"excerpt":{"rendered":"Jaun\u0101k\u0101s V\u0113stis par AMD Procesoriem AMD, tehnolo\u0123iju gigants, nep\u0101rtraukti papla\u0161ina savu le\u0123end\u0101ro 3D V-Cache tehnolo\u0123iju kl\u0101stu, un jaun\u0101k\u0101s&hellip;\n","protected":false},"author":2,"featured_media":32382,"comment_status":"","ping_status":"","sticky":false,"template":"","format":"standard","meta":{"footnotes":""},"categories":[19],"tags":[9709,9710,9708,89,90,35,39,38,36,37,34,40,9712,9711],"class_list":{"0":"post-32381","1":"post","2":"type-post","3":"status-publish","4":"format-standard","5":"has-post-thumbnail","7":"category-izklaide","8":"tag-3d-v-cache","9":"tag-am5-procesori","10":"tag-amd-ryzen-5-7500x3d","11":"tag-entertainment","12":"tag-izklaide","13":"tag-latvia","14":"tag-latvian","15":"tag-latviesu","16":"tag-latviesu-valoda","17":"tag-latviesuvaloda","18":"tag-latvija","19":"tag-lv","20":"tag-noplude","21":"tag-spelu-procesori"},"share_on_mastodon":{"url":"https:\/\/pubeurope.com\/@lv\/115445532126733495","error":""},"_links":{"self":[{"href":"https:\/\/www.europesays.com\/lv\/wp-json\/wp\/v2\/posts\/32381","targetHints":{"allow":["GET"]}}],"collection":[{"href":"https:\/\/www.europesays.com\/lv\/wp-json\/wp\/v2\/posts"}],"about":[{"href":"https:\/\/www.europesays.com\/lv\/wp-json\/wp\/v2\/types\/post"}],"author":[{"embeddable":true,"href":"https:\/\/www.europesays.com\/lv\/wp-json\/wp\/v2\/users\/2"}],"replies":[{"embeddable":true,"href":"https:\/\/www.europesays.com\/lv\/wp-json\/wp\/v2\/comments?post=32381"}],"version-history":[{"count":0,"href":"https:\/\/www.europesays.com\/lv\/wp-json\/wp\/v2\/posts\/32381\/revisions"}],"wp:featuredmedia":[{"embeddable":true,"href":"https:\/\/www.europesays.com\/lv\/wp-json\/wp\/v2\/media\/32382"}],"wp:attachment":[{"href":"https:\/\/www.europesays.com\/lv\/wp-json\/wp\/v2\/media?parent=32381"}],"wp:term":[{"taxonomy":"category","embeddable":true,"href":"https:\/\/www.europesays.com\/lv\/wp-json\/wp\/v2\/categories?post=32381"},{"taxonomy":"post_tag","embeddable":true,"href":"https:\/\/www.europesays.com\/lv\/wp-json\/wp\/v2\/tags?post=32381"}],"curies":[{"name":"wp","href":"https:\/\/api.w.org\/{rel}","templated":true}]}}