{"id":32391,"date":"2025-10-27T10:05:14","date_gmt":"2025-10-27T10:05:14","guid":{"rendered":"https:\/\/www.europesays.com\/lv\/32391\/"},"modified":"2025-10-27T10:05:14","modified_gmt":"2025-10-27T10:05:14","slug":"jekabpili-jau-desmito-reizi-vares-sanemt-bezmaksas-mediku-palidzibu-jekabpils-laiks-jekabpils-zinas","status":"publish","type":"post","link":"https:\/\/www.europesays.com\/lv\/32391\/","title":{"rendered":"J\u0113kabpil\u012b jau desmito reizi var\u0113s sa\u0146emt bezmaksas medi\u0137u pal\u012bdz\u012bbu \/ J\u0113kabpils Laiks: J\u0113kabpils zi\u0146as"},"content":{"rendered":"<p>J\u0113kabpils re\u0123ion\u0101laj\u0101 slimn\u012bc\u0101 20. un 21. novembr\u012b norisin\u0101sies jau desmit\u0101 labdar\u012bbas akcija \u201cDz\u012bvo vesels\u201d, kuras m\u0113r\u0137is ir nodro\u0161in\u0101t bezmaksas konsult\u0101cijas un mazinvaz\u012bvas \u0137irur\u0123iskas manipul\u0101cijas soci\u0101li mazaizsarg\u0101tiem iedz\u012bvot\u0101jiem \u2013 pension\u0101riem, person\u0101m ar invalidit\u0101ti, politiski repres\u0113t\u0101m person\u0101m, k\u0101 ar\u012b tr\u016bc\u012bg\u0101m un maznodro\u0161in\u0101t\u0101m person\u0101m J\u0113kabpils novad\u0101.<\/p>\n<p>\u0160ogad akcijas ietvaros pl\u0101nots veikt l\u012bdz 10 oper\u0101cij\u0101m un sniegt konsult\u0101cijas vismaz 150 pacientiem.<\/p>\n<p>Akcijas laik\u0101 pacientiem b\u016bs iesp\u0113ja sa\u0146emt pal\u012bdz\u012bbu:<\/p>\n<ul>&#13;<\/p>\n<li>ortop\u0113disku un traumatolo\u0123isku probl\u0113mu gad\u012bjum\u0101 \u2013 plecu, ce\u013cu, g\u016b\u017eu, plaukstu vai p\u0113du loc\u012btavu saslim\u0161anu un traumu gad\u012bjumos, k\u0101 ar\u012b muguras s\u0101pju un sai\u0161u boj\u0101jumu \u0101rst\u0113\u0161an\u0101;<\/li>\n<p>&#13;<\/p>\n<li>v\u0113dera tr\u016bces un \u017eultsakme\u0146u slim\u012bbu gad\u012bjumos, \u012bpa\u0161i, ja nov\u0113rotas s\u0101pju vai iekaisuma epizodes;<\/li>\n<p>&#13;<\/p>\n<li>nefrolo\u0123isku, kardiolo\u0123isku, ginekolo\u0123isku un dermatolo\u0123isku saslim\u0161anu gad\u012bjumos;<\/li>\n<p>&#13;<\/p>\n<li>redzes p\u0101rbaud\u0113m un redzes korekcijai ar brill\u0113m vai kontaktl\u0113c\u0101m;<\/li>\n<p>&#13;<\/p>\n<li>p\u0113du apr\u016bpei, diagnostikai, \u0101rst\u0113\u0161anai un rehabilit\u0101cijai.<\/li>\n<p>&#13;<\/p>\n<li>Pacienti var\u0113s veikt ar\u012b ehokardiogrammu jeb sirds ultrasonogr\u0101fiju, ko nodro\u0161in\u0101s kardiolo\u0123e Sigita V\u012bksne\u2013Bern\u0101ne.<\/li>\n<p>&#13;\n<\/ul>\n<p>\u0160ogad dal\u012bbu labdar\u012bbas akcij\u0101 apstiprin\u0101ju\u0161i daudzi pieredz\u0113ju\u0161i speci\u0101listi:<\/p>\n<ul>&#13;<\/p>\n<li>Traumatologi\u2013ortop\u0113di: Kaspars \u016adris, Mykola Kuvaldin<\/li>\n<p>&#13;<\/p>\n<li>\u0136irurgi: Juris Larnovskis, Kristaps \u0160tolcers<\/li>\n<p>&#13;<\/p>\n<li>Urologs: M\u0101ris Vlaz\u0146evs<\/li>\n<p>&#13;<\/p>\n<li>Anesteziologi: Mareks Andru\u0161kevi\u010ds, Jurijs Bormotovs, Evita B\u012bne<\/li>\n<p>&#13;\n<\/ul>\n<p>Konsult\u0101ciju un oper\u0101ciju nodro\u0161in\u0101\u0161an\u0101 iesaist\u012bsies ar\u012b J\u0113kabpils re\u0123ion\u0101l\u0101s slimn\u012bcas Dienas stacion\u0101ra, Ambulator\u0101s da\u013cas, EKG, Laboratorijas, Radiolo\u0123ijas un Oper\u0101ciju bloka person\u0101ls.<\/p>\n<p>Papildus pacientus pie\u0146ems:<\/p>\n<ul>&#13;<\/p>\n<li>Nefrolo\u0123e Baiba B\u0113rzi\u0146a,<\/li>\n<p>&#13;<\/p>\n<li>Kardiolo\u0123e Ilze Bikova,<\/li>\n<p>&#13;<\/p>\n<li>Ginekolo\u0123e Santa \u016adre,<\/li>\n<p>&#13;<\/p>\n<li>Dermatolo\u0123e Gundega Provais\u2013Samuilo,<\/li>\n<p>&#13;<\/p>\n<li>Podolo\u0123e Ilona Ivanova,<\/li>\n<p>&#13;<\/p>\n<li>Optometrists.<\/li>\n<p>&#13;\n<\/ul>\n<p>Pieteik\u0161an\u0101s bezmaksas konsult\u0101cij\u0101m un izmekl\u0113jumiem s\u0101ksies 27. oktobr\u012b un ilgs l\u012bdz 17. novembrim. Lai pieteiktos, iedz\u012bvot\u0101ji var zvan\u012bt pa t\u0101lruni 26 238 800.<\/p>\n<p>Piesakoties, j\u0101nor\u0101da:<\/p>\n<ul>&#13;<\/p>\n<li>v\u0101rds, uzv\u0101rds un dzim\u0161anas dati,<\/li>\n<p>&#13;<\/p>\n<li>statuss (pension\u0101rs, inval\u012bds, politiski repres\u0113ta, tr\u016bc\u012bga vai maznodro\u0161in\u0101ta persona),<\/li>\n<p>&#13;<\/p>\n<li>deklar\u0113t\u0101 dz\u012bvesvietas adrese,<\/li>\n<p>&#13;<\/p>\n<li>kontaktt\u0101lrunis,<\/li>\n<p>&#13;<\/p>\n<li>diagnoze vai \u012bss vesel\u012bbas probl\u0113mas apraksts.<\/li>\n<p>&#13;\n<\/ul>\n<p>Ierodoties uz konsult\u0101ciju, pacientiem l\u012bdzi j\u0101\u0146em visi ar diagnozi saist\u012btie dokumenti \u2013 izmekl\u0113jumi, sl\u0113dzieni, k\u0101 ar\u012b personas un statusu apliecino\u0161ie dokumenti. Pacientiem, kuriem \u0101rsts konsult\u0101cijas laik\u0101 ieteiks oper\u0101ciju, j\u0101b\u016bt gataviem ierasties uz to jau n\u0101kamaj\u0101 dien\u0101. Pirms oper\u0101cijas tiks veikts rentgens, EKG un asins anal\u012bzes.<\/p>\n","protected":false},"excerpt":{"rendered":"J\u0113kabpils re\u0123ion\u0101laj\u0101 slimn\u012bc\u0101 20. un 21. novembr\u012b norisin\u0101sies jau desmit\u0101 labdar\u012bbas akcija \u201cDz\u012bvo vesels\u201d, kuras m\u0113r\u0137is ir nodro\u0161in\u0101t&hellip;\n","protected":false},"author":2,"featured_media":32392,"comment_status":"","ping_status":"","sticky":false,"template":"","format":"standard","meta":{"footnotes":""},"categories":[12],"tags":[23,28,29,32,33,22,987,986,30,31,35,39,38,36,37,34,40,20,26,27,24,25,21],"class_list":{"0":"post-32391","1":"post","2":"type-post","3":"status-publish","4":"format-standard","5":"has-post-thumbnail","7":"category-latvija","8":"tag-aktualitates","9":"tag-breaking-news","10":"tag-breakingnews","11":"tag-featured-news","12":"tag-featurednews","13":"tag-headlines","14":"tag-jekabpils-zinas","15":"tag-jekabpilslaiks","16":"tag-latest-news","17":"tag-latestnews","18":"tag-latvia","19":"tag-latvian","20":"tag-latviesu","21":"tag-latviesu-valoda","22":"tag-latviesuvaloda","23":"tag-latvija","24":"tag-lv","25":"tag-news","26":"tag-popularakas-zinas","27":"tag-popularakaszinas","28":"tag-top-stories","29":"tag-topstories","30":"tag-zinas"},"share_on_mastodon":{"url":"https:\/\/pubeurope.com\/@lv\/115445571470283030","error":""},"_links":{"self":[{"href":"https:\/\/www.europesays.com\/lv\/wp-json\/wp\/v2\/posts\/32391","targetHints":{"allow":["GET"]}}],"collection":[{"href":"https:\/\/www.europesays.com\/lv\/wp-json\/wp\/v2\/posts"}],"about":[{"href":"https:\/\/www.europesays.com\/lv\/wp-json\/wp\/v2\/types\/post"}],"author":[{"embeddable":true,"href":"https:\/\/www.europesays.com\/lv\/wp-json\/wp\/v2\/users\/2"}],"replies":[{"embeddable":true,"href":"https:\/\/www.europesays.com\/lv\/wp-json\/wp\/v2\/comments?post=32391"}],"version-history":[{"count":0,"href":"https:\/\/www.europesays.com\/lv\/wp-json\/wp\/v2\/posts\/32391\/revisions"}],"wp:featuredmedia":[{"embeddable":true,"href":"https:\/\/www.europesays.com\/lv\/wp-json\/wp\/v2\/media\/32392"}],"wp:attachment":[{"href":"https:\/\/www.europesays.com\/lv\/wp-json\/wp\/v2\/media?parent=32391"}],"wp:term":[{"taxonomy":"category","embeddable":true,"href":"https:\/\/www.europesays.com\/lv\/wp-json\/wp\/v2\/categories?post=32391"},{"taxonomy":"post_tag","embeddable":true,"href":"https:\/\/www.europesays.com\/lv\/wp-json\/wp\/v2\/tags?post=32391"}],"curies":[{"name":"wp","href":"https:\/\/api.w.org\/{rel}","templated":true}]}}