{"id":32419,"date":"2025-10-27T10:31:09","date_gmt":"2025-10-27T10:31:09","guid":{"rendered":"https:\/\/www.europesays.com\/lv\/32419\/"},"modified":"2025-10-27T10:31:09","modified_gmt":"2025-10-27T10:31:09","slug":"lauris-dzelzitis-atgriezas-uz-dailes-skatuves-komedija-vel-pa-vienam-lente-lv","status":"publish","type":"post","link":"https:\/\/www.europesays.com\/lv\/32419\/","title":{"rendered":"Lauris Dzelz\u012btis atgrie\u017eas uz Dailes skatuves kom\u0113dij\u0101 &#8220;V\u0113l pa vienam&#8221;\u00a0\u2014\u00a0Lente.lv"},"content":{"rendered":"<p>Lauris Dzelz\u012btis Atgrie\u017eas Uz Dailes Skatuves Izr\u0101d\u0113 &#8220;V\u0113l pa Vienam&#8221;<\/p>\n<p>Dailes te\u0101tra Lielaj\u0101 z\u0101l\u0113 uz skatuves atkal k\u0101ps iem\u012b\u013cotais aktieris Lauris Dzelz\u012btis, kur\u0161 p\u0113c gada p\u0101rtraukuma atgrie\u017eas pie skat\u012bt\u0101jiem ar spilgtu lomu jauniestud\u0113jum\u0101 &#8220;V\u0113l pa vienam&#8221;. \u0160\u012b neparast\u0101 kom\u0113dija, kas p\u0113ta v\u012brie\u0161u dz\u012bves un eksistenci\u0101l\u0101s dilemmas, ir balst\u012bta uz Tomasa Vinterberga un Klausa Flig\u0101ra darbu, un t\u0101s re\u017eisors ir Gatis \u0160mits. Pirmizr\u0101de notika piektdien, 24. oktobr\u012b, un jau apliecina sevi k\u0101 gaid\u012btu notikumu te\u0101tra dz\u012bv\u0113.<\/p>\n<p>Lauris Dzelz\u012btis izr\u0101d\u0113 atveido vienu no centr\u0101laj\u0101m lom\u0101m, pie\u0161\u0137irot savu unik\u0101lo aktiermeistar\u012bbu st\u0101stam par \u010detriem skolot\u0101jiem. \u0160ie skolot\u0101ji, zin\u0101tk\u0101res un zin\u0101tniskas intereses vad\u012bti, nolemj praktiski p\u0101rbaud\u012bt norv\u0113\u0123u psihologa Skorder\u016bda teoriju par cilv\u0113ka organism\u0101 eso\u0161o alkohola defic\u012btu \u2013 it k\u0101 iedzimtu 0,5 promi\u013cu tr\u016bkumu. Vi\u0146u m\u0113r\u0137is ir nov\u0113rot, k\u0101 doz\u0113ts alkohola pat\u0113ri\u0146\u0161 var\u0113tu uzlabot vi\u0146u soci\u0101lo un profesion\u0101lo dz\u012bvi, cerot atg\u016bt zaud\u0113to motiv\u0101ciju, pa\u0161p\u0101rliec\u012bbu un cie\u0161\u0101ku kontaktu ar audz\u0113k\u0146iem. Tom\u0113r, k\u0101 tas bie\u017ei gad\u0101s ar cilv\u0113ciskiem eksperimentiem, ar\u012b \u0161is dr\u012bz vien iziet \u0101rpus kontrol\u0113jam\u0101m robe\u017e\u0101m, novedot pie negaid\u012btiem un sare\u017e\u0123\u012btiem pav\u0113rsieniem.<\/p>\n<p>Atgrie\u0161an\u0101s Uz Skatuves P\u0113c P\u0101rmai\u0146u Laika<\/p>\n<p>Dzelz\u012b\u0161a atgrie\u0161an\u0101s uz Dailes te\u0101tra skatuves ir \u012bpa\u0161i noz\u012bm\u012bga, \u0146emot v\u0113r\u0101 vi\u0146a iepriek\u0161\u0113jo aizie\u0161anu no te\u0101tra. Nepilnu gadu pirms pirmizr\u0101des, aktieris p\u0113c skand\u0101la, kas saist\u012bts ar &#8220;Sp\u0113lma\u0146u nakts&#8221; ceremoniju, bija spiests p\u0101rtraukt darba attiec\u012bbas ar Dailes te\u0101tri. Tom\u0113r, k\u0101 nor\u0101da te\u0101tra direktors Juris \u017dagars, Dzelz\u012btim bija nepiecie\u0161ams laiks rehabilit\u0101cijai, lai atg\u016btos, un vi\u0146\u0161 godpr\u0101t\u012bgi pild\u012bjis visas vieno\u0161an\u0101s. \u0160obr\u012bd aktieris tiek uzskat\u012bts par lab\u0101 form\u0101 un peln\u012bjis atgriezties uz skatuves. Gatis \u0160mits, izr\u0101des re\u017eisors, uzsver Dzelz\u012b\u0161a v\u012bri\u0161\u0137\u012bgumu un sp\u0113ju uz skatuves att\u0113lot \u012bstu v\u012brieti, nevis \u201cmazliet d\u012bvainu un j\u016bt\u012bgu b\u016btni\u201d, kas ir viena no aktiera galvenaj\u0101m kvalit\u0101t\u0113m, k\u0101d\u0113\u013c vi\u0146\u0161 tika izv\u0113l\u0113ts \u0161ai lomai.<\/p>\n<p>&#8220;V\u0113l pa Vienam&#8221; \u2013 Ne tikai Izr\u0101de, Bet Ar\u012b Fenomen\u0101ls<\/p>\n<p>Izr\u0101de &#8220;V\u0113l pa vienam&#8221; balst\u012bta uz Tomasa Vinterberga 2020. gad\u0101 rad\u012bt\u0101s filmas mot\u012bviem, kas guva pla\u0161u atzin\u012bbu, ieg\u016bstot gan &#8220;Oskara&#8221; balvu k\u0101 lab\u0101k\u0101 \u0101rvalstu filma, gan Eiropas Kinoakad\u0113mijas balvu. T\u0101p\u0113c te\u0101tra iestud\u0113jums Dailes te\u0101tr\u012b ir vair\u0101k nek\u0101 vienk\u0101r\u0161i izr\u0101de \u2013 t\u0101 ir m\u016bsdienu klasikas adapt\u0101cija, kas skat\u012bt\u0101jiem pied\u0101v\u0101 dzi\u013c\u0101ku ieskatu cilv\u0113ka psiholo\u0123ij\u0101 un soci\u0101l\u0101s dinamikas sare\u017e\u0123\u012bt\u012bb\u0101. Izr\u0101des re\u017eisors Gatis \u0160mits ir paz\u012bstams ar savu ori\u0123in\u0101lo pieeju un sp\u0113ju rad\u012bt aizraujo\u0161us iestud\u0113jumus, un vi\u0146a darbs pie \u0161\u012bs kom\u0113dijas ir apliecin\u0101jums tam. Vi\u0146\u0161 jau iepriek\u0161 ir sadarbojies ar Lauri Dzelz\u012bti, radot veiksm\u012bgas izr\u0101des.<\/p>\n<p>Pla\u0161a Aktieru Komanda un Skol\u0113nu Piedal\u012b\u0161an\u0101s<\/p>\n<p>Lom\u0101s izr\u0101d\u0113 &#8220;V\u0113l pa vienam&#8221; redzami ar\u012b citi talant\u012bgi Dailes te\u0101tra aktieri, tostarp Dainis Gaidelis, Gints And\u017e\u0101ns un Gints Gr\u0101velis, kuri atveido p\u0101r\u0113jos tr\u012bs skolot\u0101jus, kas iesaist\u012bti eksperiment\u0101. T\u0101pat izr\u0101d\u0113 piedal\u0101s aktrises Ieva Segli\u0146a un Krist\u012bne Nevarauska. \u012apa\u0161u dinamiku un autentiskumu iestud\u0113jumam pie\u0161\u0137ir vair\u0101k nek\u0101 20 skol\u0113nu piedal\u012b\u0161an\u0101s, no kuriem liela da\u013ca ir no &#8220;A\u010dkups&#8221; studijas dejot\u0101jiem. \u0160\u012b pla\u0161\u0101 aktieru komanda sola spilgtu un daudzpus\u012bgu izr\u0101des pieredzi.<\/p>\n<p>Tehnisk\u0101 Komanda un Izr\u0101des Inform\u0101cija<\/p>\n<p>Aiz izr\u0101des &#8220;V\u0113l pa vienam&#8221; st\u0101v r\u016bp\u012bga rado\u0161\u0101 komanda. Scenogr\u0101fiju veidojis R\u016bdolfs Balti\u0146\u0161, kost\u012bmu m\u0101ksliniece ir Baiba Liti\u0146a, horeogr\u0101fiju rad\u012bjusi Anna Abalihina, gaismu m\u0101kslinieks \u2013 Reinis Zalte, bet muzik\u0101lo noform\u0113jumu \u2013 Juris Vaivods. Izr\u0101des vad\u012bt\u0101ja ir Gunta Jur\u0113vica, bet producente \u2013 Krist\u012bne M\u016brmane. Izr\u0101de ilgst 2 stundas un 30 min\u016btes ar starkomisi. Pirmizr\u0101de notika 24. oktobr\u012b, un jau ir izp\u0101rdotas vair\u0101kas tuv\u0101k\u0101s izr\u0101des, kas liecina par lielo skat\u012bt\u0101ju interesi.<\/p>\n","protected":false},"excerpt":{"rendered":"Lauris Dzelz\u012btis Atgrie\u017eas Uz Dailes Skatuves Izr\u0101d\u0113 &#8220;V\u0113l pa Vienam&#8221; Dailes te\u0101tra Lielaj\u0101 z\u0101l\u0113 uz skatuves atkal k\u0101ps&hellip;\n","protected":false},"author":2,"featured_media":32420,"comment_status":"","ping_status":"","sticky":false,"template":"","format":"standard","meta":{"footnotes":""},"categories":[19],"tags":[454,89,9505,90,35,39,38,36,37,34,882,9724,40,9504],"class_list":{"0":"post-32419","1":"post","2":"type-post","3":"status-publish","4":"format-standard","5":"has-post-thumbnail","7":"category-izklaide","8":"tag-dailes-teatris","9":"tag-entertainment","10":"tag-gatis-smits","11":"tag-izklaide","12":"tag-latvia","13":"tag-latvian","14":"tag-latviesu","15":"tag-latviesu-valoda","16":"tag-latviesuvaloda","17":"tag-latvija","18":"tag-latvijas-teatris","19":"tag-lauris-dzelzitis","20":"tag-lv","21":"tag-vel-pa-vienam"},"share_on_mastodon":{"url":"https:\/\/pubeurope.com\/@lv\/115445673743047518","error":""},"_links":{"self":[{"href":"https:\/\/www.europesays.com\/lv\/wp-json\/wp\/v2\/posts\/32419","targetHints":{"allow":["GET"]}}],"collection":[{"href":"https:\/\/www.europesays.com\/lv\/wp-json\/wp\/v2\/posts"}],"about":[{"href":"https:\/\/www.europesays.com\/lv\/wp-json\/wp\/v2\/types\/post"}],"author":[{"embeddable":true,"href":"https:\/\/www.europesays.com\/lv\/wp-json\/wp\/v2\/users\/2"}],"replies":[{"embeddable":true,"href":"https:\/\/www.europesays.com\/lv\/wp-json\/wp\/v2\/comments?post=32419"}],"version-history":[{"count":0,"href":"https:\/\/www.europesays.com\/lv\/wp-json\/wp\/v2\/posts\/32419\/revisions"}],"wp:featuredmedia":[{"embeddable":true,"href":"https:\/\/www.europesays.com\/lv\/wp-json\/wp\/v2\/media\/32420"}],"wp:attachment":[{"href":"https:\/\/www.europesays.com\/lv\/wp-json\/wp\/v2\/media?parent=32419"}],"wp:term":[{"taxonomy":"category","embeddable":true,"href":"https:\/\/www.europesays.com\/lv\/wp-json\/wp\/v2\/categories?post=32419"},{"taxonomy":"post_tag","embeddable":true,"href":"https:\/\/www.europesays.com\/lv\/wp-json\/wp\/v2\/tags?post=32419"}],"curies":[{"name":"wp","href":"https:\/\/api.w.org\/{rel}","templated":true}]}}