{"id":32425,"date":"2025-10-27T10:36:15","date_gmt":"2025-10-27T10:36:15","guid":{"rendered":"https:\/\/www.europesays.com\/lv\/32425\/"},"modified":"2025-10-27T10:36:15","modified_gmt":"2025-10-27T10:36:15","slug":"belgorodas-udenskratuves-dambis-ir-uz-sabruksanas-robezas","status":"publish","type":"post","link":"https:\/\/www.europesays.com\/lv\/32425\/","title":{"rendered":"Belgorodas \u016bdenskr\u0101tuves dambis ir uz sabruk\u0161anas robe\u017eas"},"content":{"rendered":"<p class=\"descr\">25.-26. oktobr\u012b Ukrainas droni veica uzbrukumus Belgorodas rezervu\u0101ra dambim uz Severska Donca upes, nodarot iev\u0113rojamus boj\u0101jumus un izraisot \u016bdens l\u012bme\u0146a kritumu par vair\u0101k nek\u0101 metru, k\u0101 apstiprin\u0101jis Ukrainas 16. armijas korpuss un Krievijas Be\u013cgorodas gubernators, v\u0113sta &#8220;Nexta&#8221;.<\/p>\n<p> \u0160\u012b oper\u0101cija ir v\u0113rsta pret<a href=\"https:\/\/nra.lv\/tautaruna\/citi\/504888-gimene-ukraina-kas-28-reizes-atgriezas-apsaudes-zona.htm\" data-item-link=\"true\" data-item-id=\"504888\" rel=\"nofollow noopener\" target=\"_blank\"> Krievijas sp\u0113kiem<\/a> net\u0101lu no Vov\u010danskas Harkivas apgabal\u0101, ar m\u0113r\u0137i appl\u016bdin\u0101t poz\u012bcijas, p\u0101rtraukt lo\u0123istikas ce\u013cus un izol\u0113t \u010detras brig\u0101des, atg\u0101dinot Krievijas 2023. gada Kahovkas dambja sabruk\u0161anu, kas appl\u016bdin\u0101ja Ukrainas teritorijas.<\/p>\n<p>L\u012bdz\u0161in\u0113jie kadri r\u0101da plaisas betona konstrukcij\u0101, no kuras pl\u016bst \u016bdens, radot ba\u017eas par Belgorodas civiliedz\u012bvot\u0101ju \u016bdens apg\u0101di un potenci\u0101li pla\u0161iem pl\u016bdiem pierobe\u017eas re\u0123ion\u0101. <\/p>\n<p> Belgorodas rezervu\u0101rs, kas atrodas Krievijas Belgorodas apgabal\u0101, ir viena no svar\u012bg\u0101kaj\u0101m \u016bdenskr\u0101tuv\u0113m re\u0123ion\u0101. Tas tika b\u016bv\u0113ts Padomju Savien\u012bbas laik\u0101, un t\u0101 b\u016bvniec\u012bba tika pabeigta 1970. gad\u0101. \u0160is rezervu\u0101rs tika izveidots, uzb\u016bv\u0113jot dambi uz Severska Donca upes, un tas kalpo vair\u0101kiem svar\u012bgiem m\u0113r\u0137iem: Belgorodas rezervu\u0101rs ir galvenais \u016bdens avots Belgorodas pils\u0113tai un apk\u0101rt\u0113jiem ciematiem. Tas nodro\u0161ina stabilu dzeram\u0101 \u016bdens pieg\u0101di re\u0123iona iedz\u012bvot\u0101jiem, \u012bpa\u0161i sausajos periodos; rezervu\u0101rs atbalsta lauksaimniec\u012bbu, nodro\u0161inot \u016bdeni kult\u016bru laist\u012b\u0161anai. <a href=\"https:\/\/nra.lv\/pasaule\/482250-piedzerusies-krievijas-armijas-karaviri-nogalina-divus-medikus.htm\" data-item-link=\"true\" data-item-id=\"482250\" rel=\"nofollow noopener\" target=\"_blank\">Belgorodas <\/a>apgabals ir zin\u0101ms ar savu lauksaimniec\u012bbas nozari, un rezervu\u0101rs ir b\u016btisks \u0161\u012bs nozares att\u012bst\u012bbai; dambis un rezervu\u0101rs pal\u012bdz kontrol\u0113t pl\u016bdus, uzkr\u0101jot lieko \u016bdeni lietain\u0101 laik\u0101 un pak\u0101peniski to atbr\u012bvojot, t\u0101d\u0113j\u0101di nov\u0113r\u0161ot vai mazinot pl\u016bdu risku lejpus. <\/p>\n<p>B\u016bvniec\u012bbas laik\u0101 tika \u0146emtas v\u0113r\u0101 ar\u012b ekolo\u0123isk\u0101s un in\u017eeniertehnisk\u0101s pras\u012bbas, lai nodro\u0161in\u0101tu, ka rezervu\u0101rs ne tikai kalpo praktiskiem m\u0113r\u0137iem, bet ar\u012b saglab\u0101 re\u0123iona ekosist\u0113mu l\u012bdzsvaru. Tom\u0113r, k\u0101 redzams nesenajos notikumos, \u0161\u0101da veida infrastrukt\u016bra konflikta zon\u0101s var k\u013c\u016bt par strat\u0113\u0123isku m\u0113r\u0137i, un t\u0101s boj\u0101jumi var rad\u012bt nopietnas sekas gan civiliedz\u012bvot\u0101jiem, gan milit\u0101raj\u0101m oper\u0101cij\u0101m.<\/p>\n<p>\t\t\t\t\t\tinfo<\/p>\n<p>Uzzini pirmais<br \/>kas interesants noticis Latvij\u0101 un pasaul\u0113,<br \/>pievienojoties mums <a href=\"https:\/\/t.me\/neatkariga\" rel=\"nofollow\">Telegram<\/a> vai <a href=\"https:\/\/whatsapp.com\/channel\/0029VaMLFUH5K3zLU5s4wm3y\" rel=\"nofollow noopener\" target=\"_blank\">Whatsapp<\/a> kan\u0101l\u0101<\/p>\n","protected":false},"excerpt":{"rendered":"25.-26. oktobr\u012b Ukrainas droni veica uzbrukumus Belgorodas rezervu\u0101ra dambim uz Severska Donca upes, nodarot iev\u0113rojamus boj\u0101jumus un izraisot&hellip;\n","protected":false},"author":2,"featured_media":32426,"comment_status":"","ping_status":"","sticky":false,"template":"","format":"standard","meta":{"footnotes":""},"categories":[5],"tags":[23,28,29,32,33,22,30,31,35,39,38,36,37,34,40,20,26,27,24,25,21],"class_list":{"0":"post-32425","1":"post","2":"type-post","3":"status-publish","4":"format-standard","5":"has-post-thumbnail","7":"category-aktualitates","8":"tag-aktualitates","9":"tag-breaking-news","10":"tag-breakingnews","11":"tag-featured-news","12":"tag-featurednews","13":"tag-headlines","14":"tag-latest-news","15":"tag-latestnews","16":"tag-latvia","17":"tag-latvian","18":"tag-latviesu","19":"tag-latviesu-valoda","20":"tag-latviesuvaloda","21":"tag-latvija","22":"tag-lv","23":"tag-news","24":"tag-popularakas-zinas","25":"tag-popularakaszinas","26":"tag-top-stories","27":"tag-topstories","28":"tag-zinas"},"share_on_mastodon":{"url":"https:\/\/pubeurope.com\/@lv\/115445693443211428","error":""},"_links":{"self":[{"href":"https:\/\/www.europesays.com\/lv\/wp-json\/wp\/v2\/posts\/32425","targetHints":{"allow":["GET"]}}],"collection":[{"href":"https:\/\/www.europesays.com\/lv\/wp-json\/wp\/v2\/posts"}],"about":[{"href":"https:\/\/www.europesays.com\/lv\/wp-json\/wp\/v2\/types\/post"}],"author":[{"embeddable":true,"href":"https:\/\/www.europesays.com\/lv\/wp-json\/wp\/v2\/users\/2"}],"replies":[{"embeddable":true,"href":"https:\/\/www.europesays.com\/lv\/wp-json\/wp\/v2\/comments?post=32425"}],"version-history":[{"count":0,"href":"https:\/\/www.europesays.com\/lv\/wp-json\/wp\/v2\/posts\/32425\/revisions"}],"wp:featuredmedia":[{"embeddable":true,"href":"https:\/\/www.europesays.com\/lv\/wp-json\/wp\/v2\/media\/32426"}],"wp:attachment":[{"href":"https:\/\/www.europesays.com\/lv\/wp-json\/wp\/v2\/media?parent=32425"}],"wp:term":[{"taxonomy":"category","embeddable":true,"href":"https:\/\/www.europesays.com\/lv\/wp-json\/wp\/v2\/categories?post=32425"},{"taxonomy":"post_tag","embeddable":true,"href":"https:\/\/www.europesays.com\/lv\/wp-json\/wp\/v2\/tags?post=32425"}],"curies":[{"name":"wp","href":"https:\/\/api.w.org\/{rel}","templated":true}]}}