{"id":32435,"date":"2025-10-27T10:43:08","date_gmt":"2025-10-27T10:43:08","guid":{"rendered":"https:\/\/www.europesays.com\/lv\/32435\/"},"modified":"2025-10-27T10:43:08","modified_gmt":"2025-10-27T10:43:08","slug":"mali-dziedataja-umu-sangare-atklas-liepajas-koncertzales-jubilejas-festivalu-lente-lv","status":"publish","type":"post","link":"https:\/\/www.europesays.com\/lv\/32435\/","title":{"rendered":"Mali dzied\u0101t\u0101ja Umu Sangar\u0113 atkl\u0101s Liep\u0101jas koncertz\u0101les jubilejas festiv\u0101lu\u00a0\u2014\u00a0Lente.lv"},"content":{"rendered":"<p>Muzik\u0101l\u0101 atkl\u0101sme Mali: Umu Sangar\u0113 dziesmas skan\u0113s Liep\u0101j\u0101<\/p>\n<p>Liep\u0101jas koncertz\u0101le &#8220;Lielais dzintars&#8221; svin savu desmito jubileju, un festiv\u0101la atkl\u0101\u0161ana 11. oktobr\u012b sol\u0101s b\u016bt neaizmirstama, jo uz skatuves k\u0101ps \u0100frikas m\u016bzikas le\u0123enda \u2013 &#8220;Grammy&#8221; balvas laure\u0101te Umu Sangar\u0113. Vi\u0146as uzst\u0101\u0161an\u0101s iez\u012bm\u0113s ne tikai koncerta s\u0113rijas &#8220;Pasaule Lielaj\u0101 dzintar\u0101&#8221; turpin\u0101jumu, bet ar\u012b ieskandin\u0101s grandioz\u0101 jubilejas festiv\u0101la notikumu virkni. Sangar\u0113, kuru d\u0113v\u0113 par &#8220;Vasulu m\u016bzikas karalieni&#8221;, atved\u012bs uz Liep\u0101ju autentiskus \u0100frikas ritmus un dzi\u013cas, iedvesmojo\u0161as v\u0113st\u012bjumus.<\/p>\n<p>Umu Sangar\u0113 \u2013 balss, kas iedvesmo pasauli<\/p>\n<p>Umu Sangar\u0113 dz\u012bvesst\u0101sts ir ieskats notur\u012bb\u0101 un talant\u0101, kas izlauzies cauri nabadz\u012bbai Bamako iel\u0101s. Jau piecu gadu vecum\u0101 vi\u0146a ar savu apburo\u0161o balsi sp\u0113ja valdzin\u0101t klaus\u012bt\u0101jus, bet v\u0113l\u0101k k\u013cuva par drosm\u012bgu balsi sievie\u0161u ties\u012bbu un dzimumu l\u012bdzties\u012bbas jaut\u0101jumos. Vi\u0146as dzied\u0101t\u0101s dziesmas ir ne tikai skaistas melodijas, bet ar\u012b sp\u0113c\u012bgi v\u0113st\u012bjumi, kas run\u0101 par svar\u012bg\u0101m soci\u0101l\u0101m probl\u0113m\u0101m, piem\u0113ram, piespiedu laul\u012bb\u0101m un sievie\u0161u ties\u012bb\u0101m. Sangar\u0113 nav tikai m\u016bzi\u0137e; vi\u0146a ir cilv\u0113kties\u012bbu akt\u012bviste un iedvesmas avots t\u0101d\u0101m zvaigzn\u0113m k\u0101 Ali\u0161a K\u012bsa un Bejons\u0113, kura pat fragmentu no Sangar\u0113 dziesmas &#8220;Diaraby Nene&#8221; iek\u013c\u0101va sava 2019. gada filmas &#8220;Karalis lauva&#8221; ska\u0146u celi\u0146\u0101.. Vi\u0146as balss ir skan\u0113jusi presti\u017e\u0101kaj\u0101s pasaules ar\u0113n\u0101s, un vi\u0146a ir sadarbojusies ar t\u0101diem m\u0101ksliniekiem k\u0101 H\u0113rbijs Henkoks un S\u012bls.<\/p>\n<p>Vasulu m\u016bzika: Rietum\u0101frikas kult\u016bras dv\u0113sele<\/p>\n<p>Koncert\u0101 skan\u0113s dziesmas no Sangar\u0113 jaun\u0101k\u0101 albuma &#8220;Timbuktu&#8221; (2022), ko kriti\u0137i slav\u0113 k\u0101 vi\u0146as visiedarb\u012bg\u0101ko un dzi\u013c\u0101ko darbu. \u0160is albums ir velt\u012bjums ne tikai vi\u0146as dzimtajai zemei, bet ar\u012b c\u012b\u0146ai par cilv\u0113ka cie\u0146u. Vasulu m\u016bzika, kas n\u0101k no Mali dienvidiem, ir bag\u0101ta ar mednieku dziesmu trad\u012bcij\u0101m un seno griotu (Rietum\u0101frikas trubad\u016bru) melodij\u0101m. T\u0101 atspogu\u013co ikdienas dz\u012bvi, m\u012blest\u012bbu, soci\u0101las t\u0113mas un tautas gudr\u012bbas. M\u016bzik\u0101 domin\u0113 sp\u0113c\u012bgs vok\u0101ls un ritmiski sitaminstrumenti, k\u0101 ar\u012b rakstur\u012bg\u0101 se\u0161st\u012bgu arfa &#8220;kamele n&#8217;goni&#8221;. Sangar\u0113 veiksm\u012bgi moderniz\u0113jusi \u0161o \u017eanru, pievienojot tam bl\u016bza, folka un roka elementus, radot unik\u0101lu un m\u016bsdien\u012bgu skan\u0113jumu.<\/p>\n<p>Liep\u0101ja svin jubileju ar pasaules m\u016bzikas elpu<\/p>\n<p>Liep\u0101jas koncertz\u0101le &#8220;Lielais dzintars&#8221; ar savu desmit gadu jubilejas festiv\u0101lu demonstr\u0113 savu ap\u0146em\u0161anos veicin\u0101t kult\u016bru, cilv\u0113c\u012bgumu un m\u012blest\u012bbu. Festiv\u0101ls, kas norisin\u0101sies oktobr\u012b un novembr\u012b, pied\u0101v\u0101s piecas daudzpus\u012bgas programmas, kulmin\u0113jot ar Arnolda \u0160\u0113nberga oratorijas &#8220;Gurres dziesmas&#8221; atska\u0146ojumu. Koncertz\u0101les m\u0101kslinieciskais vad\u012bt\u0101js Orests Silabriedis uzsver, ka &#8220;Lielais dzintars&#8221; ir k\u013cuvis par pils\u0113tas simbolu un magn\u0113tu, kas piesaista gan viet\u0113jos, gan starptautiskos notikumus. Umu Sangar\u0113 uzst\u0101\u0161an\u0101s ir \u0161\u012b pla\u0161\u0101 kult\u016bras festiv\u0101la spo\u017es atkl\u0101\u0161anas akts, kas apliecina Liep\u0101jas k\u0101 kult\u016bras metropoles statusu un &#8220;Liel\u0101 dzintara&#8221; lomu starptautisk\u0101s m\u016bzikas dz\u012bves veicin\u0101\u0161an\u0101.<\/p>\n","protected":false},"excerpt":{"rendered":"Muzik\u0101l\u0101 atkl\u0101sme Mali: Umu Sangar\u0113 dziesmas skan\u0113s Liep\u0101j\u0101 Liep\u0101jas koncertz\u0101le &#8220;Lielais dzintars&#8221; svin savu desmito jubileju, un festiv\u0101la&hellip;\n","protected":false},"author":2,"featured_media":32436,"comment_status":"","ping_status":"","sticky":false,"template":"","format":"standard","meta":{"footnotes":""},"categories":[19],"tags":[677,89,90,1681,35,39,38,36,37,34,444,40,1680,1682],"class_list":{"0":"post-32435","1":"post","2":"type-post","3":"status-publish","4":"format-standard","5":"has-post-thumbnail","7":"category-izklaide","8":"tag-lielais-dzintars","9":"tag-entertainment","10":"tag-izklaide","11":"tag-jubilejas-festivals","12":"tag-latvia","13":"tag-latvian","14":"tag-latviesu","15":"tag-latviesu-valoda","16":"tag-latviesuvaloda","17":"tag-latvija","18":"tag-liepaja","19":"tag-lv","20":"tag-umu-sangare","21":"tag-vasulu-muzika"},"share_on_mastodon":{"url":"https:\/\/pubeurope.com\/@lv\/115445721018174430","error":""},"_links":{"self":[{"href":"https:\/\/www.europesays.com\/lv\/wp-json\/wp\/v2\/posts\/32435","targetHints":{"allow":["GET"]}}],"collection":[{"href":"https:\/\/www.europesays.com\/lv\/wp-json\/wp\/v2\/posts"}],"about":[{"href":"https:\/\/www.europesays.com\/lv\/wp-json\/wp\/v2\/types\/post"}],"author":[{"embeddable":true,"href":"https:\/\/www.europesays.com\/lv\/wp-json\/wp\/v2\/users\/2"}],"replies":[{"embeddable":true,"href":"https:\/\/www.europesays.com\/lv\/wp-json\/wp\/v2\/comments?post=32435"}],"version-history":[{"count":0,"href":"https:\/\/www.europesays.com\/lv\/wp-json\/wp\/v2\/posts\/32435\/revisions"}],"wp:featuredmedia":[{"embeddable":true,"href":"https:\/\/www.europesays.com\/lv\/wp-json\/wp\/v2\/media\/32436"}],"wp:attachment":[{"href":"https:\/\/www.europesays.com\/lv\/wp-json\/wp\/v2\/media?parent=32435"}],"wp:term":[{"taxonomy":"category","embeddable":true,"href":"https:\/\/www.europesays.com\/lv\/wp-json\/wp\/v2\/categories?post=32435"},{"taxonomy":"post_tag","embeddable":true,"href":"https:\/\/www.europesays.com\/lv\/wp-json\/wp\/v2\/tags?post=32435"}],"curies":[{"name":"wp","href":"https:\/\/api.w.org\/{rel}","templated":true}]}}