{"id":32443,"date":"2025-10-27T10:49:07","date_gmt":"2025-10-27T10:49:07","guid":{"rendered":"https:\/\/www.europesays.com\/lv\/32443\/"},"modified":"2025-10-27T10:49:07","modified_gmt":"2025-10-27T10:49:07","slug":"gada-negaiditakais-paris-keitija-perija-un-dzastins-trudo-parize-apstiprina-ka-ir-romantiskas-attiecibas","status":"publish","type":"post","link":"https:\/\/www.europesays.com\/lv\/32443\/","title":{"rendered":"Gada negaid\u012bt\u0101kais p\u0101ris. Keitija Perija un D\u017eastins Trudo Par\u012bz\u0113 apstiprina, ka ir romantisk\u0101s attiec\u012bb\u0101s"},"content":{"rendered":"<p>Bage\u0161u un m\u012blest\u012bbas pils\u0113ta Par\u012bze k\u013cuvusi par liecinieci vienam no \u0161\u012b gada p\u0101rsteidzo\u0161\u0101kajiem slaven\u012bbu rom\u0101niem. 41 gadu vec\u0101 dzied\u0101t\u0101ja <a href=\"https:\/\/www.apollo.lv\/term\/556125\/keitija-perija\" class=\"topicLink\" target=\"_blank\" rel=\"nofollow noopener\">Keitija Perija<\/a> un 53 gadus vecais biju\u0161ais Kan\u0101das politiskais l\u012bderis <a href=\"https:\/\/www.apollo.lv\/term\/593472\/dzastins-trudo\" class=\"topicLink\" target=\"_blank\" rel=\"nofollow noopener\">D\u017eastins Trudo<\/a> izskat\u012bj\u0101s ac\u012bmredzami iem\u012bl\u0113ju\u0161ies, ierodoties uz dzied\u0101t\u0101jas dzim\u0161anas dienas svin\u012bb\u0101m le\u0123end\u0101raj\u0101 Par\u012bzes kabar\u0113 &#8220;Crazy Horse&#8221;.<\/p>\n<p>Svin\u012bgajam vakaram Perija bija izv\u0113l\u0113jusies \u017eilbino\u0161u, fig\u016brai piegulo\u0161u sarkanu kleitu ar drosm\u012bgu \u0161\u0137\u0113lumu, savuk\u0101rt Trudo izskat\u012bj\u0101s eleganti meln\u0101 uzvalk\u0101. P\u0101ris nesl\u0113pa savas j\u016btas, ieejot slavenaj\u0101 izklaides viet\u0101, kas paz\u012bstama ar pikantiem kabar\u0113 uzvedumiem, un v\u0113l\u0101k to pameta, joproj\u0101m turoties rok\u0101s.<\/p>\n<p>Pirm\u0101s runas par abu attiec\u012bb\u0101m par\u0101d\u012bj\u0101s jau j\u016blij\u0101, kad vi\u0146i tika paman\u012bti kop\u012bg\u0101s vakari\u0146\u0101s Monre\u0101l\u0101. K\u0101ds iek\u0161\u0113j\u0101s inform\u0101cijas avots nesen izdevumam &#8220;Us Weekly&#8221; atkl\u0101ja, ka Perija ir &#8220;\u013coti aizr\u0101vusies&#8221; ar jaunaj\u0101m attiec\u012bb\u0101m, ta\u010du p\u0101ris cen\u0161as t\u0101s patur\u0113t priv\u0101tas un vair\u0101s no liekas publicit\u0101tes.<\/p>\n<p>\u0160\u012bs attiec\u012bbas abiem ir jauns s\u0101kums p\u0113c iepriek\u0161\u0113jo attiec\u012bbu izjuk\u0161anas. \u0160\u012b gada s\u0101kum\u0101 Keitija Perija \u0161\u0137\u012br\u0101s no sava l\u012bgavai\u0146a, aktiera Orlando Bl\u016bma, ar kuru vi\u0146ai ir kop\u012bga piecus gadus veca meita Deizija Dova. Savuk\u0101rt D\u017eastins Trudo 2023. gad\u0101 pazi\u0146oja par \u0161\u0137ir\u0161anos no sievas Sofijas Gregoiras Trudo p\u0113c 18 gadus ilgas laul\u012bbas, kur\u0101 dzimu\u0161i tr\u012bs b\u0113rni.<\/p>\n","protected":false},"excerpt":{"rendered":"Bage\u0161u un m\u012blest\u012bbas pils\u0113ta Par\u012bze k\u013cuvusi par liecinieci vienam no \u0161\u012b gada p\u0101rsteidzo\u0161\u0101kajiem slaven\u012bbu rom\u0101niem. 41 gadu vec\u0101&hellip;\n","protected":false},"author":2,"featured_media":32444,"comment_status":"","ping_status":"","sticky":false,"template":"","format":"standard","meta":{"footnotes":""},"categories":[19],"tags":[6668,89,90,6667,35,39,38,36,37,34,40],"class_list":{"0":"post-32443","1":"post","2":"type-post","3":"status-publish","4":"format-standard","5":"has-post-thumbnail","7":"category-izklaide","8":"tag-dzastins-trudo","9":"tag-entertainment","10":"tag-izklaide","11":"tag-keitija-perija","12":"tag-latvia","13":"tag-latvian","14":"tag-latviesu","15":"tag-latviesu-valoda","16":"tag-latviesuvaloda","17":"tag-latvija","18":"tag-lv"},"share_on_mastodon":{"url":"https:\/\/pubeurope.com\/@lv\/115445744488282666","error":""},"_links":{"self":[{"href":"https:\/\/www.europesays.com\/lv\/wp-json\/wp\/v2\/posts\/32443","targetHints":{"allow":["GET"]}}],"collection":[{"href":"https:\/\/www.europesays.com\/lv\/wp-json\/wp\/v2\/posts"}],"about":[{"href":"https:\/\/www.europesays.com\/lv\/wp-json\/wp\/v2\/types\/post"}],"author":[{"embeddable":true,"href":"https:\/\/www.europesays.com\/lv\/wp-json\/wp\/v2\/users\/2"}],"replies":[{"embeddable":true,"href":"https:\/\/www.europesays.com\/lv\/wp-json\/wp\/v2\/comments?post=32443"}],"version-history":[{"count":0,"href":"https:\/\/www.europesays.com\/lv\/wp-json\/wp\/v2\/posts\/32443\/revisions"}],"wp:featuredmedia":[{"embeddable":true,"href":"https:\/\/www.europesays.com\/lv\/wp-json\/wp\/v2\/media\/32444"}],"wp:attachment":[{"href":"https:\/\/www.europesays.com\/lv\/wp-json\/wp\/v2\/media?parent=32443"}],"wp:term":[{"taxonomy":"category","embeddable":true,"href":"https:\/\/www.europesays.com\/lv\/wp-json\/wp\/v2\/categories?post=32443"},{"taxonomy":"post_tag","embeddable":true,"href":"https:\/\/www.europesays.com\/lv\/wp-json\/wp\/v2\/tags?post=32443"}],"curies":[{"name":"wp","href":"https:\/\/api.w.org\/{rel}","templated":true}]}}