{"id":32479,"date":"2025-10-27T11:30:09","date_gmt":"2025-10-27T11:30:09","guid":{"rendered":"https:\/\/www.europesays.com\/lv\/32479\/"},"modified":"2025-10-27T11:30:09","modified_gmt":"2025-10-27T11:30:09","slug":"lietuvas-valdiba-lems-par-robezas-ar-baltkrieviju-slegsanu","status":"publish","type":"post","link":"https:\/\/www.europesays.com\/lv\/32479\/","title":{"rendered":"Lietuvas vald\u012bba lems par robe\u017eas ar Baltkrieviju sl\u0113g\u0161anu"},"content":{"rendered":"<p>Vi\u0146a \u017eurn\u0101listiem teica, ka tiek gatavots l\u0113mums uz nenoteiktu laiku sl\u0113gt valsts robe\u017eu ar Baltkrieviju. K\u0101 inform\u0113ja premjerministre, n\u0101kam\u0101 vald\u012bbas s\u0113de pl\u0101nota tre\u0161dien un l\u012bdz tam laikam <a href=\"https:\/\/www.tvnet.lv\/term\/699137\/robeza\" class=\"topicLink\" target=\"_blank\" rel=\"nofollow noopener\">robe\u017ea<\/a> paliks sl\u0113gta.<\/p>\n<p>Ruginiene nor\u0101d\u012bja, ka noteiktus iz\u0146\u0113mumus var\u0113tu attiecin\u0101t uz diplom\u0101tiem, k\u0101 ar\u012b Lietuvas un citu Eiropas Savien\u012bbas (ES) valstu pilso\u0146iem, kas no Baltkrievijas ierodas Lietuv\u0101.<\/p>\n<p>No se\u0161iem robe\u017ekontroles punktiem uz Lietuvas un Baltkrievijas robe\u017eas divi &#8211; \u0160umsk\u0101 un Tvere\u010d\u0101 &#8211; ir sl\u0113gti kop\u0161 2023. gada augusta, bet v\u0113l divi &#8211; Raigard\u0101 un Lavori\u0161\u0137os &#8211; ir sl\u0113gti kop\u0161 2024. gada marta.<\/p>\n<p>Kop\u0161 t\u0101 laika darboj\u0101s tikai divi robe\u017ekontroles punkti &#8211; Medininkos un \u0160al\u010dininkos. Tie ir sl\u0113gti kop\u0161 sv\u0113tdienas vakara, kad Vi\u013c\u0146as lidostas tuvum\u0101 atkal tika konstat\u0113ts liels skaits meteorolo\u0123isko balonu.<\/p>\n<p>Ruginiene ar\u012b pazi\u0146oja, ka Lietuvas bru\u0146otie sp\u0113ki s\u0101ks izmantot &#8220;kin\u0113tiskus pas\u0101kumus&#8221;, lai notriektu meteozondes, kas p\u0101rk\u0101pj valsts gaisa telpu.<\/p>\n<p>&#8220;S\u0101kot ar \u0161odienu, armija veiks visus pas\u0101kumus, ar\u012b kin\u0113tiskos, lai notriektu gaisa balonus,&#8221; vi\u0146a sac\u012bja, piebilstot, ka tas liecina, ka valsts ir gatava veikt &#8220;pat visstingr\u0101kos pas\u0101kumus&#8221;, lai aizsarg\u0101tu savu gaisa telpu.<\/p>\n<p>Ruginiene nepreciz\u0113ja, k\u0101di b\u016bs \u0161ie pas\u0101kumi.<\/p>\n<p>Ja turpin\u0101sies kontrabandas p\u0101rvad\u0101\u0161ana ar meteozond\u0113m no Baltkrievijas, <a href=\"https:\/\/www.tvnet.lv\/term\/555429\/lietuva\" class=\"topicLink\" target=\"_blank\" rel=\"nofollow noopener\">Lietuva<\/a> var apsv\u0113rt iesp\u0113ju atsaukties uz NATO l\u012bguma 4. pantu un r\u012bkot konsult\u0101cijas ar sabiedrotajiem, nor\u0101d\u012bja premjerministre.<\/p>\n<p>Jau v\u0113st\u012bts, ka satiksme Vi\u013c\u0146as lidost\u0101 kontrabandistu gaisa balonu d\u0113\u013c pag\u0101ju\u0161aj\u0101 ned\u0113\u013c\u0101 p\u0101rtraukta \u010detras reizes, bet oktobr\u012b kopum\u0101 &#8211; piecas reizes. Ar\u012b Kau\u0146as lidost\u0101 nakt\u012b no piektdienas uz sestdienu gaisa balonu d\u0113\u013c bija p\u0101rtraukta lidma\u0161\u012bnu pacel\u0161an\u0101s un nolai\u0161an\u0101s.<\/p>\n<p>P\u0113c tam, kad Lietuva sl\u0113dza da\u017eus robe\u017ekontroles punktus ar Baltkrieviju, uzb\u016bv\u0113ja fizisku no\u017eogojumu gar robe\u017eu un pastiprin\u0101ja robe\u017eas dro\u0161\u012bbu, meteorolo\u0123iskie baloni ir k\u013cuvu\u0161i par vienu no visizplat\u012bt\u0101kaj\u0101m tabakas izstr\u0101d\u0101jumu kontrabandas metod\u0113m.<\/p>\n","protected":false},"excerpt":{"rendered":"Vi\u0146a \u017eurn\u0101listiem teica, ka tiek gatavots l\u0113mums uz nenoteiktu laiku sl\u0113gt valsts robe\u017eu ar Baltkrieviju. K\u0101 inform\u0113ja premjerministre,&hellip;\n","protected":false},"author":2,"featured_media":32480,"comment_status":"","ping_status":"","sticky":false,"template":"","format":"standard","meta":{"footnotes":""},"categories":[5],"tags":[23,2416,28,29,32,33,22,30,31,35,39,38,36,37,34,1464,40,20,26,27,1588,24,25,21],"class_list":{"0":"post-32479","1":"post","2":"type-post","3":"status-publish","4":"format-standard","5":"has-post-thumbnail","7":"category-aktualitates","8":"tag-aktualitates","9":"tag-baltkrievija","10":"tag-breaking-news","11":"tag-breakingnews","12":"tag-featured-news","13":"tag-featurednews","14":"tag-headlines","15":"tag-latest-news","16":"tag-latestnews","17":"tag-latvia","18":"tag-latvian","19":"tag-latviesu","20":"tag-latviesu-valoda","21":"tag-latviesuvaloda","22":"tag-latvija","23":"tag-lietuva","24":"tag-lv","25":"tag-news","26":"tag-popularakas-zinas","27":"tag-popularakaszinas","28":"tag-robeza","29":"tag-top-stories","30":"tag-topstories","31":"tag-zinas"},"share_on_mastodon":{"url":"https:\/\/pubeurope.com\/@lv\/115445905804508870","error":""},"_links":{"self":[{"href":"https:\/\/www.europesays.com\/lv\/wp-json\/wp\/v2\/posts\/32479","targetHints":{"allow":["GET"]}}],"collection":[{"href":"https:\/\/www.europesays.com\/lv\/wp-json\/wp\/v2\/posts"}],"about":[{"href":"https:\/\/www.europesays.com\/lv\/wp-json\/wp\/v2\/types\/post"}],"author":[{"embeddable":true,"href":"https:\/\/www.europesays.com\/lv\/wp-json\/wp\/v2\/users\/2"}],"replies":[{"embeddable":true,"href":"https:\/\/www.europesays.com\/lv\/wp-json\/wp\/v2\/comments?post=32479"}],"version-history":[{"count":0,"href":"https:\/\/www.europesays.com\/lv\/wp-json\/wp\/v2\/posts\/32479\/revisions"}],"wp:featuredmedia":[{"embeddable":true,"href":"https:\/\/www.europesays.com\/lv\/wp-json\/wp\/v2\/media\/32480"}],"wp:attachment":[{"href":"https:\/\/www.europesays.com\/lv\/wp-json\/wp\/v2\/media?parent=32479"}],"wp:term":[{"taxonomy":"category","embeddable":true,"href":"https:\/\/www.europesays.com\/lv\/wp-json\/wp\/v2\/categories?post=32479"},{"taxonomy":"post_tag","embeddable":true,"href":"https:\/\/www.europesays.com\/lv\/wp-json\/wp\/v2\/tags?post=32479"}],"curies":[{"name":"wp","href":"https:\/\/api.w.org\/{rel}","templated":true}]}}