{"id":32487,"date":"2025-10-27T11:37:14","date_gmt":"2025-10-27T11:37:14","guid":{"rendered":"https:\/\/www.europesays.com\/lv\/32487\/"},"modified":"2025-10-27T11:37:14","modified_gmt":"2025-10-27T11:37:14","slug":"aizsaks-jaunu-koncertu-ciklu-gadalaiki-ar-raimonda-paula-muziku","status":"publish","type":"post","link":"https:\/\/www.europesays.com\/lv\/32487\/","title":{"rendered":"Aizs\u0101ks jaunu koncertu ciklu &#8220;Gadalaiki&#8221; ar Raimonda Paula m\u016bziku"},"content":{"rendered":"<p>Gaidot Maestro Raimonda Paula 90 gadu jubileju, kas tiks svin\u0113ta 2026. gada 12. janv\u0101r\u012b, ir tapis \u012bpa\u0161s koncertu cikls &#8220;Gadalaiki&#8221;. T\u0101 pirmais koncerts &#8220;<a rel=\"noopener nofollow\" target=\"_blank\" href=\"https:\/\/www.delfi.lv\/temas\/40409925\/raimonds-pauls\" tag-id=\"40409925\">Raimonds Pauls<\/a>. Gadalaiki. Ziema&#8221;, kas b\u016bs velt\u012bts komponista m\u016bzikai ziemas noska\u0146\u0101s, izskan\u0113s jau 3. decembr\u012b pulksten 19 VEF Kult\u016bras pil\u012b.<\/p>\n<p>&#8220;Ziemas koncerts b\u016bs k\u0101 muzik\u0101ls st\u0101sts par gadalaika burv\u012bbu \u2013 par sniegu, gaismu un siltumu, kas m\u012bt cilv\u0113ku sird\u012bs. K\u0101 saka pats Maestro, vi\u0146am vienm\u0113r bijis svar\u012bgi, lai m\u016bzika atg\u0101din\u0101tu par dz\u012bves vienk\u0101r\u0161aj\u0101m, bet skaistaj\u0101m liet\u0101m \u2013 par mieru, m\u0101j\u0101m, cilv\u0113kiem un atmi\u0146\u0101m,&#8221; pau\u017e koncerta r\u012bkot\u0101ji.<\/p>\n<p class=\"western\">Programm\u0101 skan\u0113s Raimonda Paula kompon\u0113tas dziesmas ar izcilu latvie\u0161u dzejnieku \u2013 <a rel=\"noopener nofollow\" target=\"_blank\" href=\"https:\/\/www.delfi.lv\/temas\/43202414\/aspazija\" tag-id=\"43202414\">Aspazijas<\/a>, J\u0101\u0146a Petera, J\u0101\u0146a Poruka u.c. v\u0101rdiem. Programm\u0101 b\u016bs iek\u013cauti t\u0101di ska\u0146darbi k\u0101 &#8220;Balts sniedzi\u0146\u0161 snieg uz skuji\u0146\u0101m&#8221;, &#8220;Zieme\u013cbl\u0101zmas romance&#8221;, &#8220;Circen\u012b\u0161a Ziemassv\u0113tki&#8221;, &#8220;No nakts uz r\u012btu&#8221;, &#8220;Ziemassv\u0113tku egl\u012bte&#8221;, &#8220;Ziemas \u0161\u016bpu\u013cdziesma&#8221;, &#8220;Ziemas ce\u013ca idille&#8221; u.c.<\/p>\n<p class=\"western\">Tos izdzied\u0101s Latvijas Nacion\u0101l\u0101 te\u0101tra aktieri Marija B\u0113rzi\u0146a un Ain\u0101rs An\u010devskis, dzied\u0101t\u0101ji Annija Putni\u0146a un Normunds Rutulis, k\u0101 ar\u012b m\u016bzi\u0137is Dagnis Rozi\u0146\u0161, kur\u0161 ne tikai ir sp\u0113c\u012bgs vok\u0101lists, bet ar\u012b meistar\u012bgi p\u0101rvalda saksofonu, ko var\u0113s dzird\u0113t ar\u012b \u0161aj\u0101 koncert\u0101).<\/p>\n<p class=\"m-0\">Seko &#8220;Delfi&#8221; ar\u012b  <a target=\"_blank\" href=\"https:\/\/www.instagram.com\/delfi.lv\/\" rel=\"nofollow noopener\">Instagram<\/a>  un <a target=\"_blank\" href=\"https:\/\/www.youtube.com\/channel\/UCw5foWtcJvAbUm64rv7jwUQ\" rel=\"nofollow noopener\">YouTube<\/a>  profil\u0101 \u2013 pievienojies, lai uzzin\u0101tu svar\u012bg\u0101ko un interesant\u0101ko pirmais!<\/p>\n<p>Publik\u0101cijas saturs vai t\u0101s jebk\u0101da apjoma da\u013ca ir aizsarg\u0101ts autorties\u012bbu objekts Autorties\u012bbu likuma izpratn\u0113, un t\u0101 izmanto\u0161ana bez izdev\u0113ja at\u013caujas ir aizliegta. Vair\u0101k lasi  <a target=\"_blank\" href=\"https:\/\/www.delfi.lv\/noteikumi#autortiesibas\" rel=\"nofollow noopener\">\u0161eit<\/a><script async src=\"\/\/www.instagram.com\/embed.js\"><\/script><\/p>\n","protected":false},"excerpt":{"rendered":"Gaidot Maestro Raimonda Paula 90 gadu jubileju, kas tiks svin\u0113ta 2026. gada 12. janv\u0101r\u012b, ir tapis \u012bpa\u0161s koncertu&hellip;\n","protected":false},"author":2,"featured_media":32488,"comment_status":"","ping_status":"","sticky":false,"template":"","format":"standard","meta":{"footnotes":""},"categories":[19],"tags":[9742,89,90,1970,9743,35,39,38,36,37,34,40,2672,431],"class_list":{"0":"post-32487","1":"post","2":"type-post","3":"status-publish","4":"format-standard","5":"has-post-thumbnail","7":"category-izklaide","8":"tag-aspazija","9":"tag-entertainment","10":"tag-izklaide","11":"tag-janis-peters","12":"tag-janis-poruks","13":"tag-latvia","14":"tag-latvian","15":"tag-latviesu","16":"tag-latviesu-valoda","17":"tag-latviesuvaloda","18":"tag-latvija","19":"tag-lv","20":"tag-raimonds-pauls","21":"tag-vef-kulturas-pils"},"share_on_mastodon":{"url":"https:\/\/pubeurope.com\/@lv\/115445933212648224","error":""},"_links":{"self":[{"href":"https:\/\/www.europesays.com\/lv\/wp-json\/wp\/v2\/posts\/32487","targetHints":{"allow":["GET"]}}],"collection":[{"href":"https:\/\/www.europesays.com\/lv\/wp-json\/wp\/v2\/posts"}],"about":[{"href":"https:\/\/www.europesays.com\/lv\/wp-json\/wp\/v2\/types\/post"}],"author":[{"embeddable":true,"href":"https:\/\/www.europesays.com\/lv\/wp-json\/wp\/v2\/users\/2"}],"replies":[{"embeddable":true,"href":"https:\/\/www.europesays.com\/lv\/wp-json\/wp\/v2\/comments?post=32487"}],"version-history":[{"count":0,"href":"https:\/\/www.europesays.com\/lv\/wp-json\/wp\/v2\/posts\/32487\/revisions"}],"wp:featuredmedia":[{"embeddable":true,"href":"https:\/\/www.europesays.com\/lv\/wp-json\/wp\/v2\/media\/32488"}],"wp:attachment":[{"href":"https:\/\/www.europesays.com\/lv\/wp-json\/wp\/v2\/media?parent=32487"}],"wp:term":[{"taxonomy":"category","embeddable":true,"href":"https:\/\/www.europesays.com\/lv\/wp-json\/wp\/v2\/categories?post=32487"},{"taxonomy":"post_tag","embeddable":true,"href":"https:\/\/www.europesays.com\/lv\/wp-json\/wp\/v2\/tags?post=32487"}],"curies":[{"name":"wp","href":"https:\/\/api.w.org\/{rel}","templated":true}]}}