{"id":32495,"date":"2025-10-27T11:42:16","date_gmt":"2025-10-27T11:42:16","guid":{"rendered":"https:\/\/www.europesays.com\/lv\/32495\/"},"modified":"2025-10-27T11:42:16","modified_gmt":"2025-10-27T11:42:16","slug":"notika-latvija-pargaja-uz-pulkstenu-raditajiem-pec-1981-gada-standarta","status":"publish","type":"post","link":"https:\/\/www.europesays.com\/lv\/32495\/","title":{"rendered":"Notika: Latvija p\u0101rg\u0101ja uz pulkste\u0146u r\u0101d\u012bt\u0101jiem p\u0113c 1981. gada standarta"},"content":{"rendered":"<p>Sv\u0113tdienas nakt\u012b Latvij\u0101 notika p\u0101reja no vasaras uz ziemas laiku &#8211; plkst. 4 pulkste\u0146u r\u0101d\u012bt\u0101ji tika p\u0101rv\u0113rsti par vienu stundu atpaka\u013c. Vasaras laiks pirmo reizi tika ieviests Latvij\u0101 1981. gad\u0101.<\/p>\n<p>K\u0101 zi\u0146o Ekonomikas ministrija, p\u0101reju uz vasaras un ziemas laiku Latvij\u0101 regul\u0113 Ministru kabineta 2010. gada 26. oktobra noteikums &#8220;Par p\u0101reju uz vasaras laiku&#8221;. Savuk\u0101rt Eiropas Savien\u012bb\u0101 (ES) p\u0101rejas uz vasaras laiku k\u0101rt\u012bbu nosaka Eiropas Parlamenta un ES Padomes direkt\u012bva no 2001. gada 19. janv\u0101ra, kas vienveid\u012bgi nosaka vasaras laika s\u0101kumu un beigas vis\u0101m ES dal\u012bbvalst\u012bm.<\/p>\n<p>K\u0101 nor\u0101da Ekonomikas ministrij\u0101, lai gan ES l\u012bmen\u012b tika apspriests jaut\u0101jums par laika p\u0101rv\u0113r\u0161anas atcel\u0161anu, vienbals\u012bga l\u0113muma pie\u0146emta netika, jo daudzas valstis uzskata, ka laika p\u0101rv\u0113r\u0161anas atcel\u0161anai nepiecie\u0161ama piln\u012bga ietekmes nov\u0113rt\u0113\u0161ana uz izmaks\u0101m un citiem aspektiem.<\/p>\n<p>P\u0101reja uz vasaras laiku notiks 2026. gada 29. mart\u0101 plkst. 3, un pulkste\u0146i b\u016bs j\u0101grie\u017e uz priek\u0161u par vienu stundu.<\/p>\n<p>Vasaras laiks pirmo reizi tika ieviests Latvij\u0101 1981. gad\u0101.<\/p>\n","protected":false},"excerpt":{"rendered":"Sv\u0113tdienas nakt\u012b Latvij\u0101 notika p\u0101reja no vasaras uz ziemas laiku &#8211; plkst. 4 pulkste\u0146u r\u0101d\u012bt\u0101ji tika p\u0101rv\u0113rsti par&hellip;\n","protected":false},"author":2,"featured_media":32496,"comment_status":"","ping_status":"","sticky":false,"template":"","format":"standard","meta":{"footnotes":""},"categories":[5],"tags":[23,28,29,32,33,22,30,31,35,39,38,36,37,34,40,20,26,27,24,25,21],"class_list":{"0":"post-32495","1":"post","2":"type-post","3":"status-publish","4":"format-standard","5":"has-post-thumbnail","7":"category-aktualitates","8":"tag-aktualitates","9":"tag-breaking-news","10":"tag-breakingnews","11":"tag-featured-news","12":"tag-featurednews","13":"tag-headlines","14":"tag-latest-news","15":"tag-latestnews","16":"tag-latvia","17":"tag-latvian","18":"tag-latviesu","19":"tag-latviesu-valoda","20":"tag-latviesuvaloda","21":"tag-latvija","22":"tag-lv","23":"tag-news","24":"tag-popularakas-zinas","25":"tag-popularakaszinas","26":"tag-top-stories","27":"tag-topstories","28":"tag-zinas"},"share_on_mastodon":{"url":"https:\/\/pubeurope.com\/@lv\/115445952898094349","error":""},"_links":{"self":[{"href":"https:\/\/www.europesays.com\/lv\/wp-json\/wp\/v2\/posts\/32495","targetHints":{"allow":["GET"]}}],"collection":[{"href":"https:\/\/www.europesays.com\/lv\/wp-json\/wp\/v2\/posts"}],"about":[{"href":"https:\/\/www.europesays.com\/lv\/wp-json\/wp\/v2\/types\/post"}],"author":[{"embeddable":true,"href":"https:\/\/www.europesays.com\/lv\/wp-json\/wp\/v2\/users\/2"}],"replies":[{"embeddable":true,"href":"https:\/\/www.europesays.com\/lv\/wp-json\/wp\/v2\/comments?post=32495"}],"version-history":[{"count":0,"href":"https:\/\/www.europesays.com\/lv\/wp-json\/wp\/v2\/posts\/32495\/revisions"}],"wp:featuredmedia":[{"embeddable":true,"href":"https:\/\/www.europesays.com\/lv\/wp-json\/wp\/v2\/media\/32496"}],"wp:attachment":[{"href":"https:\/\/www.europesays.com\/lv\/wp-json\/wp\/v2\/media?parent=32495"}],"wp:term":[{"taxonomy":"category","embeddable":true,"href":"https:\/\/www.europesays.com\/lv\/wp-json\/wp\/v2\/categories?post=32495"},{"taxonomy":"post_tag","embeddable":true,"href":"https:\/\/www.europesays.com\/lv\/wp-json\/wp\/v2\/tags?post=32495"}],"curies":[{"name":"wp","href":"https:\/\/api.w.org\/{rel}","templated":true}]}}