{"id":32505,"date":"2025-10-27T11:53:10","date_gmt":"2025-10-27T11:53:10","guid":{"rendered":"https:\/\/www.europesays.com\/lv\/32505\/"},"modified":"2025-10-27T11:53:10","modified_gmt":"2025-10-27T11:53:10","slug":"vdd-rosina-apsudzet-cetru-personu-grupu-par-kaitnieciskam-darbibam-krievijas-intereses","status":"publish","type":"post","link":"https:\/\/www.europesays.com\/lv\/32505\/","title":{"rendered":"VDD rosina aps\u016bdz\u0113t \u010detru personu grupu par kaitniecisk\u0101m darb\u012bb\u0101m Krievijas interes\u0113s"},"content":{"rendered":"<p class=\"lead\">\n                                Valsts dro\u0161\u012bbas dienests (VDD) 17. oktobr\u012b rosin\u0101jis prokurat\u016bru s\u0101kt krimin\u0101lvaj\u0101\u0161anu pret \u010detr\u0101m person\u0101m par kaitniecisk\u0101m darb\u012bb\u0101m pret kritisko infrastrukt\u016bru un citiem objektiem Latvijas teritorij\u0101, inform\u0113ja dienests.\n                            <\/p>\n<p style=\"margin-left:0px;\">Personu grupa pret Latvijas dro\u0161\u012bbu v\u0113rst\u0101s darb\u012bbas veikusi Krievijas specdienesta uzdevum\u0101.<\/p>\n<p style=\"margin-left:0px;\">Krimin\u0101lprocesu, kur\u0101 tika konstat\u0113tas \u0161o personu veikt\u0101s darb\u012bbas, VDD s\u0101ka 2024. gada 10. j\u016bnij\u0101. VDD izmekl\u0113\u0161an\u0101 noskaidroja, ka p\u0113c Krievijas specdienesta iniciat\u012bvas ir izveidota personu grupa, kur\u0101 apvienoju\u0161ies cilv\u0113ki ar m\u0113r\u0137i izdar\u012bt sevi\u0161\u0137i smagus noziegumus pret Latvijas valsti. \u0160\u012bs personas iesaist\u012bj\u0101s kaitniecisku darb\u012bbu pl\u0101no\u0161an\u0101, organiz\u0113\u0161an\u0101 un \u012bsteno\u0161an\u0101 pret da\u017e\u0101diem objektiem Latvijas teritorij\u0101, izmantojot t\u012b\u0161u dedzin\u0101\u0161anu. VDD \u0161\u0101 gada pavasar\u012b tr\u012bs iesaist\u012btos aiztur\u0113ja, savuk\u0101rt ceturt\u0101 persona jau atrad\u0101s ieslodz\u012bjuma viet\u0101 par cita noziedz\u012bga nodar\u012bjuma izdar\u012b\u0161anu.<\/p>\n<p style=\"margin-left:0px;\">VDD ieg\u016btais pier\u0101d\u012bjumu kopums liecina, ka aizdom\u0101s tur\u0113t\u0101s personas 2023. gada ruden\u012b izpl\u0101noja un veica priv\u0101tuz\u0146\u0113mumam piedero\u0161a objekta t\u012b\u0161u dedzin\u0101\u0161anu, jo konkr\u0113tais uz\u0146\u0113mums \u012bstenoja ar aizsardz\u012bbas jomu saist\u012btu projektu.<\/p>\n<p style=\"margin-left:0px;\">T\u0101pat personas 2024. gada s\u0101kum\u0101 veica sagatavo\u0161an\u0101s darb\u012bbas ar m\u0113r\u0137i aizdedzin\u0101t kravas transportl\u012bdzekli ar Ukrainas numurz\u012bm\u0113m kritisk\u0101s infrastrukt\u016bras objekta teritorij\u0101, proti, personas izl\u016bkoja un videoierakst\u0101 fiks\u0113ja objekta apk\u0101rtni un potenci\u0101l\u0101s iek\u013c\u016b\u0161anas vietas \u0161\u012b objekta teritorij\u0101.<\/p>\n<p style=\"margin-left:0px;\">VDD izmekl\u0113\u0161an\u0101 noskaidroja, ka aizdom\u0101s tur\u0113t\u0101s personas veiku\u0161as ar\u012b vair\u0101ku citu potenci\u0101lu kaitniecisko darb\u012bbu m\u0113r\u0137u izl\u016bko\u0161anu, tostarp fiks\u0113jot \u0161os objektus un to apk\u0101rtni foto un video materi\u0101los, kurus nos\u016bt\u012bja organizatoriem Krievij\u0101. Lai nov\u0113rstu potenci\u0101las kaitniecisk\u0101s darb\u012bbas pret \u0161iem objektiem, VDD \u012bstenoja pla\u0161u prevent\u012bvu pas\u0101kumu kopumu.<\/p>\n<p style=\"margin-left:0px;\">VDD diviem aizdom\u0101s tur\u0113tajiem Latvijas valstspieder\u012bgajiem inkrimin\u0113 pal\u012bdz\u012bbas snieg\u0161anu Krievijai personu grup\u0101 pret Latvijas dro\u0161\u012bbu v\u0113rst\u0101 darb\u012bb\u0101 un sve\u0161as mantas t\u012b\u0161u boj\u0101\u0161anu. Tre\u0161ajai aizdom\u0101s tur\u0113tajai personai dienests inkrimin\u0113 pamudin\u0101\u0161anu un uzk\u016bd\u012b\u0161anu veikt kaitniecisk\u0101s darb\u012bbas, kas izpaud\u0101s faktisko uzdevumu izpild\u012bt\u0101ju atra\u0161an\u0101.<\/p>\n<p style=\"margin-left:0px;\">Savuk\u0101rt ceturtajai personai VDD inkrimin\u0113 noziedz\u012bgo nodar\u012bjumu atbalst\u012b\u0161anu, ar sav\u0101 r\u012bc\u012bb\u0101 eso\u0161o transportl\u012bdzekli nog\u0101d\u0101jot faktiskos uzdevumu izpild\u012bt\u0101jus l\u012bdz vietai, kur paredz\u0113ts veikt kaitniecisk\u0101s darb\u012bbas, k\u0101 ar\u012b pal\u012bdzot pamest nozieguma izdar\u012b\u0161anas vietu.<\/p>\n<p style=\"margin-left:0px;\">Tr\u012bs aizdom\u0101s tur\u0113taj\u0101m person\u0101m patlaban k\u0101 dro\u0161\u012bbas l\u012bdzeklis piem\u0113rots apcietin\u0101jums, savuk\u0101rt viena no aizdom\u0101s tur\u0113taj\u0101m person\u0101m patlaban jau izcie\u0161 br\u012bv\u012bbas at\u0146em\u0161anu par cita noziedz\u012bga nodar\u012bjuma izdar\u012b\u0161anu.<\/p>\n<p style=\"margin-left:0px;\">Jau zi\u0146ots, ka septembr\u012b iek\u0161lietu ministrs Rihards Kozlovskis (JV) intervij\u0101 a\u0123ent\u016brai LETA atzina, ka p\u0113d\u0113jo divu gadu laik\u0101 Latvij\u0101 notiku\u0161i vismaz desmit sabot\u0101\u017eas akti, un efekt\u012bv\u0101kai rea\u0123\u0113\u0161anai papildus j\u0101invest\u0113 specvien\u012bb\u0101s un j\u0101dom\u0101 par helikopteru ieg\u0101di.<\/p>\n<p style=\"margin-left:0px;\">Konkr\u0113tu p\u0113d\u0113jo divu gadu laik\u0101 re\u0123istr\u0113to sabot\u0101\u017eas gad\u012bjumu skaitu ministrs nemin\u0113ja, ta\u010du uzsv\u0113ra, ka to nav simtiem, bet ne maz\u0101k par desmit. Tie\u0161i pag\u0101ju\u0161ais gads iez\u012bm\u0113jies ar to, ka notika p\u0101reja no &#8220;maig\u0101s varas&#8221; &#8211; centieniem iedarboties uz cilv\u0113ku pr\u0101tiem &#8211; jau uz fiziskiem uzbrukumiem Latvijas infrastrukt\u016brai.<\/p>\n<p style=\"margin-left:0px;\">K\u0101 ikvien\u0101 noziegum\u0101 ar\u012b \u0161eit ir izpild\u012bt\u0101ji, ir starpnieki, ir atbalst\u012bt\u0101ji, ir organiz\u0113t\u0101ji, nor\u0101d\u012bja Kozlovskis. Organiz\u0113t\u0101ji nev\u0113las sevis identific\u0113\u0161anu, savuk\u0101rt izpild\u012bt\u0101ji p\u0101rsvar\u0101 ir ar krimin\u0101lu pag\u0101tni vai saist\u012bti ar krimin\u0101laj\u0101m aprind\u0101m.<\/p>\n<p class=\"paragraph-muted\">Izv\u0113lies savu soct\u012bklu platformu, lai sekotu LASI.LV: <a href=\"https:\/\/www.facebook.com\/portals.lasi.lv\" target=\"_blank\" rel=\"noopener noreferrer nofollow\">Facebook<\/a>, <a href=\"https:\/\/twitter.com\/lasilvportals\" target=\"_blank\" rel=\"noopener noreferrer nofollow\">X<\/a>, <a href=\"https:\/\/bsky.app\/profile\/lasilv.bsky.social\" target=\"_blank\" rel=\"noopener noreferrer nofollow\">Bluesky<\/a>, <a href=\"https:\/\/www.draugiem.lv\/lasilv\/?pg=4\" target=\"_blank\" rel=\"noopener noreferrer nofollow\">Draugiem<\/a> vai ar\u012b <a href=\"https:\/\/www.instagram.com\/lasilv_zinas\/\" target=\"_blank\" rel=\"noopener noreferrer nofollow\">Instagram<\/a>. Pievienojies m\u016bsu las\u012bt\u0101ju pulkam, lai sa\u0146emtu \u012bpa\u0161i tev atlas\u012btu noder\u012bgu, praktisku un aktu\u0101lu saturu.\u00a0<\/p>\n<p><a href=\"https:\/\/lasi.lv\/abonesana\" rel=\"nofollow noopener\" target=\"_blank\">Abon\u0113<\/a>\u00a0LASI.LV gadam\u00a0vai k\u0101du no\u00a0&#8220;Latvijas Mediju&#8221; periodiskajiem izdevumiem 2026. gadam, un laim\u0113 1500 eiro vai Philips kafijas autom\u0101tu. Loterijas at\u013caujas nr. 8744.<\/p>\n<p><img decoding=\"async\" src=\"https:\/\/www.europesays.com\/lv\/wp-content\/uploads\/2025\/10\/1760568371_496_2025100311425268df8c8c1572e.jpg\" alt=\"\" loading=\"lazy\"\/><\/p>\n<p style=\"margin-left:auto;\">Pieraksties LASI.LV redaktora v\u0113stkopai <a href=\"https:\/\/lasi.lv\/vestkopa\/lasi-lv-galvena-redaktora-vestkopa\" rel=\"nofollow noopener\" target=\"_blank\">\u0161eit<\/a>.<\/p>\n<p>Pieraksties v\u0113stkopai un divas reizes ned\u0113\u013c\u0101 sa\u0146em padzi\u013cin\u0101tu LASI.LV galven\u0101 redaktora aktu\u0101lo zi\u0146u, kompetentu viedok\u013cu un interesant\u0101ko interviju apkopojumu.<\/p>\n<p>Ko tu sa\u0146emsi:<\/p>\n<ul>\n<li>Daudzveid\u012bgus koment\u0101rus un kompetentus Latvijas Mediju \u017eurn\u0101listu un autoru viedok\u013cus par aktu\u0101lo<\/li>\n<li>Ekspertu koment\u0101rus par da\u017e\u0101diem praktiskiem, noder\u012bgiem tematiem<\/li>\n<li>Aizraujo\u0161us materi\u0101lus par v\u0113sturi, psiholo\u0123iju, kult\u016bru<\/li>\n<li>Gata \u0160\u013c\u016bkas karikat\u016bru<\/li>\n<li>Tav\u0101 e-pasta kast\u012bt\u0113 katru ceturtdienu<\/li>\n<\/ul>\n<p style=\"margin-left:auto;\">\u00a0<\/p>\n<p><script async src=\"https:\/\/platform.twitter.com\/widgets.js\" charset=\"utf-8\"><\/script><script async src=\"\/\/www.instagram.com\/embed.js\"><\/script><\/p>\n","protected":false},"excerpt":{"rendered":"Valsts dro\u0161\u012bbas dienests (VDD) 17. oktobr\u012b rosin\u0101jis prokurat\u016bru s\u0101kt krimin\u0101lvaj\u0101\u0161anu pret \u010detr\u0101m person\u0101m par kaitniecisk\u0101m darb\u012bb\u0101m pret kritisko&hellip;\n","protected":false},"author":2,"featured_media":32506,"comment_status":"","ping_status":"","sticky":false,"template":"","format":"standard","meta":{"footnotes":""},"categories":[12],"tags":[23,28,29,32,33,22,30,31,35,39,38,36,37,34,40,20,26,27,24,25,21],"class_list":{"0":"post-32505","1":"post","2":"type-post","3":"status-publish","4":"format-standard","5":"has-post-thumbnail","7":"category-latvija","8":"tag-aktualitates","9":"tag-breaking-news","10":"tag-breakingnews","11":"tag-featured-news","12":"tag-featurednews","13":"tag-headlines","14":"tag-latest-news","15":"tag-latestnews","16":"tag-latvia","17":"tag-latvian","18":"tag-latviesu","19":"tag-latviesu-valoda","20":"tag-latviesuvaloda","21":"tag-latvija","22":"tag-lv","23":"tag-news","24":"tag-popularakas-zinas","25":"tag-popularakaszinas","26":"tag-top-stories","27":"tag-topstories","28":"tag-zinas"},"share_on_mastodon":{"url":"https:\/\/pubeurope.com\/@lv\/115445996271729740","error":""},"_links":{"self":[{"href":"https:\/\/www.europesays.com\/lv\/wp-json\/wp\/v2\/posts\/32505","targetHints":{"allow":["GET"]}}],"collection":[{"href":"https:\/\/www.europesays.com\/lv\/wp-json\/wp\/v2\/posts"}],"about":[{"href":"https:\/\/www.europesays.com\/lv\/wp-json\/wp\/v2\/types\/post"}],"author":[{"embeddable":true,"href":"https:\/\/www.europesays.com\/lv\/wp-json\/wp\/v2\/users\/2"}],"replies":[{"embeddable":true,"href":"https:\/\/www.europesays.com\/lv\/wp-json\/wp\/v2\/comments?post=32505"}],"version-history":[{"count":0,"href":"https:\/\/www.europesays.com\/lv\/wp-json\/wp\/v2\/posts\/32505\/revisions"}],"wp:featuredmedia":[{"embeddable":true,"href":"https:\/\/www.europesays.com\/lv\/wp-json\/wp\/v2\/media\/32506"}],"wp:attachment":[{"href":"https:\/\/www.europesays.com\/lv\/wp-json\/wp\/v2\/media?parent=32505"}],"wp:term":[{"taxonomy":"category","embeddable":true,"href":"https:\/\/www.europesays.com\/lv\/wp-json\/wp\/v2\/categories?post=32505"},{"taxonomy":"post_tag","embeddable":true,"href":"https:\/\/www.europesays.com\/lv\/wp-json\/wp\/v2\/tags?post=32505"}],"curies":[{"name":"wp","href":"https:\/\/api.w.org\/{rel}","templated":true}]}}