{"id":32514,"date":"2025-10-27T12:12:08","date_gmt":"2025-10-27T12:12:08","guid":{"rendered":"https:\/\/www.europesays.com\/lv\/32514\/"},"modified":"2025-10-27T12:12:08","modified_gmt":"2025-10-27T12:12:08","slug":"nato-eksperimenta-latvija-teste-bezpilota-sistemu-izmantosanu-sarezgitas-vides-raksts","status":"publish","type":"post","link":"https:\/\/www.europesays.com\/lv\/32514\/","title":{"rendered":"NATO eksperiment\u0101 Latvij\u0101 test\u0113 bezpilota sist\u0113mu izmanto\u0161anu sare\u017e\u0123\u012bt\u0101s vid\u0113s \/ Raksts"},"content":{"rendered":"<p>No pirmdienas, 27. oktobra, l\u012bdz 7. novembrim milit\u0101raj\u0101 b\u0101z\u0113 &#8220;\u0100da\u017ei&#8221; un virtu\u0101li vair\u0101k\u0101s NATO dal\u012bbvalst\u012bs norisin\u0101sies l\u012bdz \u0161im liel\u0101kais NATO jauno aizsardz\u012bbas tehnolo\u0123iju izp\u0113tes un izm\u0113\u0123in\u0101jumu eksperiments \u2013 &#8220;Digit\u0101l\u0101 mugurkaula eksperiments&#8221; (DiBaX), inform\u0113ja Aizsardz\u012bbas ministrij\u0101.<\/p>\n<blockquote>\n<p>\u00a0\u0160ogad eksperiment\u0101 galven\u0101 uzman\u012bba tiks velt\u012bta bezpilota sist\u0113mu izmanto\u0161anai sare\u017e\u0123\u012bt\u0101s operacion\u0101l\u0101s vid\u0113s, k\u0101 ar\u012b m\u0101ksl\u012bg\u0101 intelekta pielietojumam m\u0113r\u0137u identific\u0113\u0161anas un situ\u0101cijas apzin\u0101\u0161anas uzdevumos.<\/p>\n<\/blockquote>\n<p>Aizsardz\u012bbas ministrs Andris Spr\u016bds (&#8220;Progres\u012bvie&#8221;) nor\u0101d\u012baja, ka\u00a0&#8220;DiBaX&#8221; ir vien\u012bgais \u0161\u0101da m\u0113roga milit\u0101ro tehnolo\u0123iju eksperiments, ko NATO jau \u010detrus gadus \u012bsteno tie\u0161i Latvij\u0101.<\/p>\n<blockquote>\n<p>&#8220;Tas apliecina m\u016bsu aizsardz\u012bbas industrijas att\u012bst\u012bbu 5G tehnolo\u0123iju jom\u0101, Nacion\u0101lo bru\u0146oto sp\u0113ku ieguld\u012bjumu inov\u0101ciju att\u012bst\u012bb\u0101 un Latvijas aizsardz\u012bbas infrastrukt\u016bras sp\u0113ju uz\u0146emt \u0161\u0101da l\u012bme\u0146a eksperimentus,&#8221; pauda Spr\u016bds.<\/p>\n<\/blockquote>\n<p>NATO Sabiedroto transform\u0101cijas pav\u0113lniec\u012bbas Sp\u0113ju att\u012bst\u012bbas \u0161t\u0101ba priek\u0161nieka vietnieks, ASV J\u016bras sp\u0113ku viceadmir\u0101lis D\u017eefrijs V. Hj\u016bzs\u00a0uzsv\u0113ra, ka\u00a0NATO Sabiedroto transform\u0101cijas pav\u0113lniec\u012bba nodro\u0161ina jaunu digit\u0101lo risin\u0101jumu ievie\u0161anu NATO proced\u016br\u0101s un darb\u012bb\u0101s.<\/p>\n<p>&#8220;Pav\u0113lniec\u012bba veic sp\u0113jas att\u012bst\u012bbas, konceptu\u0101lus un operacion\u0101lus eksperimentus, lai pa\u0101trin\u0101tu NATO &#8220;digit\u0101l\u0101 mugurkaula&#8221; sp\u0113ju ievie\u0161anu un \u012bsteno\u0161anu da\u017e\u0101d\u0101s NATO strukt\u016br\u0101s,&#8221; nor\u0101d\u012bja Hj\u016bzs.\u00a0<\/p>\n<p>SIA &#8220;Latvijas Mobilais telefons&#8221; (LMT)\u00a0prezidents\u00a0Juris Binde akcent\u0113ja, ka\u00a0&#8220;DiBaX&#8221; ir ne tikai tehnolo\u0123iju eksperiments \u2013 tas ir apliecin\u0101jums tam, ka Latvija sp\u0113j b\u016bt priek\u0161gal\u0101 NATO digit\u0101l\u0101s transform\u0101cijas proces\u0101.<\/p>\n<p>&#8220;LMT jau ceturto gadu ir \u0161\u012b eksperimenta tehnolo\u0123iju integrators, un katru gadu m\u0113s redzam strauju izaugsmi \u2013 vair\u0101k dal\u012bbvalstu, sare\u017e\u0123\u012bt\u0101ki uzdevumi, augst\u0101ka tehnisk\u0101 lati\u0146a,&#8221; pauda Binde.<\/p>\n<p>Vi\u0146\u0161 nor\u0101d\u012bja, ka noz\u012bm\u012bgi ir tas, ka eksperiment\u0101 arvien akt\u012bv\u0101k iesaist\u0101s Latvijas aizsardz\u012bbas industrijas uz\u0146\u0113mumi, veidojot risin\u0101jumus, kas piel\u0101goti n\u0101kotnes kaujas laukam. \u0160\u012b sadarb\u012bba starp publisko un priv\u0101to sektoru, apvienojum\u0101 ar m\u016bsdienu tehnolo\u0123iskaj\u0101m iesp\u0113j\u0101m, \u013cauj jau \u0161odien paveikt neiedom\u0101jami daudz\u00a0valsts aizsardz\u012bbas lab\u0101.<\/p>\n<p>Digit\u0101l\u0101 infrastrukt\u016bra ir b\u016btiska NATO daudzdom\u0113nu \u2013 \u016bdens, zemes, gaisa kosmosa, kibertelpas \u2013 oper\u0101ciju \u00a0sast\u0101vda\u013ca, kas nodro\u0161ina savienojam\u012bbu starp kompleks\u0101m sp\u0113ku strukt\u016br\u0101m. &#8220;<\/p>\n<blockquote>\n<p>DiBaX&#8221; laik\u0101 tiks demonstr\u0113tas un izv\u0113rt\u0113tas modern\u0101k\u0101s tehnolo\u0123isk\u0101s inov\u0101cijas, test\u0113jot to integr\u0101cijas iesp\u0113jas re\u0101los operacion\u0101los apst\u0101k\u013cos, lai stiprin\u0101tu sabiedroto sp\u0113ku savietojam\u012bbu un efektivit\u0101ti.\u00a0<\/p>\n<\/blockquote>\n<p>&#8220;DiBaX&#8221; tiek organiz\u0113ts sadarb\u012bb\u0101 ar NATO Sabiedroto transform\u0101cijas pav\u0113lniec\u012bbu, Aizsardz\u012bbas ministriju un Nacion\u0101lajiem bru\u0146otajiem sp\u0113kiem, LMT\u00a0piedaloties k\u0101 eksperimenta integratoram un nodro\u0161inot ar\u012b modern\u0101ko 5G izm\u0113\u0123in\u0101jumu testa vidi.<\/p>\n<p>Eksperimenta laik\u0101 no 27. oktobra l\u012bdz 7. novembrim Latvij\u0101, tostarp Latvijas\u2013Igaunijas pierobe\u017e\u0101, notiks pl\u0101noti da\u017e\u0101du veidu un izm\u0113ru bezpilota lidapar\u0101tu lidojumi. Iedz\u012bvot\u0101ji aicin\u0101ti neuztraukties, redzot bezpilota lidapar\u0101tus.<\/p>\n<p>                    Valodas k\u013c\u016bda rakst\u0101?<\/p>\n<p class=\"d-none d-md-block\">Iez\u012bm\u0113jiet tekstu un spiediet Ctrl+Enter, lai nos\u016bt\u012btu labojamo teksta fragmentu redaktoram! Par faktu k\u013c\u016bd\u0101m l\u016bdzam zi\u0146ot e-past\u0101 <a href=\"https:\/\/www.lsm.lv\/cdn-cgi\/l\/email-protection\" class=\"__cf_email__\" data-cfemail=\"94e6f1f0f5fff7fdfef5d4f8e7f9baf8e2\" rel=\"nofollow noopener\" target=\"_blank\">[email\u00a0protected]<\/a>.<\/p>\n<p class=\"d-md-none\">Iez\u012bm\u0113jiet tekstu un spiediet uz Zi\u0146ot par k\u013c\u016bdu pogas, lai nos\u016bt\u012btu labojamo teksta fragmentu redaktoram!<\/p>\n<p>\n                    Zi\u0146ot par k\u013c\u016bdu\n                <\/p>\n","protected":false},"excerpt":{"rendered":"No pirmdienas, 27. oktobra, l\u012bdz 7. novembrim milit\u0101raj\u0101 b\u0101z\u0113 &#8220;\u0100da\u017ei&#8221; un virtu\u0101li vair\u0101k\u0101s NATO dal\u012bbvalst\u012bs norisin\u0101sies l\u012bdz \u0161im&hellip;\n","protected":false},"author":2,"featured_media":32515,"comment_status":"","ping_status":"","sticky":false,"template":"","format":"standard","meta":{"footnotes":""},"categories":[5],"tags":[23,28,29,32,33,22,30,31,35,39,38,36,37,34,40,20,26,27,24,25,21],"class_list":{"0":"post-32514","1":"post","2":"type-post","3":"status-publish","4":"format-standard","5":"has-post-thumbnail","7":"category-aktualitates","8":"tag-aktualitates","9":"tag-breaking-news","10":"tag-breakingnews","11":"tag-featured-news","12":"tag-featurednews","13":"tag-headlines","14":"tag-latest-news","15":"tag-latestnews","16":"tag-latvia","17":"tag-latvian","18":"tag-latviesu","19":"tag-latviesu-valoda","20":"tag-latviesuvaloda","21":"tag-latvija","22":"tag-lv","23":"tag-news","24":"tag-popularakas-zinas","25":"tag-popularakaszinas","26":"tag-top-stories","27":"tag-topstories","28":"tag-zinas"},"share_on_mastodon":{"url":"https:\/\/pubeurope.com\/@lv\/115446070931655929","error":""},"_links":{"self":[{"href":"https:\/\/www.europesays.com\/lv\/wp-json\/wp\/v2\/posts\/32514","targetHints":{"allow":["GET"]}}],"collection":[{"href":"https:\/\/www.europesays.com\/lv\/wp-json\/wp\/v2\/posts"}],"about":[{"href":"https:\/\/www.europesays.com\/lv\/wp-json\/wp\/v2\/types\/post"}],"author":[{"embeddable":true,"href":"https:\/\/www.europesays.com\/lv\/wp-json\/wp\/v2\/users\/2"}],"replies":[{"embeddable":true,"href":"https:\/\/www.europesays.com\/lv\/wp-json\/wp\/v2\/comments?post=32514"}],"version-history":[{"count":0,"href":"https:\/\/www.europesays.com\/lv\/wp-json\/wp\/v2\/posts\/32514\/revisions"}],"wp:featuredmedia":[{"embeddable":true,"href":"https:\/\/www.europesays.com\/lv\/wp-json\/wp\/v2\/media\/32515"}],"wp:attachment":[{"href":"https:\/\/www.europesays.com\/lv\/wp-json\/wp\/v2\/media?parent=32514"}],"wp:term":[{"taxonomy":"category","embeddable":true,"href":"https:\/\/www.europesays.com\/lv\/wp-json\/wp\/v2\/categories?post=32514"},{"taxonomy":"post_tag","embeddable":true,"href":"https:\/\/www.europesays.com\/lv\/wp-json\/wp\/v2\/tags?post=32514"}],"curies":[{"name":"wp","href":"https:\/\/api.w.org\/{rel}","templated":true}]}}