{"id":32518,"date":"2025-10-27T12:18:13","date_gmt":"2025-10-27T12:18:13","guid":{"rendered":"https:\/\/www.europesays.com\/lv\/32518\/"},"modified":"2025-10-27T12:18:13","modified_gmt":"2025-10-27T12:18:13","slug":"godinati-labakie-latvijas-lauksaimnieki-pasniegtas-sejeja-2025-balvas-foto-jauns-lv","status":"publish","type":"post","link":"https:\/\/www.europesays.com\/lv\/32518\/","title":{"rendered":"Godin\u0101ti lab\u0101kie Latvijas lauksaimnieki: pasniegtas \u201cS\u0113j\u0113ja 2025\u201d balvas. FOTO &#8211; Jauns.lv"},"content":{"rendered":"<ol>\n<li><a href=\"https:\/\/news.google.com\/rss\/articles\/CBMiswFBVV95cUxPWHQ0S1Y1b0pwV1pIR2V1XzUzUy1jUmRkOFhvSHVKMmd4S3BDaEZCbzB3eEtXTHFFTjZBamxKcG5lbXBpQUY0TjV6RFgxY1llN3dpWExMU3JzQlFrYUNQdGZFMWJqUnBjWE1JMGgxNHFVRnJxN0llT3l5czdnM05MOXJBNXh6WDdPUERwc0dhV2JuUklNd1NGeF80VjI3ZHlDdG1RNDZ5dU5Hc3hUdWRVRzRDcw?oc=5\" target=\"_blank\" rel=\"nofollow noopener\">Godin\u0101ti lab\u0101kie Latvijas lauksaimnieki: pasniegtas \u201cS\u0113j\u0113ja 2025\u201d balvas. FOTO<\/a>&nbsp;&nbsp;Jauns.lv<\/li>\n<li><a href=\"https:\/\/news.google.com\/rss\/articles\/CBMizAFBVV95cUxNQWNpRXQ2VHVKZ24wbmJnSHd3ZXFMMkJUZFpRVDJneDJwM00yWlotWGtWU1pPSjNoZjhBODBXMXdIX1RETXJoS1lnVnZvb1FyZ3c4OWVKMkUzaUVWWmFoUEczcE1vSmNJQ0JYaG5oV0hGNFhZdDRXQ2NGQl83UjMtUWZnZEQyX3JIckJMSnVQV0xBN2s3eHg4R25jX19PSWNuWU5BR2VqN3lGNmdFbk1kTVZYcWhoMnlBU0pmQndlTGx4dE5iQzhfVXlsQmM?oc=5\" target=\"_blank\" rel=\"nofollow noopener\">Par m\u016b\u017ea ieguld\u012bjumu lauksaimniec\u012bb\u0101 apbalvota p\u0113tniece Dzidra Krei\u0161mane \/ Raksts<\/a>&nbsp;&nbsp;LSM<\/li>\n<li><a href=\"https:\/\/news.google.com\/rss\/articles\/CBMie0FVX3lxTE52cjJ6WTd2SFhHMmJ1RXRMY05OZ3NoYmlMREJkWXhzcWJmSHhvWkdqYkRPdlRKZ2gxLWhtODdCWVhGeHg3eUN6bno1aFQ2UWhsZ3VHREdKOC1UakxrbXFPTVBLSTZ6TDJGZlZVZEJTREp6YUQxUzIyYUpoMA?oc=5\" target=\"_blank\" rel=\"nofollow noopener\">\u00abS\u0113j\u0113js\u00bb balvas sa\u0146em ar\u012b novadnieki<\/a>&nbsp;&nbsp;Neatkar\u012bg\u0101s Tukuma Zi\u0146as<\/li>\n<li><a href=\"https:\/\/news.google.com\/rss\/articles\/CBMirgFBVV95cUxOTVN1MmxiSmd5MkVHZW5QUVRwOUlJQkVYd0pYVUY3QkFaME5HS3kxSzg1OGFZa3d1U1czTWJXN2Nhb3g0YTFFNXhndUoyWjY0THhqV0p2QWkyR0NEcFNZU2FJaEJFVGd4bmhDZlR2R3pXbnFQZFlTWjRoWWJTeHZKOVJ1WElmbmRrUDhSSkExM0xYdm1rVXJMdWhob0lrWFprLURqMVZTRGdBR1Y5YVE?oc=5\" target=\"_blank\" rel=\"nofollow noopener\">Apbalvoti Zemkop\u012bbas ministrijas konkursa \u201cS\u0113j\u0113js 2025\u201d laure\u0101ti<\/a>&nbsp;&nbsp;LV port\u0101ls<\/li>\n<li><a href=\"https:\/\/news.google.com\/rss\/articles\/CBMimgFBVV95cUxNYVU5dXhNNXhTYUUyVXFpeGQxVVZ0M2ZhcVJTRllYVzBzcXFFZDl0V2VDRE83OU5FczF1d0dhemtUa0tvME5maUNoMklfYk5HRE9ZT205UHJUSWxwM0pLVzczdnBkWXFjalZ5RmI0X1RZcHlnNDNFaDJRaS1fekphRkxFSGl5VXF5WTl1SXBiYlFlRGprM3IyM0Zn?oc=5\" target=\"_blank\" rel=\"nofollow noopener\">Apbalvos Zemkop\u012bbas ministrijas konkursa \u201cS\u0113j\u0113js 2025\u201d laure\u0101tus<\/a>&nbsp;&nbsp;Saimnieks LV<\/li>\n<\/ol>\n","protected":false},"excerpt":{"rendered":"Godin\u0101ti lab\u0101kie Latvijas lauksaimnieki: pasniegtas \u201cS\u0113j\u0113ja 2025\u201d balvas. FOTO&nbsp;&nbsp;Jauns.lv Par m\u016b\u017ea ieguld\u012bjumu lauksaimniec\u012bb\u0101 apbalvota p\u0113tniece Dzidra Krei\u0161mane \/&hellip;\n","protected":false},"author":2,"featured_media":32519,"comment_status":"","ping_status":"","sticky":false,"template":"","format":"standard","meta":{"footnotes":""},"categories":[5],"tags":[23,28,29,32,33,22,30,31,35,39,38,36,37,34,40,20,26,27,24,25,21],"class_list":{"0":"post-32518","1":"post","2":"type-post","3":"status-publish","4":"format-standard","5":"has-post-thumbnail","7":"category-aktualitates","8":"tag-aktualitates","9":"tag-breaking-news","10":"tag-breakingnews","11":"tag-featured-news","12":"tag-featurednews","13":"tag-headlines","14":"tag-latest-news","15":"tag-latestnews","16":"tag-latvia","17":"tag-latvian","18":"tag-latviesu","19":"tag-latviesu-valoda","20":"tag-latviesuvaloda","21":"tag-latvija","22":"tag-lv","23":"tag-news","24":"tag-popularakas-zinas","25":"tag-popularakaszinas","26":"tag-top-stories","27":"tag-topstories","28":"tag-zinas"},"share_on_mastodon":{"url":"https:\/\/pubeurope.com\/@lv\/115446094741647067","error":""},"_links":{"self":[{"href":"https:\/\/www.europesays.com\/lv\/wp-json\/wp\/v2\/posts\/32518","targetHints":{"allow":["GET"]}}],"collection":[{"href":"https:\/\/www.europesays.com\/lv\/wp-json\/wp\/v2\/posts"}],"about":[{"href":"https:\/\/www.europesays.com\/lv\/wp-json\/wp\/v2\/types\/post"}],"author":[{"embeddable":true,"href":"https:\/\/www.europesays.com\/lv\/wp-json\/wp\/v2\/users\/2"}],"replies":[{"embeddable":true,"href":"https:\/\/www.europesays.com\/lv\/wp-json\/wp\/v2\/comments?post=32518"}],"version-history":[{"count":0,"href":"https:\/\/www.europesays.com\/lv\/wp-json\/wp\/v2\/posts\/32518\/revisions"}],"wp:featuredmedia":[{"embeddable":true,"href":"https:\/\/www.europesays.com\/lv\/wp-json\/wp\/v2\/media\/32519"}],"wp:attachment":[{"href":"https:\/\/www.europesays.com\/lv\/wp-json\/wp\/v2\/media?parent=32518"}],"wp:term":[{"taxonomy":"category","embeddable":true,"href":"https:\/\/www.europesays.com\/lv\/wp-json\/wp\/v2\/categories?post=32518"},{"taxonomy":"post_tag","embeddable":true,"href":"https:\/\/www.europesays.com\/lv\/wp-json\/wp\/v2\/tags?post=32518"}],"curies":[{"name":"wp","href":"https:\/\/api.w.org\/{rel}","templated":true}]}}