{"id":32520,"date":"2025-10-27T12:19:10","date_gmt":"2025-10-27T12:19:10","guid":{"rendered":"https:\/\/www.europesays.com\/lv\/32520\/"},"modified":"2025-10-27T12:19:10","modified_gmt":"2025-10-27T12:19:10","slug":"andris-erglis-uzsak-jauna-albuma-stasts-koncertturi","status":"publish","type":"post","link":"https:\/\/www.europesays.com\/lv\/32520\/","title":{"rendered":"Andris \u0112rglis uzs\u0101k jaun\u0101 albuma &#8220;St\u0101sts&#8221; koncertt\u016bri"},"content":{"rendered":"<p>Koncerts LOC &#8220;Ro\u017eu z\u0101l\u0113&#8221; k\u013cuva par pirmo pieturvietu m\u0101kslinieka koncertt\u016brei, un daudzi klaus\u012bt\u0101ji izmantoja iesp\u0113ju pirmie ieg\u0101d\u0101ties jauno albumu CD form\u0101t\u0101.<\/p>\n<p>Pirmais t\u016bres koncerts Liep\u0101j\u0101 aizrit\u0113ja pacil\u0101t\u0101 un \u013coti sirsn\u012bg\u0101 gaisotn\u0113. Klaus\u012bt\u0101jiem bija iesp\u0113ja pirmajiem dz\u012bvaj\u0101 izpild\u012bjum\u0101 dzird\u0113t jaun\u0101 albuma kompoz\u012bcijas, k\u0101 ar\u012b dzied\u0101t l\u012bdzi Andra \u0112rg\u013ca liel\u0101kajiem hitiem, kas veidoti \u012bpa\u0161os aran\u017e\u0113jumos jaunajai koncertprogrammai.<\/p>\n<p><img decoding=\"async\" class=\"figure__image\" onclick=\"triggerEvent('articleImageClick', { id: 17243113, focus: 'single-image', focusIndex: '17243113' })\" onkeydown=\"if (event.key === 'Enter') {&#10;        triggerEvent('articleImageClick', { id: 17243113, focus: 'single-image', focusIndex: '17243113' })&#10;        }\" role=\"button\" tabindex=\"0\" data-focus-from=\"single-image\" data-focus-index=\"17243113\" src=\"https:\/\/www.europesays.com\/lv\/wp-content\/uploads\/2025\/10\/17243113t1h0821.jpg\" onload=\"this.parentElement.classList.remove('figure__image-loading')\" alt=\"Andra \u0112rg\u013ca koncerts Liep\u0101j\u0101.\"\/>Andra \u0112rg\u013ca koncerts Liep\u0101j\u0101. Foto: Publicit\u0101tes foto<\/p>\n<p>Vakara \u012bpa\u0161o noska\u0146u pal\u012bdz\u0113ja rad\u012bt profesion\u0101la m\u016bzi\u0137u komanda, k\u0101 ar\u012b \u012bpa\u0161ie viesi \u2013 harism\u0101tisk\u0101 dzied\u0101t\u0101ja Antra Stafecka un talant\u012bgais m\u016bzi\u0137is un daudzu albuma dziesmu tekstu autors M\u0101rti\u0146\u0161 Kanters.<\/p>\n<blockquote class=\"quote ck-widget\" contenteditable=\"false\">\n<p>&#8220;Esmu patiesi pacil\u0101ts un pateic\u012bgs,&#8221; saka <a href=\"https:\/\/sejas.tvnet.lv\/term\/557380\/andris-erglis\" class=\"topicLink\" target=\"_blank\" rel=\"nofollow noopener\">Andris \u0112rglis<\/a>. &#8220;S\u0101kt t\u016bri m\u0101j\u0101s, Liep\u0101j\u0101, ar tik siltu un sirdi sildo\u0161u uz\u0146em\u0161anu bija ma\u0123iski.<\/p>\n<\/blockquote>\n<p>\u0160ie bija \u012bsti jaun\u0101 albuma atkl\u0101\u0161anas sv\u0113tki. Redz\u0113t, ka cilv\u0113ki p\u0113c koncerta n\u0101k kl\u0101t, smaida un v\u0113las ieg\u0101d\u0101ties jauno CD, &#8211; tas ir liel\u0101kais gandar\u012bjums. Esmu lepns par savu komandu un viesiem, kas \u0161o st\u0101stu padar\u012bja dz\u012bvu.&#8221;<\/p>\n<p><img decoding=\"async\" class=\"figure__image\" onclick=\"triggerEvent('articleImageClick', { id: 17243116, focus: 'single-image', focusIndex: '17243116' })\" onkeydown=\"if (event.key === 'Enter') {&#10;        triggerEvent('articleImageClick', { id: 17243116, focus: 'single-image', focusIndex: '17243116' })&#10;        }\" role=\"button\" tabindex=\"0\" data-focus-from=\"single-image\" data-focus-index=\"17243116\" src=\"https:\/\/www.europesays.com\/lv\/wp-content\/uploads\/2025\/10\/17243116t1h021a.jpg\" onload=\"this.parentElement.classList.remove('figure__image-loading')\" alt=\"Andris \u0112rglis koncert\u0101 Liep\u0101j\u0101.\"\/>Andris \u0112rglis koncert\u0101 Liep\u0101j\u0101. Foto: Publicit\u0101tes foto<\/p>\n<p>Jaunais albums &#8220;St\u0101sts&#8221; \u0161obr\u012bd ir pieejams ieg\u0101dei koncertu norises viet\u0101s. Pl\u0101nots, ka tuv\u0101kaj\u0101 laik\u0101 tas non\u0101ks ar\u012b liel\u0101kaj\u0101s m\u016bzikas straum\u0113\u0161anas platform\u0101s.<\/p>\n<p><a href=\"https:\/\/sejas.tvnet.lv\/term\/686625\/koncertture\" class=\"topicLink\" target=\"_blank\" rel=\"nofollow noopener\">Koncertt\u016bre<\/a> &#8220;St\u0101sts&#8221; turpin\u0101sies, un n\u0101kamie koncerti gaid\u0101mi:<\/p>\n<p>\u25cf 30. novembr\u012b plkst. 15.00 \u2013 Vidzemes koncertz\u0101l\u0113 &#8220;C\u0113sis&#8221;,<\/p>\n<p>\u25cf 26. mart\u0101 plkst. 19.00 \u2013 Kult\u016bras centr\u0101 &#8220;Ulbrokas P\u0113rle&#8221;.<\/p>\n<p>Bi\u013cetes uz koncertiem pieejamas vis\u0101s &#8220;Bi\u013ce\u0161u Parad\u012bzes&#8221; kas\u0113s un interneta vietn\u0113 <a target=\"_blank\" rel=\"noopener noreferrer nofollow\" href=\"https:\/\/www.bilesuparadize.lv\/lv\/performance\/34572\">https:\/\/www.bilesuparadize.lv\/lv\/performance\/34572<\/a><\/p>\n","protected":false},"excerpt":{"rendered":"Koncerts LOC &#8220;Ro\u017eu z\u0101l\u0113&#8221; k\u013cuva par pirmo pieturvietu m\u0101kslinieka koncertt\u016brei, un daudzi klaus\u012bt\u0101ji izmantoja iesp\u0113ju pirmie ieg\u0101d\u0101ties jauno&hellip;\n","protected":false},"author":2,"featured_media":32521,"comment_status":"","ping_status":"","sticky":false,"template":"","format":"standard","meta":{"footnotes":""},"categories":[19],"tags":[1013,89,90,1316,35,39,38,36,37,34,40],"class_list":{"0":"post-32520","1":"post","2":"type-post","3":"status-publish","4":"format-standard","5":"has-post-thumbnail","7":"category-izklaide","8":"tag-andris-erglis","9":"tag-entertainment","10":"tag-izklaide","11":"tag-koncertture","12":"tag-latvia","13":"tag-latvian","14":"tag-latviesu","15":"tag-latviesu-valoda","16":"tag-latviesuvaloda","17":"tag-latvija","18":"tag-lv"},"share_on_mastodon":{"url":"https:\/\/pubeurope.com\/@lv\/115446098835415513","error":""},"_links":{"self":[{"href":"https:\/\/www.europesays.com\/lv\/wp-json\/wp\/v2\/posts\/32520","targetHints":{"allow":["GET"]}}],"collection":[{"href":"https:\/\/www.europesays.com\/lv\/wp-json\/wp\/v2\/posts"}],"about":[{"href":"https:\/\/www.europesays.com\/lv\/wp-json\/wp\/v2\/types\/post"}],"author":[{"embeddable":true,"href":"https:\/\/www.europesays.com\/lv\/wp-json\/wp\/v2\/users\/2"}],"replies":[{"embeddable":true,"href":"https:\/\/www.europesays.com\/lv\/wp-json\/wp\/v2\/comments?post=32520"}],"version-history":[{"count":0,"href":"https:\/\/www.europesays.com\/lv\/wp-json\/wp\/v2\/posts\/32520\/revisions"}],"wp:featuredmedia":[{"embeddable":true,"href":"https:\/\/www.europesays.com\/lv\/wp-json\/wp\/v2\/media\/32521"}],"wp:attachment":[{"href":"https:\/\/www.europesays.com\/lv\/wp-json\/wp\/v2\/media?parent=32520"}],"wp:term":[{"taxonomy":"category","embeddable":true,"href":"https:\/\/www.europesays.com\/lv\/wp-json\/wp\/v2\/categories?post=32520"},{"taxonomy":"post_tag","embeddable":true,"href":"https:\/\/www.europesays.com\/lv\/wp-json\/wp\/v2\/tags?post=32520"}],"curies":[{"name":"wp","href":"https:\/\/api.w.org\/{rel}","templated":true}]}}